{"id":1027,"date":"2015-10-29T09:00:52","date_gmt":"2015-10-29T08:00:52","guid":{"rendered":"https:\/\/www.intesys.it\/journal\/?p=1027"},"modified":"2022-02-28T15:06:18","modified_gmt":"2022-02-28T14:06:18","slug":"ecommerce-visione-strategica-e-competenze-digital-sempre-piu-richieste","status":"publish","type":"post","link":"https:\/\/www.intesys.it\/journal\/marketing-e-commerce\/ecommerce-visione-strategica-e-competenze-digital-sempre-piu-richieste\/","title":{"rendered":"E-commerce: visione strategica e competenze digital sempre pi\u00f9 richieste"},"content":{"rendered":"<p><\/p><p>Sono stati ufficializzati dall\u2019<a href=\"http:\/\/www.osservatori.net\/ecommerce_b2c\" target=\"_blank\" rel=\"noopener\">Osservatorio E-commerce B2C<\/a> del Politecnico di Milano i nuovi dati sull\u2019<strong>E-commerce 2015<\/strong> e, come ci si poteva aspettare, viene <strong>confermata una crescita costante del settore<\/strong>: nel 2015 il valore degli acquisti E-commerce in Italia sale a <strong>16.611 Mln di euro<\/strong> segnando un <strong>+16% rispetto al 2014<\/strong>. Una crescita a due cifre abbastanza regolare nel tempo che fa pensare ad un futuro roseo per l\u2019E-commerce, almeno per i prossimi 3-5 anni.<\/p>\n<p>Viene confermato il <strong>crescente utilizzo di smartphone e tablet<\/strong> negli acquisti online (21% del totale degli acquisti) e l\u2019abituale<strong> predominanza della vendita di servizi<\/strong> (Turismo, Assicurazioni, ecc.) rispetto alla vendita di prodotti (Abbigliamento, Food, Beauty, ecc.). Tuttavia il divario nel corso degli anni sta diminuendo. Particolarmente vivaci risultano i <strong>settori dell\u2019Abbigliamento e del Food&amp;Grocery<\/strong> con rispettivamente un +19% e un + 15% rispetto al 2014.<\/p>\n<p>L\u2019analisi evidenzia poi un dato interessante che ci dovrebbe far riflettere: in Italia il commercio online presenta un tasso di penetrazione del 4% sul totale retail:&nbsp;<strong>una percentuale ancora bassa<\/strong> se confrontata con altri stati (Inghilterra 17%, Giappone 13%, Corea del Sud 15%, USA 13%, Germania 11%). Tuttavia siamo una delle nazioni in cui <strong>il tasso di crescita della domanda E-commerce \u00e8 pi\u00f9 elevata<\/strong> (+17%) e questo fa ben sperare.<\/p>\n<p>Potrei continuare ad illustrare i dati della ricerca, tuttavia ritengo importante focalizzare il post su due elementi che oggi risultano essere determinanti per un E-commerce di successo. Mi riferisco in modo particolare a:<\/p>\n<ol>\n<li>Nuovi paradigmi dell\u2019<strong>offerta online.<\/strong><\/li>\n<li>L\u2019evoluzione dell\u2019<strong>esperienza di acquisto.<\/strong><\/li>\n<\/ol>\n<p>Con riferimento al primo punto il convegno ha posto l\u2019attenzione sull\u2019importanza crescente degli <strong>aggregatori<\/strong>, ossia operatori che sono<strong> in grado di accorpare un\u2019offerta<\/strong> tipicamente molto frammentata (marketplace, flash sales, siti di couponing, ecc.). Dagli aggregatori nel 2015 arriva il 37% delle vendite E-commerce. Inutile dire che rappresenta un dato pesante, che gli attori presenti al convegno hanno evidenziato in vari modi: chi ritiene che oggi un E-commerce <strong>non possa prescindere da questo canale<\/strong> aggiuntivo di vendita, che rappresenta quindi una <strong>diversificazione dell\u2019offerta;<\/strong>&nbsp;chi sostiene che i siti di commercio online per alcuni clienti stiano addirittura diventando delle&nbsp;<strong>repository di contenuti<\/strong> da diffondere sugli aggregatori; chi sottolinea come l\u2019uso degli aggregatori possa rappresentare una palestra interessante, o addirittura raffigurare <strong>un nuovo business model<\/strong> per le aziende tradizionali.<\/p>\n<p>Circa il secondo punto (evoluzione dell&#8217;esperienza d&#8217;acquisto), dobbiamo distinguere tra <strong>elementi funzionali<\/strong> ed <strong>esperienziali<\/strong>: i primi relativi alle funzionalit\u00e0 offerte dal sito, i secondi pi\u00f9 rivolti alla marca, al brand, allo storytelling. Tutti i relatori hanno confermato come determinanti per il <a href=\"https:\/\/www.intesys.it\/soluzioni\/piattaforma-e-commerce-b2b2c-di-prodotto\/\" target=\"_blank\" rel=\"noopener\">successo di un E-commerce<\/a> gli stessi <strong>valori ed elementi<\/strong> che noi di Intesys cerchiamo di comunicare ai nostri clienti:<\/p>\n<ol>\n<li>L\u2019importanza di saper<strong> raccontare un brand<\/strong> (a maggior ragione per il prodotto \u201cMade in Italy\u201d).<\/li>\n<li>Il <strong>valore dei servizi offerti<\/strong> per fidelizzare la clientela.<\/li>\n<li>La rilevanza della <strong>customer experience.<\/strong><\/li>\n<li>Il ruolo delle <strong>attivit\u00e0 di <a href=\"https:\/\/www.intesys.it\/digital-marketing\/\" target=\"_blank\" rel=\"noopener\">marketing<\/a><\/strong> (a partire dall\u2019analisi dei dati per arrivare alla strutturazione delle campagne digital).<\/li>\n<li>La funzione strategica della <strong>supply chain<\/strong> e del <strong>customer service<\/strong>.<\/li>\n<\/ol>\n<p>Gi\u00e0 questi punti bastano per riportarci al titolo di questo post: l\u2019E-commerce oggi <strong>non \u00e8 un problema di piattaforma<\/strong> o di struttura ma di competenze, professionalit\u00e0 e visione strategica. Dal \u201cmio osservatorio privilegiato\u201d di consulente per lo sviluppo di progetti E-commerce posso certamente sostenere che oggi &#8211; molto spesso, anche se non sempre \u2013 le aziende <strong>sottovalutano l\u2019impatto<\/strong> e le implicazioni del commercio elettronico.<\/p>\n<p>Lo scenario che si verifica \u00e8 normalmente il seguente: grandi aspettative a cui non corrispondono i risultati attesi, con conseguente disillusione dell\u2019imprenditore.<\/p>\n<p>Mai come oggi quindi l\u2019E-commerce deve essere considerato un<strong> progetto strategico<\/strong> che richiede un&#8217;approfondita analisi e una strutturazione complessa; non solo, richiede anche <strong>investimenti importanti di marketing e comunicazione<\/strong>.<\/p>\n<p>Discorso a parte ma complementare riguarda infine le<strong> risorse umane<\/strong> solitamente dedicate alla gestione dell\u2019E-commerce: sono richieste <strong>professionalit\u00e0 e competenza<\/strong> non solo per saper gestire i vari aspetti di un commercio elettronico (ricordiamo che il digital ha le sue logiche) ma soprattutto per cogliere <strong>innovazioni tecnologiche e potenziali opportunit\u00e0<\/strong>.<\/p>\n","protected":false},"excerpt":{"rendered":"<p>Sono stati ufficializzati dall\u2019Osservatorio E-commerce B2C del Politecnico di Milano i nuovi dati sull\u2019E-commerce 2015 e, come ci si poteva aspettare, viene confermata una crescita costante del settore. Oggi le complessit\u00e0 non sono di piattaforma o di struttura ma di competenze, professionalit\u00e0 e visione strategica.<\/p>\n","protected":false},"author":53,"featured_media":1046,"comment_status":"closed","ping_status":"closed","sticky":false,"template":"","format":"standard","meta":{"_acf_changed":false,"inline_featured_image":false,"footnotes":""},"categories":[26],"tags":[248,255,276],"class_list":{"0":"post-1027","1":"post","2":"type-post","3":"status-publish","4":"format-standard","5":"has-post-thumbnail","7":"category-marketing-e-commerce","8":"tag-digital-marketing","9":"tag-digital-strategy","10":"tag-e-commerce"},"acf":[],"yoast_head":"<!-- This site is optimized with the Yoast SEO plugin v25.8 - https:\/\/yoast.com\/wordpress\/plugins\/seo\/ -->\n<title>E-commerce: visione strategica e competenze digital sempre pi\u00f9 richieste<\/title>\n<meta name=\"description\" content=\"Il settore dell&#039; E-commerce \u00e8 in crescita. Le complessit\u00e0 non sono di piattaforma o di struttura ma di competenze, professionalit\u00e0 e visione strategica.\" \/>\n<meta name=\"robots\" content=\"index, follow, max-snippet:-1, max-image-preview:large, max-video-preview:-1\" \/>\n<link rel=\"canonical\" href=\"https:\/\/www.intesys.it\/journal\/marketing-e-commerce\/ecommerce-visione-strategica-e-competenze-digital-sempre-piu-richieste\/\" \/>\n<meta property=\"og:locale\" content=\"it_IT\" \/>\n<meta property=\"og:type\" content=\"article\" \/>\n<meta property=\"og:title\" content=\"E-commerce: visione strategica e competenze digital sempre pi\u00f9 richieste\" \/>\n<meta property=\"og:description\" content=\"Il settore dell&#039; E-commerce \u00e8 in crescita. Le complessit\u00e0 non sono di piattaforma o di struttura ma di competenze, professionalit\u00e0 e visione strategica.\" \/>\n<meta property=\"og:url\" content=\"https:\/\/www.intesys.it\/journal\/marketing-e-commerce\/ecommerce-visione-strategica-e-competenze-digital-sempre-piu-richieste\/\" \/>\n<meta property=\"og:site_name\" content=\"Intesys Journal\" \/>\n<meta property=\"article:published_time\" content=\"2015-10-29T08:00:52+00:00\" \/>\n<meta property=\"article:modified_time\" content=\"2022-02-28T14:06:18+00:00\" \/>\n<meta property=\"og:image\" content=\"https:\/\/www.intesys.it\/journal\/wp-content\/uploads\/sites\/13\/2015\/10\/e-commerce-visione-strategica.jpg\" \/>\n\t<meta property=\"og:image:width\" content=\"1280\" \/>\n\t<meta property=\"og:image:height\" content=\"960\" \/>\n\t<meta property=\"og:image:type\" content=\"image\/jpeg\" \/>\n<meta name=\"author\" content=\"Andrea Menegotto\" \/>\n<meta name=\"twitter:card\" content=\"summary_large_image\" \/>\n<meta name=\"twitter:label1\" content=\"Scritto da\" \/>\n\t<meta name=\"twitter:data1\" content=\"Andrea Menegotto\" \/>\n\t<meta name=\"twitter:label2\" content=\"Tempo di lettura stimato\" \/>\n\t<meta name=\"twitter:data2\" content=\"4 minuti\" \/>\n<script type=\"application\/ld+json\" class=\"yoast-schema-graph\">{\"@context\":\"https:\/\/schema.org\",\"@graph\":[{\"@type\":\"WebPage\",\"@id\":\"https:\/\/www.intesys.it\/journal\/marketing-e-commerce\/ecommerce-visione-strategica-e-competenze-digital-sempre-piu-richieste\/\",\"url\":\"https:\/\/www.intesys.it\/journal\/marketing-e-commerce\/ecommerce-visione-strategica-e-competenze-digital-sempre-piu-richieste\/\",\"name\":\"E-commerce: visione strategica e competenze digital sempre pi\u00f9 richieste\",\"isPartOf\":{\"@id\":\"https:\/\/www.intesys.it\/journal\/#website\"},\"primaryImageOfPage\":{\"@id\":\"https:\/\/www.intesys.it\/journal\/marketing-e-commerce\/ecommerce-visione-strategica-e-competenze-digital-sempre-piu-richieste\/#primaryimage\"},\"image\":{\"@id\":\"https:\/\/www.intesys.it\/journal\/marketing-e-commerce\/ecommerce-visione-strategica-e-competenze-digital-sempre-piu-richieste\/#primaryimage\"},\"thumbnailUrl\":\"https:\/\/www.intesys.it\/journal\/wp-content\/uploads\/sites\/13\/2015\/10\/e-commerce-visione-strategica.jpg\",\"datePublished\":\"2015-10-29T08:00:52+00:00\",\"dateModified\":\"2022-02-28T14:06:18+00:00\",\"author\":{\"@id\":\"https:\/\/www.intesys.it\/journal\/#\/schema\/person\/1bdff4bca313d012d514df5b75c732a5\"},\"description\":\"Il settore dell' E-commerce \u00e8 in crescita. Le complessit\u00e0 non sono di piattaforma o di struttura ma di competenze, professionalit\u00e0 e visione strategica.\",\"breadcrumb\":{\"@id\":\"https:\/\/www.intesys.it\/journal\/marketing-e-commerce\/ecommerce-visione-strategica-e-competenze-digital-sempre-piu-richieste\/#breadcrumb\"},\"inLanguage\":\"it-IT\",\"potentialAction\":[{\"@type\":\"ReadAction\",\"target\":[\"https:\/\/www.intesys.it\/journal\/marketing-e-commerce\/ecommerce-visione-strategica-e-competenze-digital-sempre-piu-richieste\/\"]}]},{\"@type\":\"ImageObject\",\"inLanguage\":\"it-IT\",\"@id\":\"https:\/\/www.intesys.it\/journal\/marketing-e-commerce\/ecommerce-visione-strategica-e-competenze-digital-sempre-piu-richieste\/#primaryimage\",\"url\":\"https:\/\/www.intesys.it\/journal\/wp-content\/uploads\/sites\/13\/2015\/10\/e-commerce-visione-strategica.jpg\",\"contentUrl\":\"https:\/\/www.intesys.it\/journal\/wp-content\/uploads\/sites\/13\/2015\/10\/e-commerce-visione-strategica.jpg\",\"width\":1280,\"height\":960},{\"@type\":\"BreadcrumbList\",\"@id\":\"https:\/\/www.intesys.it\/journal\/marketing-e-commerce\/ecommerce-visione-strategica-e-competenze-digital-sempre-piu-richieste\/#breadcrumb\",\"itemListElement\":[{\"@type\":\"ListItem\",\"position\":1,\"name\":\"Home\",\"item\":\"https:\/\/www.intesys.it\/journal\/\"},{\"@type\":\"ListItem\",\"position\":2,\"name\":\"E-commerce: visione strategica e competenze digital sempre pi\u00f9 richieste\"}]},{\"@type\":\"WebSite\",\"@id\":\"https:\/\/www.intesys.it\/journal\/#website\",\"url\":\"https:\/\/www.intesys.it\/journal\/\",\"name\":\"Intesys\",\"description\":\"Ogni settimana nuovi articoli dedicati al mondo della trasformazione digitale!\",\"potentialAction\":[{\"@type\":\"SearchAction\",\"target\":{\"@type\":\"EntryPoint\",\"urlTemplate\":\"https:\/\/www.intesys.it\/journal\/?s={search_term_string}\"},\"query-input\":{\"@type\":\"PropertyValueSpecification\",\"valueRequired\":true,\"valueName\":\"search_term_string\"}}],\"inLanguage\":\"it-IT\"},{\"@type\":\"Person\",\"@id\":\"https:\/\/www.intesys.it\/journal\/#\/schema\/person\/1bdff4bca313d012d514df5b75c732a5\",\"name\":\"Andrea Menegotto\",\"image\":{\"@type\":\"ImageObject\",\"inLanguage\":\"it-IT\",\"@id\":\"https:\/\/www.intesys.it\/journal\/#\/schema\/person\/image\/\",\"url\":\"https:\/\/secure.gravatar.com\/avatar\/6849a3daa04fa1031d1c5d6b6a315c992c0c3861abfcc641510e4a1fbfc6144b?s=96&d=mm&r=g\",\"contentUrl\":\"https:\/\/secure.gravatar.com\/avatar\/6849a3daa04fa1031d1c5d6b6a315c992c0c3861abfcc641510e4a1fbfc6144b?s=96&d=mm&r=g\",\"caption\":\"Andrea Menegotto\"},\"url\":\"https:\/\/www.intesys.it\/journal\/autore\/andrea-menegotto\/\"}]}<\/script>\n<!-- \/ Yoast SEO plugin. -->","yoast_head_json":{"title":"E-commerce: visione strategica e competenze digital sempre pi\u00f9 richieste","description":"Il settore dell' E-commerce \u00e8 in crescita. Le complessit\u00e0 non sono di piattaforma o di struttura ma di competenze, professionalit\u00e0 e visione strategica.","robots":{"index":"index","follow":"follow","max-snippet":"max-snippet:-1","max-image-preview":"max-image-preview:large","max-video-preview":"max-video-preview:-1"},"canonical":"https:\/\/www.intesys.it\/journal\/marketing-e-commerce\/ecommerce-visione-strategica-e-competenze-digital-sempre-piu-richieste\/","og_locale":"it_IT","og_type":"article","og_title":"E-commerce: visione strategica e competenze digital sempre pi\u00f9 richieste","og_description":"Il settore dell' E-commerce \u00e8 in crescita. Le complessit\u00e0 non sono di piattaforma o di struttura ma di competenze, professionalit\u00e0 e visione strategica.","og_url":"https:\/\/www.intesys.it\/journal\/marketing-e-commerce\/ecommerce-visione-strategica-e-competenze-digital-sempre-piu-richieste\/","og_site_name":"Intesys Journal","article_published_time":"2015-10-29T08:00:52+00:00","article_modified_time":"2022-02-28T14:06:18+00:00","og_image":[{"width":1280,"height":960,"url":"https:\/\/www.intesys.it\/journal\/wp-content\/uploads\/sites\/13\/2015\/10\/e-commerce-visione-strategica.jpg","type":"image\/jpeg"}],"author":"Andrea Menegotto","twitter_card":"summary_large_image","twitter_misc":{"Scritto da":"Andrea Menegotto","Tempo di lettura stimato":"4 minuti"},"schema":{"@context":"https:\/\/schema.org","@graph":[{"@type":"WebPage","@id":"https:\/\/www.intesys.it\/journal\/marketing-e-commerce\/ecommerce-visione-strategica-e-competenze-digital-sempre-piu-richieste\/","url":"https:\/\/www.intesys.it\/journal\/marketing-e-commerce\/ecommerce-visione-strategica-e-competenze-digital-sempre-piu-richieste\/","name":"E-commerce: visione strategica e competenze digital sempre pi\u00f9 richieste","isPartOf":{"@id":"https:\/\/www.intesys.it\/journal\/#website"},"primaryImageOfPage":{"@id":"https:\/\/www.intesys.it\/journal\/marketing-e-commerce\/ecommerce-visione-strategica-e-competenze-digital-sempre-piu-richieste\/#primaryimage"},"image":{"@id":"https:\/\/www.intesys.it\/journal\/marketing-e-commerce\/ecommerce-visione-strategica-e-competenze-digital-sempre-piu-richieste\/#primaryimage"},"thumbnailUrl":"https:\/\/www.intesys.it\/journal\/wp-content\/uploads\/sites\/13\/2015\/10\/e-commerce-visione-strategica.jpg","datePublished":"2015-10-29T08:00:52+00:00","dateModified":"2022-02-28T14:06:18+00:00","author":{"@id":"https:\/\/www.intesys.it\/journal\/#\/schema\/person\/1bdff4bca313d012d514df5b75c732a5"},"description":"Il settore dell' E-commerce \u00e8 in crescita. Le complessit\u00e0 non sono di piattaforma o di struttura ma di competenze, professionalit\u00e0 e visione strategica.","breadcrumb":{"@id":"https:\/\/www.intesys.it\/journal\/marketing-e-commerce\/ecommerce-visione-strategica-e-competenze-digital-sempre-piu-richieste\/#breadcrumb"},"inLanguage":"it-IT","potentialAction":[{"@type":"ReadAction","target":["https:\/\/www.intesys.it\/journal\/marketing-e-commerce\/ecommerce-visione-strategica-e-competenze-digital-sempre-piu-richieste\/"]}]},{"@type":"ImageObject","inLanguage":"it-IT","@id":"https:\/\/www.intesys.it\/journal\/marketing-e-commerce\/ecommerce-visione-strategica-e-competenze-digital-sempre-piu-richieste\/#primaryimage","url":"https:\/\/www.intesys.it\/journal\/wp-content\/uploads\/sites\/13\/2015\/10\/e-commerce-visione-strategica.jpg","contentUrl":"https:\/\/www.intesys.it\/journal\/wp-content\/uploads\/sites\/13\/2015\/10\/e-commerce-visione-strategica.jpg","width":1280,"height":960},{"@type":"BreadcrumbList","@id":"https:\/\/www.intesys.it\/journal\/marketing-e-commerce\/ecommerce-visione-strategica-e-competenze-digital-sempre-piu-richieste\/#breadcrumb","itemListElement":[{"@type":"ListItem","position":1,"name":"Home","item":"https:\/\/www.intesys.it\/journal\/"},{"@type":"ListItem","position":2,"name":"E-commerce: visione strategica e competenze digital sempre pi\u00f9 richieste"}]},{"@type":"WebSite","@id":"https:\/\/www.intesys.it\/journal\/#website","url":"https:\/\/www.intesys.it\/journal\/","name":"Intesys","description":"Ogni settimana nuovi articoli dedicati al mondo della trasformazione digitale!","potentialAction":[{"@type":"SearchAction","target":{"@type":"EntryPoint","urlTemplate":"https:\/\/www.intesys.it\/journal\/?s={search_term_string}"},"query-input":{"@type":"PropertyValueSpecification","valueRequired":true,"valueName":"search_term_string"}}],"inLanguage":"it-IT"},{"@type":"Person","@id":"https:\/\/www.intesys.it\/journal\/#\/schema\/person\/1bdff4bca313d012d514df5b75c732a5","name":"Andrea Menegotto","image":{"@type":"ImageObject","inLanguage":"it-IT","@id":"https:\/\/www.intesys.it\/journal\/#\/schema\/person\/image\/","url":"https:\/\/secure.gravatar.com\/avatar\/6849a3daa04fa1031d1c5d6b6a315c992c0c3861abfcc641510e4a1fbfc6144b?s=96&d=mm&r=g","contentUrl":"https:\/\/secure.gravatar.com\/avatar\/6849a3daa04fa1031d1c5d6b6a315c992c0c3861abfcc641510e4a1fbfc6144b?s=96&d=mm&r=g","caption":"Andrea Menegotto"},"url":"https:\/\/www.intesys.it\/journal\/autore\/andrea-menegotto\/"}]}},"_links":{"self":[{"href":"https:\/\/www.intesys.it\/journal\/wp-json\/wp\/v2\/posts\/1027","targetHints":{"allow":["GET"]}}],"collection":[{"href":"https:\/\/www.intesys.it\/journal\/wp-json\/wp\/v2\/posts"}],"about":[{"href":"https:\/\/www.intesys.it\/journal\/wp-json\/wp\/v2\/types\/post"}],"author":[{"embeddable":true,"href":"https:\/\/www.intesys.it\/journal\/wp-json\/wp\/v2\/users\/53"}],"replies":[{"embeddable":true,"href":"https:\/\/www.intesys.it\/journal\/wp-json\/wp\/v2\/comments?post=1027"}],"version-history":[{"count":1,"href":"https:\/\/www.intesys.it\/journal\/wp-json\/wp\/v2\/posts\/1027\/revisions"}],"predecessor-version":[{"id":9709,"href":"https:\/\/www.intesys.it\/journal\/wp-json\/wp\/v2\/posts\/1027\/revisions\/9709"}],"wp:featuredmedia":[{"embeddable":true,"href":"https:\/\/www.intesys.it\/journal\/wp-json\/wp\/v2\/media\/1046"}],"wp:attachment":[{"href":"https:\/\/www.intesys.it\/journal\/wp-json\/wp\/v2\/media?parent=1027"}],"wp:term":[{"taxonomy":"category","embeddable":true,"href":"https:\/\/www.intesys.it\/journal\/wp-json\/wp\/v2\/categories?post=1027"},{"taxonomy":"post_tag","embeddable":true,"href":"https:\/\/www.intesys.it\/journal\/wp-json\/wp\/v2\/tags?post=1027"}],"curies":[{"name":"wp","href":"https:\/\/api.w.org\/{rel}","templated":true}]}}