{"id":10786,"date":"2022-05-25T15:08:37","date_gmt":"2022-05-25T13:08:37","guid":{"rendered":"https:\/\/www.intesys.it\/journal\/?p=10786"},"modified":"2024-12-03T10:02:50","modified_gmt":"2024-12-03T09:02:50","slug":"gestione-it-perche-vitale-per-azienda","status":"publish","type":"post","link":"https:\/\/www.intesys.it\/journal\/information-technology\/gestione-it-perche-vitale-per-azienda\/","title":{"rendered":"Gestione IT, perch\u00e9 \u00e8 vitale per l\u2019azienda?"},"content":{"rendered":"<p><div id='wpig-contents' class='wpig-contents wpig-number-list wpig-no-hierarachy wpig-sidebar-widget wpig-style-1'><span class='wpig-headline'>Indice dei contenuti<\/span><!-- Table of Contents --><div id='wpig-table-of-content' class='wpig-table-of-content' ><ol><li class='stoc-il-ruolo-dellit-nella-corsa-alla-digitalizzazione'><a href='#stoc-il-ruolo-dellit-nella-corsa-alla-digitalizzazione'>Il ruolo dell\u2019IT nella corsa alla digitalizzazione<\/a><\/li><li class='stoc-non-tutte-le-imprese-sono-pronte-perche'><a href='#stoc-non-tutte-le-imprese-sono-pronte-perche'>Non tutte le imprese sono pronte: perch\u00e9?<\/a><\/li><li class='stoc-il-costo-molto-salato-di-un-it-management-approssimativo'><a href='#stoc-il-costo-molto-salato-di-un-it-management-approssimativo'>Il costo (molto salato) di un IT management approssimativo<\/a><\/li><li class='stoc-diverse-strade-ma-una-sola-certezza-lit-va-gestito'><a href='#stoc-diverse-strade-ma-una-sola-certezza-lit-va-gestito'>Diverse strade ma una sola certezza: l\u2019IT va gestito<\/a><\/li><\/ol><\/div><!-- END OF Table of Contents --><\/div><\/p>[vc_row type=&#8221;in_container&#8221; full_screen_row_position=&#8221;middle&#8221; column_margin=&#8221;default&#8221; column_direction=&#8221;default&#8221; column_direction_tablet=&#8221;default&#8221; column_direction_phone=&#8221;default&#8221; scene_position=&#8221;center&#8221; text_color=&#8221;dark&#8221; text_align=&#8221;left&#8221; row_border_radius=&#8221;none&#8221; row_border_radius_applies=&#8221;bg&#8221; overflow=&#8221;visible&#8221; overlay_strength=&#8221;0.3&#8243; gradient_direction=&#8221;left_to_right&#8221; shape_divider_position=&#8221;bottom&#8221; bg_image_animation=&#8221;none&#8221;][vc_column column_padding=&#8221;no-extra-padding&#8221; column_padding_tablet=&#8221;inherit&#8221; column_padding_phone=&#8221;inherit&#8221; column_padding_position=&#8221;all&#8221; column_element_direction_desktop=&#8221;default&#8221; column_element_spacing=&#8221;default&#8221; desktop_text_alignment=&#8221;default&#8221; tablet_text_alignment=&#8221;default&#8221; phone_text_alignment=&#8221;default&#8221; background_color_opacity=&#8221;1&#8243; background_hover_color_opacity=&#8221;1&#8243; column_backdrop_filter=&#8221;none&#8221; column_shadow=&#8221;none&#8221; column_border_radius=&#8221;none&#8221; column_link_target=&#8221;_self&#8221; column_position=&#8221;default&#8221; gradient_direction=&#8221;left_to_right&#8221; overlay_strength=&#8221;0.3&#8243; width=&#8221;1\/1&#8243; tablet_width_inherit=&#8221;default&#8221; animation_type=&#8221;default&#8221; bg_image_animation=&#8221;none&#8221; border_type=&#8221;simple&#8221; column_border_width=&#8221;none&#8221; column_border_style=&#8221;solid&#8221;][vc_column_text]\n<h4>Il successo di qualsiasi impresa dipende in buona parte dal motore tecnologico che la alimenta. I PC, i dispositivi mobile, le reti, i dati, i server, gli applicativi e i<a href=\"https:\/\/www.inetworking.it\/unified-communication-collaboration\/\" target=\"_blank\" rel=\"noopener\"> sistemi di comunicazione aziendale<\/a> creano infatti una piattaforma sinergica su cui poggia il business aziendale, indipendentemente dalle dimensioni dell\u2019organizzazione e dal mercato in cui opera.<br \/>\nLa gestione IT va ad assumere un ruolo strategico per acquisire e mantenere competitivit\u00e0 e resilienza sul mercato: capiamo insieme perch\u00e9 e quali sono i rischi di un IT management inefficiente.<\/h4>\n[\/vc_column_text][\/vc_column][\/vc_row][vc_row type=&#8221;in_container&#8221; full_screen_row_position=&#8221;middle&#8221; column_margin=&#8221;default&#8221; column_direction=&#8221;default&#8221; column_direction_tablet=&#8221;default&#8221; column_direction_phone=&#8221;default&#8221; bg_image=&#8221;10995&#8243; bg_position=&#8221;left center&#8221; background_image_loading=&#8221;default&#8221; bg_repeat=&#8221;no-repeat&#8221; scene_position=&#8221;center&#8221; text_color=&#8221;light&#8221; text_align=&#8221;left&#8221; row_border_radius=&#8221;none&#8221; row_border_radius_applies=&#8221;bg&#8221; overflow=&#8221;visible&#8221; color_overlay=&#8221;#000000&#8243; advanced_gradient_angle=&#8221;0&#8243; overlay_strength=&#8221;0.5&#8243; gradient_direction=&#8221;left_to_right&#8221; shape_divider_position=&#8221;bottom&#8221; bg_image_animation=&#8221;none&#8221; gradient_type=&#8221;default&#8221; shape_type=&#8221;&#8221;][vc_column column_padding=&#8221;padding-4-percent&#8221; column_padding_tablet=&#8221;inherit&#8221; column_padding_phone=&#8221;padding-5-percent&#8221; column_padding_position=&#8221;all&#8221; column_element_direction_desktop=&#8221;default&#8221; column_element_spacing=&#8221;default&#8221; desktop_text_alignment=&#8221;default&#8221; tablet_text_alignment=&#8221;default&#8221; phone_text_alignment=&#8221;default&#8221; background_color_opacity=&#8221;1&#8243; background_hover_color_opacity=&#8221;1&#8243; column_backdrop_filter=&#8221;none&#8221; column_shadow=&#8221;none&#8221; column_border_radius=&#8221;none&#8221; column_link_target=&#8221;_self&#8221; column_position=&#8221;default&#8221; advanced_gradient_angle=&#8221;0&#8243; gradient_direction=&#8221;left_to_right&#8221; overlay_strength=&#8221;0.3&#8243; width=&#8221;1\/1&#8243; tablet_width_inherit=&#8221;default&#8221; animation_type=&#8221;default&#8221; bg_image_animation=&#8221;none&#8221; border_type=&#8221;simple&#8221; column_border_width=&#8221;none&#8221; column_border_style=&#8221;solid&#8221; gradient_type=&#8221;default&#8221;][vc_row_inner column_margin=&#8221;default&#8221; column_direction=&#8221;default&#8221; column_direction_tablet=&#8221;default&#8221; column_direction_phone=&#8221;default&#8221; text_align=&#8221;left&#8221; row_position=&#8221;default&#8221; row_position_tablet=&#8221;inherit&#8221; row_position_phone=&#8221;inherit&#8221; overflow=&#8221;visible&#8221; pointer_events=&#8221;all&#8221;][vc_column_inner column_padding=&#8221;no-extra-padding&#8221; column_padding_tablet=&#8221;inherit&#8221; column_padding_phone=&#8221;inherit&#8221; column_padding_position=&#8221;all&#8221; column_element_direction_desktop=&#8221;default&#8221; column_element_spacing=&#8221;default&#8221; desktop_text_alignment=&#8221;default&#8221; tablet_text_alignment=&#8221;default&#8221; phone_text_alignment=&#8221;default&#8221; background_color_opacity=&#8221;1&#8243; background_hover_color_opacity=&#8221;1&#8243; column_backdrop_filter=&#8221;none&#8221; column_shadow=&#8221;none&#8221; column_border_radius=&#8221;none&#8221; column_link_target=&#8221;_self&#8221; overflow=&#8221;visible&#8221; gradient_direction=&#8221;left_to_right&#8221; overlay_strength=&#8221;0.3&#8243; width=&#8221;1\/6&#8243; tablet_width_inherit=&#8221;default&#8221; animation_type=&#8221;default&#8221; bg_image_animation=&#8221;none&#8221; border_type=&#8221;simple&#8221; column_border_width=&#8221;none&#8221; column_border_style=&#8221;solid&#8221;][image_with_animation image_url=&#8221;10996&#8243; image_size=&#8221;full&#8221; animation_type=&#8221;entrance&#8221; animation=&#8221;None&#8221; animation_movement_type=&#8221;transform_y&#8221; hover_animation=&#8221;none&#8221; alignment=&#8221;&#8221; border_radius=&#8221;none&#8221; box_shadow=&#8221;none&#8221; image_loading=&#8221;default&#8221; max_width=&#8221;custom&#8221; max_width_custom=&#8221;40%&#8221; max_width_custom_phone=&#8221;20%&#8221; max_width_custom_tablet=&#8221;30%&#8221;][\/vc_column_inner][\/vc_row_inner][vc_custom_heading text=&#8221;Cerchi un provider IT<br \/>\nper la tua azienda?&#8221; font_container=&#8221;tag:h2|text_align:left|color:%23ffffff&#8221; use_theme_fonts=&#8221;yes&#8221;][nectar_btn size=&#8221;medium&#8221; open_new_tab=&#8221;true&#8221; button_style=&#8221;see-through-2&#8243; color_override=&#8221;#ffffff&#8221; hover_color_override=&#8221;#ffffff&#8221; hover_text_color_override=&#8221;#000000&#8243; icon_family=&#8221;none&#8221; text=&#8221;SCOPRI LA NOSTRA OFFERTA&#8221; margin_top=&#8221;20&#8243; url=&#8221;https:\/\/www.inetworking.it\/it-service-provider\/#servizi-it&#8221;][\/vc_column][\/vc_row][vc_row type=&#8221;in_container&#8221; full_screen_row_position=&#8221;middle&#8221; column_margin=&#8221;default&#8221; column_direction=&#8221;default&#8221; column_direction_tablet=&#8221;default&#8221; column_direction_phone=&#8221;default&#8221; scene_position=&#8221;center&#8221; text_color=&#8221;dark&#8221; text_align=&#8221;left&#8221; row_border_radius=&#8221;none&#8221; row_border_radius_applies=&#8221;bg&#8221; overflow=&#8221;visible&#8221; overlay_strength=&#8221;0.3&#8243; gradient_direction=&#8221;left_to_right&#8221; shape_divider_position=&#8221;bottom&#8221; bg_image_animation=&#8221;none&#8221;][vc_column column_padding=&#8221;no-extra-padding&#8221; column_padding_tablet=&#8221;inherit&#8221; column_padding_phone=&#8221;inherit&#8221; column_padding_position=&#8221;all&#8221; column_element_direction_desktop=&#8221;default&#8221; column_element_spacing=&#8221;default&#8221; desktop_text_alignment=&#8221;default&#8221; tablet_text_alignment=&#8221;default&#8221; phone_text_alignment=&#8221;default&#8221; background_color_opacity=&#8221;1&#8243; background_hover_color_opacity=&#8221;1&#8243; column_backdrop_filter=&#8221;none&#8221; column_shadow=&#8221;none&#8221; column_border_radius=&#8221;none&#8221; column_link_target=&#8221;_self&#8221; column_position=&#8221;default&#8221; gradient_direction=&#8221;left_to_right&#8221; overlay_strength=&#8221;0.3&#8243; width=&#8221;1\/1&#8243; tablet_width_inherit=&#8221;default&#8221; animation_type=&#8221;default&#8221; bg_image_animation=&#8221;none&#8221; border_type=&#8221;simple&#8221; column_border_width=&#8221;none&#8221; column_border_style=&#8221;solid&#8221;][vc_column_text]\n<h2 id=\"stoc-il-ruolo-dellit-nella-corsa-alla-digitalizzazione\" class=\"wpig-heading\">Il ruolo dell\u2019IT nella corsa alla digitalizzazione<\/h2>\n<p>L\u2019<a href=\"https:\/\/www.inetworking.it\/it-service-provider\/\" target=\"_blank\" rel=\"noopener\">IT management<\/a>, ovvero la gestione integrata di servizi e tecnologie IT, \u00e8 diventato negli anni un fattore di rilevanza strategica. In aggiunta al suo ruolo tradizionale di <strong>garante della continuit\u00e0 del business<\/strong>, l\u2019IT \u00e8 diventato anche il <a href=\"https:\/\/www.intesys.it\/journal\/digital-transformation\/innovazione-it-quanto-sono-digitalizzate-le-imprese-italiane\/\">principale fattore di innovazione nel contesto aziendale<\/a>, su cui le imprese basano il proprio vantaggio competitivo. A titolo d\u2019esempio, l\u2019IT:[\/vc_column_text][\/vc_column][\/vc_row][vc_row type=&#8221;full_width_background&#8221; full_screen_row_position=&#8221;middle&#8221; column_margin=&#8221;default&#8221; equal_height=&#8221;yes&#8221; column_direction=&#8221;default&#8221; column_direction_tablet=&#8221;default&#8221; column_direction_phone=&#8221;default&#8221; scene_position=&#8221;center&#8221; text_color=&#8221;dark&#8221; text_align=&#8221;left&#8221; row_border_radius=&#8221;none&#8221; row_border_radius_applies=&#8221;bg&#8221; overflow=&#8221;visible&#8221; advanced_gradient_angle=&#8221;0&#8243; overlay_strength=&#8221;0.3&#8243; gradient_direction=&#8221;left_to_right&#8221; shape_divider_position=&#8221;bottom&#8221; bg_image_animation=&#8221;none&#8221; shape_type=&#8221;&#8221; gradient_type=&#8221;default&#8221;][vc_column column_padding=&#8221;padding-3-percent&#8221; column_padding_tablet=&#8221;inherit&#8221; column_padding_phone=&#8221;inherit&#8221; column_padding_position=&#8221;right&#8221; column_element_direction_desktop=&#8221;default&#8221; column_element_spacing=&#8221;default&#8221; desktop_text_alignment=&#8221;default&#8221; tablet_text_alignment=&#8221;default&#8221; phone_text_alignment=&#8221;default&#8221; background_color_opacity=&#8221;1&#8243; background_hover_color_opacity=&#8221;1&#8243; column_backdrop_filter=&#8221;none&#8221; column_shadow=&#8221;none&#8221; column_border_radius=&#8221;none&#8221; column_link_target=&#8221;_self&#8221; column_position=&#8221;default&#8221; advanced_gradient_angle=&#8221;0&#8243; gradient_direction=&#8221;left_to_right&#8221; overlay_strength=&#8221;0.3&#8243; width=&#8221;1\/1&#8243; tablet_width_inherit=&#8221;default&#8221; animation_type=&#8221;default&#8221; enable_animation=&#8221;true&#8221; animation=&#8221;fade-in-from-bottom&#8221; animation_easing=&#8221;default&#8221; bg_image_animation=&#8221;none&#8221; border_type=&#8221;simple&#8221; column_border_width=&#8221;none&#8221; column_border_style=&#8221;solid&#8221; gradient_type=&#8221;default&#8221;][nectar_icon_list animate=&#8221;true&#8221; color=&#8221;Accent-Color&#8221; direction=&#8221;vertical&#8221; icon_size=&#8221;small&#8221; icon_style=&#8221;no-border&#8221;][nectar_icon_list_item icon_type=&#8221;icon&#8221; icon_family=&#8221;iconsmind&#8221; text_full_html=&#8221;simple&#8221; title=&#8221;List Item&#8221; id=&#8221;1733216534561-1&#8243; tab_id=&#8221;1733216534561-1&#8243; icon_iconsmind=&#8221;iconsmind-Full-Moon&#8221; header=&#8221;<b>Alimenta i nuovi paradigmi di lavoro agile<\/b> con cui le aziende ottengono pi\u00f9 produttivit\u00e0, trattengono i talenti e ne acquisiscono di nuovi;&#8221;][\/nectar_icon_list_item][nectar_icon_list_item icon_type=&#8221;icon&#8221; icon_family=&#8221;iconsmind&#8221; text_full_html=&#8221;simple&#8221; title=&#8221;List Item&#8221; id=&#8221;1733216534580-0&#8243; tab_id=&#8221;1733216534581-4&#8243; icon_iconsmind=&#8221;iconsmind-Big-Data&#8221; header=&#8221;<b>Valorizza i dati dell\u2019azienda<\/b> e abilita decisioni data-driven che la rendono pi\u00f9 competitiva;&#8221;][\/nectar_icon_list_item][nectar_icon_list_item icon_type=&#8221;icon&#8221; icon_family=&#8221;iconsmind&#8221; text_full_html=&#8221;simple&#8221; title=&#8221;List Item&#8221; id=&#8221;1733216534589-10&#8243; tab_id=&#8221;1733216534589-3&#8243; icon_iconsmind=&#8221;iconsmind-Speach-BubbleDialog&#8221; header=&#8221;Gestisce sinergicamente i <b>sistemi di comunicazione aziendale<\/b>, adeguandoli ai nuovi paradigmi di lavoro e di interazione;&#8221;][\/nectar_icon_list_item][nectar_icon_list_item icon_type=&#8221;icon&#8221; icon_family=&#8221;iconsmind&#8221; text_full_html=&#8221;simple&#8221; title=&#8221;List Item&#8221; id=&#8221;1733216534595-9&#8243; tab_id=&#8221;1733216534595-7&#8243; icon_iconsmind=&#8221;iconsmind-Inifity&#8221; header=&#8221;<b>Garantisce la business continuity<\/b>, ovvero l\u2019accesso continuo e ininterrotto agli applicativi aziendali da cui dipendono i processi <i>mission-critical<\/i>. In tal senso, il comparto tecnologico aziendale \u00e8 il <b>garante della resilienza dell\u2019impresa<\/b>.&#8221;][\/nectar_icon_list_item][\/nectar_icon_list][\/vc_column][\/vc_row][vc_row type=&#8221;in_container&#8221; full_screen_row_position=&#8221;middle&#8221; column_margin=&#8221;default&#8221; column_direction=&#8221;default&#8221; column_direction_tablet=&#8221;default&#8221; column_direction_phone=&#8221;default&#8221; scene_position=&#8221;center&#8221; text_color=&#8221;dark&#8221; text_align=&#8221;left&#8221; row_border_radius=&#8221;none&#8221; row_border_radius_applies=&#8221;bg&#8221; overflow=&#8221;visible&#8221; overlay_strength=&#8221;0.3&#8243; gradient_direction=&#8221;left_to_right&#8221; shape_divider_position=&#8221;bottom&#8221; bg_image_animation=&#8221;none&#8221;][vc_column column_padding=&#8221;no-extra-padding&#8221; column_padding_tablet=&#8221;inherit&#8221; column_padding_phone=&#8221;inherit&#8221; column_padding_position=&#8221;all&#8221; column_element_direction_desktop=&#8221;default&#8221; column_element_spacing=&#8221;default&#8221; desktop_text_alignment=&#8221;default&#8221; tablet_text_alignment=&#8221;default&#8221; phone_text_alignment=&#8221;default&#8221; background_color_opacity=&#8221;1&#8243; background_hover_color_opacity=&#8221;1&#8243; column_backdrop_filter=&#8221;none&#8221; column_shadow=&#8221;none&#8221; column_border_radius=&#8221;none&#8221; column_link_target=&#8221;_self&#8221; column_position=&#8221;default&#8221; gradient_direction=&#8221;left_to_right&#8221; overlay_strength=&#8221;0.3&#8243; width=&#8221;1\/1&#8243; tablet_width_inherit=&#8221;default&#8221; animation_type=&#8221;default&#8221; bg_image_animation=&#8221;none&#8221; border_type=&#8221;simple&#8221; column_border_width=&#8221;none&#8221; column_border_style=&#8221;solid&#8221;][divider line_type=&#8221;No Line&#8221; custom_height=&#8221;10&#8243;][\/vc_column][\/vc_row][vc_row type=&#8221;in_container&#8221; full_screen_row_position=&#8221;middle&#8221; column_margin=&#8221;default&#8221; column_direction=&#8221;default&#8221; column_direction_tablet=&#8221;default&#8221; column_direction_phone=&#8221;default&#8221; scene_position=&#8221;center&#8221; text_color=&#8221;dark&#8221; text_align=&#8221;left&#8221; row_border_radius=&#8221;none&#8221; row_border_radius_applies=&#8221;bg&#8221; overflow=&#8221;visible&#8221; overlay_strength=&#8221;0.3&#8243; gradient_direction=&#8221;left_to_right&#8221; shape_divider_position=&#8221;bottom&#8221; bg_image_animation=&#8221;none&#8221;][vc_column column_padding=&#8221;no-extra-padding&#8221; column_padding_tablet=&#8221;inherit&#8221; column_padding_phone=&#8221;inherit&#8221; column_padding_position=&#8221;all&#8221; column_element_direction_desktop=&#8221;default&#8221; column_element_spacing=&#8221;default&#8221; desktop_text_alignment=&#8221;default&#8221; tablet_text_alignment=&#8221;default&#8221; phone_text_alignment=&#8221;default&#8221; background_color_opacity=&#8221;1&#8243; background_hover_color_opacity=&#8221;1&#8243; column_backdrop_filter=&#8221;none&#8221; column_shadow=&#8221;none&#8221; column_border_radius=&#8221;none&#8221; column_link_target=&#8221;_self&#8221; column_position=&#8221;default&#8221; gradient_direction=&#8221;left_to_right&#8221; overlay_strength=&#8221;0.3&#8243; width=&#8221;1\/1&#8243; tablet_width_inherit=&#8221;default&#8221; animation_type=&#8221;default&#8221; bg_image_animation=&#8221;none&#8221; border_type=&#8221;simple&#8221; column_border_width=&#8221;none&#8221; column_border_style=&#8221;solid&#8221;][vc_column_text css=&#8221;&#8221; text_direction=&#8221;default&#8221;]\n<h2 id=\"stoc-non-tutte-le-imprese-sono-pronte-perche\" class=\"wpig-heading\">Non tutte le imprese sono pronte: perch\u00e9?<\/h2>\n<p>Nonostante la centralit\u00e0 dei servizi IT sia ampiamente riconosciuta sia sotto il profilo operativo che strategico, non tutte le imprese sono attrezzate a tal fine e, in alcuni casi, <a href=\"https:\/\/www.intesys.it\/journal\/information-technology\/gestione-in-house-outsourcing-qual-e-la-scelta-migliore-per-infrastruttura-it\/\"><strong>non c\u2019\u00e8 nessuno che si occupi internamente delle attivit\u00e0 IT<\/strong><\/a>.<\/p>\n<p>Iniziando con le PMI, solo il 7% pu\u00f2 contare su un gruppo dedicato e composto da pi\u00f9 di 10 persone, mentre nella maggioranza dei casi (62%) non si superano le 5 unit\u00e0 (<a href=\"https:\/\/www.capterra.it\/blog\/2199\/studio-innovazione-digitale\" target=\"_blank\" rel=\"noopener\">Capterra<\/a>). Colpisce inoltre il fatto che <strong>il 31% delle imprese non abbia un responsabile per il digitale<\/strong>. Tutto ci\u00f2 rende complesso gestire efficacemente un intero ecosistema di soluzioni e tecnologie, poich\u00e9 ci\u00f2 <strong>richiede diverse competenze specialistiche nonch\u00e9 l\u2019aggiornamento continuo<\/strong> di ognuna di esse.<\/p>\n<p>Molte imprese, quindi, faticano ad avere un <a href=\"https:\/\/www.intesys.it\/journal\/information-technology\/it-service-provider-5-criteri-per-scegliere-quello-giusto\/\">IT adeguato alle proprie ambizioni<\/a>. Ci\u00f2 dipende da diversi fattori:<\/p>\n<ul>\n<li><strong>Vincoli di bilancio<\/strong> e conseguente allocazione della spesa su altri progetti;<\/li>\n<li><strong>Skill Gap<\/strong>: il mercato \u00e8 avaro di competenze tecniche necessarie per orchestrare sistemi e complessit\u00e0 tecnologiche. Molte aziende riconoscono la necessit\u00e0 di gestire al meglio la propria infrastruttura tecnologica, ma non sanno a chi rivolgersi. Il 42% di PMI e PA, per esempio, soffre fortemente la mancanza di personale IT in grado di implementare sistemi gestionali (Osservatori PoliMI e Assosoftware);<\/li>\n<li><strong>Priorit\u00e0 di riduzione dei costi IT<\/strong>, approccio che di fatto blocca l\u2019innovazione.<\/li>\n<\/ul>\n<p>Infine, ma non per importanza, bisogna considerare il ruolo e la rilevanza delle <strong>imprese con meno di 10 dipendenti<\/strong>. Se \u00e8 vero che le 220mila PMI italiane rappresentano la spina dorsale del sistema economico, cui contribuiscono con il 41% del fatturato nazionale (e il 33% degli occupati), <strong>l\u2019Italia \u00e8 soprattutto un Paese di microimprese<\/strong>, con il 94,4% del totale e il 41,9% degli addetti. Per chiari limiti dimensionali, le microimprese non possono avere un IT strutturato e spesso \u00e8 <strong>lo stesso imprenditore ad occuparsi anche del <a href=\"https:\/\/www.inetworking.it\/infrastruttura-it-e-cloud\/\" target=\"_blank\" rel=\"noopener\">comparto tecnologico aziendale<\/a><\/strong>.[\/vc_column_text][\/vc_column][\/vc_row][vc_row type=&#8221;in_container&#8221; full_screen_row_position=&#8221;middle&#8221; column_margin=&#8221;default&#8221; column_direction=&#8221;default&#8221; column_direction_tablet=&#8221;default&#8221; column_direction_phone=&#8221;default&#8221; scene_position=&#8221;center&#8221; text_color=&#8221;dark&#8221; text_align=&#8221;left&#8221; row_border_radius=&#8221;none&#8221; row_border_radius_applies=&#8221;bg&#8221; overflow=&#8221;visible&#8221; overlay_strength=&#8221;0.3&#8243; gradient_direction=&#8221;left_to_right&#8221; shape_divider_position=&#8221;bottom&#8221; bg_image_animation=&#8221;none&#8221;][vc_column column_padding=&#8221;no-extra-padding&#8221; column_padding_tablet=&#8221;inherit&#8221; column_padding_phone=&#8221;inherit&#8221; column_padding_position=&#8221;all&#8221; column_element_direction_desktop=&#8221;default&#8221; column_element_spacing=&#8221;default&#8221; desktop_text_alignment=&#8221;default&#8221; tablet_text_alignment=&#8221;default&#8221; phone_text_alignment=&#8221;default&#8221; background_color_opacity=&#8221;1&#8243; background_hover_color_opacity=&#8221;1&#8243; column_backdrop_filter=&#8221;none&#8221; column_shadow=&#8221;none&#8221; column_border_radius=&#8221;none&#8221; column_link_target=&#8221;_self&#8221; column_position=&#8221;default&#8221; gradient_direction=&#8221;left_to_right&#8221; overlay_strength=&#8221;0.3&#8243; width=&#8221;1\/1&#8243; tablet_width_inherit=&#8221;default&#8221; animation_type=&#8221;default&#8221; bg_image_animation=&#8221;none&#8221; border_type=&#8221;simple&#8221; column_border_width=&#8221;none&#8221; column_border_style=&#8221;solid&#8221;][vc_column_text]\n<h2 id=\"stoc-il-costo-molto-salato-di-un-it-management-approssimativo\" class=\"wpig-heading\">Il costo (molto salato) di un IT management approssimativo<\/h2>\n<p>Fortunatamente, molte aziende hanno capito che la gestione efficiente dell\u2019infrastruttura e del parco applicativo aziendale non \u00e8 una spesa, bens\u00ec<strong> l\u2019opportunit\u00e0 per ridurre i costi operativi<\/strong>. In altri termini, ignorare la gestione IT, eseguirla senza competenze specialistiche o in modo approssimativo <strong>rischia di essere costosissimo per l\u2019azienda, sia in termini economici che reputazionali<\/strong>. Tra i fattori di rischio pi\u00f9 comuni, segnaliamo:<\/p>\n<h3 id=\"stoc-business-continuity\" class=\"wpig-heading\"><strong>Business Continuity<\/strong><\/h3>\n<p>Il guasto di un sistema o di un apparato di rete pu\u00f2 <strong>bloccare l\u2019operativit\u00e0 dell\u2019intera azienda<\/strong> e tradursi in costi elevatissimi, anche in termini di penali contrattuali. Il problema si risolve progettando e implementando un business continuity plan, che fa parte della gestione dell\u2019IT.<\/p>\n<h3 id=\"stoc-cyber-crime\" class=\"wpig-heading\"><strong>Cyber Crime<\/strong><\/h3>\n<p>Secondo l\u2019ultimo <a href=\"https:\/\/clusit.it\/rapporto-clusit\/#form_edl\" target=\"_blank\" rel=\"noopener\">Rapporto Clusit<\/a>, <strong>le attivit\u00e0 cyber criminali sono aumentate, in Italia, di un ulteriore 10% nel 2021<\/strong>. Nessuna azienda \u00e8 immune al fenomeno, ma l\u2019innovazione \u00e8 talmente veloce che solo tecnologie e competenze dedicate (nonch\u00e9 un\u2019awareness pervasiva) possono arginarlo.<\/p>\n<h3 id=\"stoc-data-breach\" class=\"wpig-heading\"><strong>Data Breach<\/strong><\/h3>\n<p>Gli <a href=\"https:\/\/www.intesys.it\/journal\/information-technology\/attacchi-cyber-rapporto-clusit-2022\/\">attacchi cyber<\/a> non mettono soltanto a rischio la continuit\u00e0 del business, ma anche la <strong>riservatezza dei dati<\/strong>: dati dei propri clienti, segreti industriali, informazioni sui processi produttivi, dati dei dipendenti e molto altro. Il costo medio di un data breach \u00e8 stato quantificato in<strong> 4.24 milioni di dollari<\/strong> (IBM).<\/p>\n<h3 id=\"stoc-reputation\" class=\"wpig-heading\"><strong>Reputation<\/strong><\/h3>\n<p>Tra i costi pi\u00f9 alti di un IT management approssimativo ci sono quelli indiretti, primo fra tutti il <strong>crollo reputazionale<\/strong>. Acquistereste da un\u2019azienda che si \u00e8 fatta sottrarre i vostri dati personali?<\/p>\n<h3 id=\"stoc-sanzioni\" class=\"wpig-heading\">Sanzioni<\/h3>\n<p>Una buona gestione dell\u2019IT mette l\u2019azienda al riparo da potenziali sanzioni per mancata conformit\u00e0 normativa. Ogni organizzazione \u00e8 infatti soggetta a vincoli di gestione delle informazioni che derivano da regolamenti di natura generale (GDPR) oppure da normativa settoriale (food, pharma, finance\u2026).<\/p>\n<h3 id=\"stoc-competitivita\" class=\"wpig-heading\">Competitivit\u00e0<\/h3>\n<p>I mercati chiedono agilit\u00e0. Le imprese devono essere smart, veloci, <strong>attente al cliente<\/strong> e alla sua <a href=\"https:\/\/www.intesys.it\/journal\/design\/customer-experience-nel-2022-su-cosa-investire\/\">Customer Experience<\/a>. Solo l\u2019adozione di tecnologie innovative permette alle organizzazioni di raggiungere questi obiettivi. Non investire significa fornire un vantaggio ai propri competitor.<\/p>\n<h2 id=\"stoc-diverse-strade-ma-una-sola-certezza-lit-va-gestito\" class=\"wpig-heading\">Diverse strade ma una sola certezza: l\u2019IT va gestito<\/h2>\n<p>La gestione dell\u2019IT \u00e8 fondamentale per l\u2019<strong>innovazione<\/strong> e la <strong>resilienza<\/strong> dell\u2019impresa. Per quanto farne a meno sia impossibile, non c\u2019\u00e8 una sola strada per il successo: a quella tradizionale, che consiste nel dotarsi di tutti gli apparati e le competenze gestionali specialistiche,<a href=\"https:\/\/www.intesys.it\/journal\/information-technology\/gestione-in-house-outsourcing-qual-e-la-scelta-migliore-per-infrastruttura-it\/\"> il mercato somma la carta dell\u2019outsourcing<\/a>, che di fatto delega a un <strong>provider specializzato la responsabilit\u00e0 su specifici ambiti o sull\u2019intero comparto IT aziendale<\/strong>. A prescindere dalla scelta, che dipende da diversi fattori, solo una <a href=\"https:\/\/www.intesys.it\/information-technology\/metodologia-e-approccio\/\">gestione professionale del comparto tecnologico<\/a> permette alle aziende di vincere le sfide dei mercati e di avvicinarsi al proprio futuro.[\/vc_column_text][\/vc_column][\/vc_row][vc_row type=&#8221;in_container&#8221; full_screen_row_position=&#8221;middle&#8221; column_margin=&#8221;default&#8221; column_direction=&#8221;default&#8221; column_direction_tablet=&#8221;default&#8221; column_direction_phone=&#8221;default&#8221; scene_position=&#8221;center&#8221; text_color=&#8221;dark&#8221; text_align=&#8221;left&#8221; row_border_radius=&#8221;none&#8221; row_border_radius_applies=&#8221;bg&#8221; overflow=&#8221;visible&#8221; overlay_strength=&#8221;0.3&#8243; gradient_direction=&#8221;left_to_right&#8221; shape_divider_position=&#8221;bottom&#8221; bg_image_animation=&#8221;none&#8221;][vc_column column_padding=&#8221;no-extra-padding&#8221; column_padding_tablet=&#8221;inherit&#8221; column_padding_phone=&#8221;inherit&#8221; column_padding_position=&#8221;all&#8221; column_element_direction_desktop=&#8221;default&#8221; column_element_spacing=&#8221;default&#8221; desktop_text_alignment=&#8221;default&#8221; tablet_text_alignment=&#8221;default&#8221; phone_text_alignment=&#8221;default&#8221; background_color_opacity=&#8221;1&#8243; background_hover_color_opacity=&#8221;1&#8243; column_backdrop_filter=&#8221;none&#8221; column_shadow=&#8221;none&#8221; column_border_radius=&#8221;none&#8221; column_link_target=&#8221;_self&#8221; column_position=&#8221;default&#8221; gradient_direction=&#8221;left_to_right&#8221; overlay_strength=&#8221;0.3&#8243; width=&#8221;1\/1&#8243; tablet_width_inherit=&#8221;default&#8221; animation_type=&#8221;default&#8221; bg_image_animation=&#8221;none&#8221; border_type=&#8221;simple&#8221; column_border_width=&#8221;none&#8221; column_border_style=&#8221;solid&#8221;][vc_gallery type=&#8221;flickity_static_height_style&#8221; images=&#8221;13120,13119,13130,13129,13128,13127,13126,13125,13124,13123,13122,13121&#8243; flickity_spacing=&#8221;default&#8221; flickity_controls=&#8221;next_prev_arrows_overlaid&#8221; flickity_overflow=&#8221;hidden&#8221; flickity_wrap_around=&#8221;wrap&#8221; flickity_autoplay=&#8221;true&#8221; flickity_box_shadow=&#8221;none&#8221; image_loading=&#8221;default&#8221; onclick=&#8221;link_image&#8221; img_size=&#8221;full&#8221;][\/vc_column][\/vc_row][vc_row type=&#8221;in_container&#8221; full_screen_row_position=&#8221;middle&#8221; column_margin=&#8221;default&#8221; column_direction=&#8221;default&#8221; column_direction_tablet=&#8221;default&#8221; column_direction_phone=&#8221;default&#8221; scene_position=&#8221;center&#8221; text_color=&#8221;dark&#8221; text_align=&#8221;left&#8221; row_border_radius=&#8221;none&#8221; row_border_radius_applies=&#8221;bg&#8221; overflow=&#8221;visible&#8221; advanced_gradient_angle=&#8221;0&#8243; overlay_strength=&#8221;0.3&#8243; gradient_direction=&#8221;left_to_right&#8221; shape_divider_position=&#8221;bottom&#8221; bg_image_animation=&#8221;none&#8221; gradient_type=&#8221;default&#8221; shape_type=&#8221;&#8221;][vc_column column_padding=&#8221;no-extra-padding&#8221; column_padding_tablet=&#8221;inherit&#8221; column_padding_phone=&#8221;inherit&#8221; column_padding_position=&#8221;all&#8221; column_element_direction_desktop=&#8221;default&#8221; column_element_spacing=&#8221;default&#8221; desktop_text_alignment=&#8221;default&#8221; tablet_text_alignment=&#8221;default&#8221; phone_text_alignment=&#8221;default&#8221; background_color_opacity=&#8221;1&#8243; background_hover_color_opacity=&#8221;1&#8243; column_backdrop_filter=&#8221;none&#8221; column_shadow=&#8221;none&#8221; column_border_radius=&#8221;none&#8221; column_link_target=&#8221;_self&#8221; column_position=&#8221;default&#8221; gradient_direction=&#8221;left_to_right&#8221; overlay_strength=&#8221;0.3&#8243; width=&#8221;1\/1&#8243; tablet_width_inherit=&#8221;default&#8221; animation_type=&#8221;default&#8221; bg_image_animation=&#8221;none&#8221; border_type=&#8221;simple&#8221; column_border_width=&#8221;none&#8221; column_border_style=&#8221;solid&#8221;][nectar_btn size=&#8221;large&#8221; open_new_tab=&#8221;true&#8221; button_style=&#8221;regular&#8221; button_color_2=&#8221;Accent-Color&#8221; color_override=&#8221;#0f33ce&#8221; solid_text_color_override=&#8221;#ffffff&#8221; icon_family=&#8221;none&#8221; url=&#8221;https:\/\/www.inetworking.it\/contattaci\/#form&#8221; text=&#8221;SEI INTERESSATO? PARLIAMONE&#8221;][\/vc_column][\/vc_row]\n","protected":false},"excerpt":{"rendered":"<p>[vc_row type=&#8221;in_container&#8221; full_screen_row_position=&#8221;middle&#8221; column_margin=&#8221;default&#8221; column_direction=&#8221;default&#8221; column_direction_tablet=&#8221;default&#8221; column_direction_phone=&#8221;default&#8221; scene_position=&#8221;center&#8221; text_color=&#8221;dark&#8221; text_align=&#8221;left&#8221; row_border_radius=&#8221;none&#8221; row_border_radius_applies=&#8221;bg&#8221; overflow=&#8221;visible&#8221; overlay_strength=&#8221;0.3&#8243; gradient_direction=&#8221;left_to_right&#8221;&#8230;<\/p>\n","protected":false},"author":57,"featured_media":10789,"comment_status":"closed","ping_status":"closed","sticky":false,"template":"","format":"standard","meta":{"_acf_changed":false,"inline_featured_image":false,"footnotes":""},"categories":[27],"tags":[213,753],"class_list":{"0":"post-10786","1":"post","2":"type-post","3":"status-publish","4":"format-standard","5":"has-post-thumbnail","7":"category-information-technology","8":"tag-data-protection","9":"tag-infrastruttura-it"},"acf":[],"yoast_head":"<!-- This site is optimized with the Yoast SEO plugin v25.8 - https:\/\/yoast.com\/wordpress\/plugins\/seo\/ -->\n<title>Gestione IT, perch\u00e9 \u00e8 vitale per l\u2019azienda?<\/title>\n<meta name=\"description\" content=\"Dalla continuit\u00e0 del business alla difesa dagli attacchi cyber: ecco perch\u00e9 \u00e8 necessario investire in un IT management professionale.\" \/>\n<meta name=\"robots\" content=\"index, follow, max-snippet:-1, max-image-preview:large, max-video-preview:-1\" \/>\n<link rel=\"canonical\" href=\"https:\/\/www.intesys.it\/journal\/information-technology\/gestione-it-perche-vitale-per-azienda\/\" \/>\n<meta property=\"og:locale\" content=\"it_IT\" \/>\n<meta property=\"og:type\" content=\"article\" \/>\n<meta property=\"og:title\" content=\"Gestione IT, perch\u00e9 \u00e8 vitale per l\u2019azienda?\" \/>\n<meta property=\"og:description\" content=\"Dalla continuit\u00e0 del business alla difesa dagli attacchi cyber: ecco perch\u00e9 \u00e8 necessario investire in un IT management professionale.\" \/>\n<meta property=\"og:url\" content=\"https:\/\/www.intesys.it\/journal\/information-technology\/gestione-it-perche-vitale-per-azienda\/\" \/>\n<meta property=\"og:site_name\" content=\"Intesys Journal\" \/>\n<meta property=\"article:published_time\" content=\"2022-05-25T13:08:37+00:00\" \/>\n<meta property=\"article:modified_time\" content=\"2024-12-03T09:02:50+00:00\" \/>\n<meta property=\"og:image\" content=\"https:\/\/www.intesys.it\/journal\/wp-content\/uploads\/sites\/13\/2022\/05\/gestione-it_social.png\" \/>\n\t<meta property=\"og:image:width\" content=\"1200\" \/>\n\t<meta property=\"og:image:height\" content=\"630\" \/>\n\t<meta property=\"og:image:type\" content=\"image\/png\" \/>\n<meta name=\"author\" content=\"Massimo Recchia\" \/>\n<meta name=\"twitter:card\" content=\"summary_large_image\" \/>\n<meta name=\"twitter:label1\" content=\"Scritto da\" \/>\n\t<meta name=\"twitter:data1\" content=\"Massimo Recchia\" \/>\n\t<meta name=\"twitter:label2\" content=\"Tempo di lettura stimato\" \/>\n\t<meta name=\"twitter:data2\" content=\"9 minuti\" \/>\n<script type=\"application\/ld+json\" class=\"yoast-schema-graph\">{\"@context\":\"https:\/\/schema.org\",\"@graph\":[{\"@type\":\"WebPage\",\"@id\":\"https:\/\/www.intesys.it\/journal\/information-technology\/gestione-it-perche-vitale-per-azienda\/\",\"url\":\"https:\/\/www.intesys.it\/journal\/information-technology\/gestione-it-perche-vitale-per-azienda\/\",\"name\":\"Gestione IT, perch\u00e9 \u00e8 vitale per l\u2019azienda?\",\"isPartOf\":{\"@id\":\"https:\/\/www.intesys.it\/journal\/#website\"},\"primaryImageOfPage\":{\"@id\":\"https:\/\/www.intesys.it\/journal\/information-technology\/gestione-it-perche-vitale-per-azienda\/#primaryimage\"},\"image\":{\"@id\":\"https:\/\/www.intesys.it\/journal\/information-technology\/gestione-it-perche-vitale-per-azienda\/#primaryimage\"},\"thumbnailUrl\":\"https:\/\/www.intesys.it\/journal\/wp-content\/uploads\/sites\/13\/2022\/05\/gestione-it_header.png\",\"datePublished\":\"2022-05-25T13:08:37+00:00\",\"dateModified\":\"2024-12-03T09:02:50+00:00\",\"author\":{\"@id\":\"https:\/\/www.intesys.it\/journal\/#\/schema\/person\/c45a778b1788b5ec14f8de2108976f1a\"},\"description\":\"Dalla continuit\u00e0 del business alla difesa dagli attacchi cyber: ecco perch\u00e9 \u00e8 necessario investire in un IT management professionale.\",\"breadcrumb\":{\"@id\":\"https:\/\/www.intesys.it\/journal\/information-technology\/gestione-it-perche-vitale-per-azienda\/#breadcrumb\"},\"inLanguage\":\"it-IT\",\"potentialAction\":[{\"@type\":\"ReadAction\",\"target\":[\"https:\/\/www.intesys.it\/journal\/information-technology\/gestione-it-perche-vitale-per-azienda\/\"]}]},{\"@type\":\"ImageObject\",\"inLanguage\":\"it-IT\",\"@id\":\"https:\/\/www.intesys.it\/journal\/information-technology\/gestione-it-perche-vitale-per-azienda\/#primaryimage\",\"url\":\"https:\/\/www.intesys.it\/journal\/wp-content\/uploads\/sites\/13\/2022\/05\/gestione-it_header.png\",\"contentUrl\":\"https:\/\/www.intesys.it\/journal\/wp-content\/uploads\/sites\/13\/2022\/05\/gestione-it_header.png\",\"width\":1280,\"height\":960},{\"@type\":\"BreadcrumbList\",\"@id\":\"https:\/\/www.intesys.it\/journal\/information-technology\/gestione-it-perche-vitale-per-azienda\/#breadcrumb\",\"itemListElement\":[{\"@type\":\"ListItem\",\"position\":1,\"name\":\"Home\",\"item\":\"https:\/\/www.intesys.it\/journal\/\"},{\"@type\":\"ListItem\",\"position\":2,\"name\":\"Gestione IT, perch\u00e9 \u00e8 vitale per l\u2019azienda?\"}]},{\"@type\":\"WebSite\",\"@id\":\"https:\/\/www.intesys.it\/journal\/#website\",\"url\":\"https:\/\/www.intesys.it\/journal\/\",\"name\":\"Intesys\",\"description\":\"Ogni settimana nuovi articoli dedicati al mondo della trasformazione digitale!\",\"potentialAction\":[{\"@type\":\"SearchAction\",\"target\":{\"@type\":\"EntryPoint\",\"urlTemplate\":\"https:\/\/www.intesys.it\/journal\/?s={search_term_string}\"},\"query-input\":{\"@type\":\"PropertyValueSpecification\",\"valueRequired\":true,\"valueName\":\"search_term_string\"}}],\"inLanguage\":\"it-IT\"},{\"@type\":\"Person\",\"@id\":\"https:\/\/www.intesys.it\/journal\/#\/schema\/person\/c45a778b1788b5ec14f8de2108976f1a\",\"name\":\"Massimo Recchia\",\"image\":{\"@type\":\"ImageObject\",\"inLanguage\":\"it-IT\",\"@id\":\"https:\/\/www.intesys.it\/journal\/#\/schema\/person\/image\/\",\"url\":\"https:\/\/secure.gravatar.com\/avatar\/3feef0fe5efe5ed954e763c4327ddc713266bb471a25bf6d76a545d758f9e617?s=96&d=mm&r=g\",\"contentUrl\":\"https:\/\/secure.gravatar.com\/avatar\/3feef0fe5efe5ed954e763c4327ddc713266bb471a25bf6d76a545d758f9e617?s=96&d=mm&r=g\",\"caption\":\"Massimo Recchia\"},\"description\":\"Massimo era Cloud Solution Architect in Intesys\",\"url\":\"https:\/\/www.intesys.it\/journal\/autore\/massimo-recchia\/\"}]}<\/script>\n<!-- \/ Yoast SEO plugin. -->","yoast_head_json":{"title":"Gestione IT, perch\u00e9 \u00e8 vitale per l\u2019azienda?","description":"Dalla continuit\u00e0 del business alla difesa dagli attacchi cyber: ecco perch\u00e9 \u00e8 necessario investire in un IT management professionale.","robots":{"index":"index","follow":"follow","max-snippet":"max-snippet:-1","max-image-preview":"max-image-preview:large","max-video-preview":"max-video-preview:-1"},"canonical":"https:\/\/www.intesys.it\/journal\/information-technology\/gestione-it-perche-vitale-per-azienda\/","og_locale":"it_IT","og_type":"article","og_title":"Gestione IT, perch\u00e9 \u00e8 vitale per l\u2019azienda?","og_description":"Dalla continuit\u00e0 del business alla difesa dagli attacchi cyber: ecco perch\u00e9 \u00e8 necessario investire in un IT management professionale.","og_url":"https:\/\/www.intesys.it\/journal\/information-technology\/gestione-it-perche-vitale-per-azienda\/","og_site_name":"Intesys Journal","article_published_time":"2022-05-25T13:08:37+00:00","article_modified_time":"2024-12-03T09:02:50+00:00","og_image":[{"width":1200,"height":630,"url":"https:\/\/www.intesys.it\/journal\/wp-content\/uploads\/sites\/13\/2022\/05\/gestione-it_social.png","type":"image\/png"}],"author":"Massimo Recchia","twitter_card":"summary_large_image","twitter_misc":{"Scritto da":"Massimo Recchia","Tempo di lettura stimato":"9 minuti"},"schema":{"@context":"https:\/\/schema.org","@graph":[{"@type":"WebPage","@id":"https:\/\/www.intesys.it\/journal\/information-technology\/gestione-it-perche-vitale-per-azienda\/","url":"https:\/\/www.intesys.it\/journal\/information-technology\/gestione-it-perche-vitale-per-azienda\/","name":"Gestione IT, perch\u00e9 \u00e8 vitale per l\u2019azienda?","isPartOf":{"@id":"https:\/\/www.intesys.it\/journal\/#website"},"primaryImageOfPage":{"@id":"https:\/\/www.intesys.it\/journal\/information-technology\/gestione-it-perche-vitale-per-azienda\/#primaryimage"},"image":{"@id":"https:\/\/www.intesys.it\/journal\/information-technology\/gestione-it-perche-vitale-per-azienda\/#primaryimage"},"thumbnailUrl":"https:\/\/www.intesys.it\/journal\/wp-content\/uploads\/sites\/13\/2022\/05\/gestione-it_header.png","datePublished":"2022-05-25T13:08:37+00:00","dateModified":"2024-12-03T09:02:50+00:00","author":{"@id":"https:\/\/www.intesys.it\/journal\/#\/schema\/person\/c45a778b1788b5ec14f8de2108976f1a"},"description":"Dalla continuit\u00e0 del business alla difesa dagli attacchi cyber: ecco perch\u00e9 \u00e8 necessario investire in un IT management professionale.","breadcrumb":{"@id":"https:\/\/www.intesys.it\/journal\/information-technology\/gestione-it-perche-vitale-per-azienda\/#breadcrumb"},"inLanguage":"it-IT","potentialAction":[{"@type":"ReadAction","target":["https:\/\/www.intesys.it\/journal\/information-technology\/gestione-it-perche-vitale-per-azienda\/"]}]},{"@type":"ImageObject","inLanguage":"it-IT","@id":"https:\/\/www.intesys.it\/journal\/information-technology\/gestione-it-perche-vitale-per-azienda\/#primaryimage","url":"https:\/\/www.intesys.it\/journal\/wp-content\/uploads\/sites\/13\/2022\/05\/gestione-it_header.png","contentUrl":"https:\/\/www.intesys.it\/journal\/wp-content\/uploads\/sites\/13\/2022\/05\/gestione-it_header.png","width":1280,"height":960},{"@type":"BreadcrumbList","@id":"https:\/\/www.intesys.it\/journal\/information-technology\/gestione-it-perche-vitale-per-azienda\/#breadcrumb","itemListElement":[{"@type":"ListItem","position":1,"name":"Home","item":"https:\/\/www.intesys.it\/journal\/"},{"@type":"ListItem","position":2,"name":"Gestione IT, perch\u00e9 \u00e8 vitale per l\u2019azienda?"}]},{"@type":"WebSite","@id":"https:\/\/www.intesys.it\/journal\/#website","url":"https:\/\/www.intesys.it\/journal\/","name":"Intesys","description":"Ogni settimana nuovi articoli dedicati al mondo della trasformazione digitale!","potentialAction":[{"@type":"SearchAction","target":{"@type":"EntryPoint","urlTemplate":"https:\/\/www.intesys.it\/journal\/?s={search_term_string}"},"query-input":{"@type":"PropertyValueSpecification","valueRequired":true,"valueName":"search_term_string"}}],"inLanguage":"it-IT"},{"@type":"Person","@id":"https:\/\/www.intesys.it\/journal\/#\/schema\/person\/c45a778b1788b5ec14f8de2108976f1a","name":"Massimo Recchia","image":{"@type":"ImageObject","inLanguage":"it-IT","@id":"https:\/\/www.intesys.it\/journal\/#\/schema\/person\/image\/","url":"https:\/\/secure.gravatar.com\/avatar\/3feef0fe5efe5ed954e763c4327ddc713266bb471a25bf6d76a545d758f9e617?s=96&d=mm&r=g","contentUrl":"https:\/\/secure.gravatar.com\/avatar\/3feef0fe5efe5ed954e763c4327ddc713266bb471a25bf6d76a545d758f9e617?s=96&d=mm&r=g","caption":"Massimo Recchia"},"description":"Massimo era Cloud Solution Architect in Intesys","url":"https:\/\/www.intesys.it\/journal\/autore\/massimo-recchia\/"}]}},"_links":{"self":[{"href":"https:\/\/www.intesys.it\/journal\/wp-json\/wp\/v2\/posts\/10786","targetHints":{"allow":["GET"]}}],"collection":[{"href":"https:\/\/www.intesys.it\/journal\/wp-json\/wp\/v2\/posts"}],"about":[{"href":"https:\/\/www.intesys.it\/journal\/wp-json\/wp\/v2\/types\/post"}],"author":[{"embeddable":true,"href":"https:\/\/www.intesys.it\/journal\/wp-json\/wp\/v2\/users\/57"}],"replies":[{"embeddable":true,"href":"https:\/\/www.intesys.it\/journal\/wp-json\/wp\/v2\/comments?post=10786"}],"version-history":[{"count":12,"href":"https:\/\/www.intesys.it\/journal\/wp-json\/wp\/v2\/posts\/10786\/revisions"}],"predecessor-version":[{"id":14799,"href":"https:\/\/www.intesys.it\/journal\/wp-json\/wp\/v2\/posts\/10786\/revisions\/14799"}],"wp:featuredmedia":[{"embeddable":true,"href":"https:\/\/www.intesys.it\/journal\/wp-json\/wp\/v2\/media\/10789"}],"wp:attachment":[{"href":"https:\/\/www.intesys.it\/journal\/wp-json\/wp\/v2\/media?parent=10786"}],"wp:term":[{"taxonomy":"category","embeddable":true,"href":"https:\/\/www.intesys.it\/journal\/wp-json\/wp\/v2\/categories?post=10786"},{"taxonomy":"post_tag","embeddable":true,"href":"https:\/\/www.intesys.it\/journal\/wp-json\/wp\/v2\/tags?post=10786"}],"curies":[{"name":"wp","href":"https:\/\/api.w.org\/{rel}","templated":true}]}}