{"id":11321,"date":"2022-07-28T13:30:01","date_gmt":"2022-07-28T11:30:01","guid":{"rendered":"https:\/\/www.intesys.it\/journal\/?p=11321"},"modified":"2022-11-25T14:58:08","modified_gmt":"2022-11-25T13:58:08","slug":"architetture-cloud-native-un-cambiamento-tecnologico-e-culturale-a-favore-del-business","status":"publish","type":"post","link":"https:\/\/www.intesys.it\/journal\/information-technology\/architetture-cloud-native-un-cambiamento-tecnologico-e-culturale-a-favore-del-business\/","title":{"rendered":"Verso le architetture Cloud Native: un cambiamento tecnologico e culturale a favore del business"},"content":{"rendered":"<p><div id='wpig-contents' class='wpig-contents wpig-number-list wpig-no-hierarachy wpig-sidebar-widget wpig-style-1'><span class='wpig-headline'>Indice dei contenuti<\/span><!-- Table of Contents --><div id='wpig-table-of-content' class='wpig-table-of-content' ><ol><li class='stoc-che-cose-il-cloud'><a href='#stoc-che-cose-il-cloud'>Che cos\u2019\u00e8 il cloud<\/a><\/li><li class='stoc-qual-e-la-differenza-tra-applicazioni-cloud-native-e-cloud-ready'><a href='#stoc-qual-e-la-differenza-tra-applicazioni-cloud-native-e-cloud-ready'>Qual \u00e8 la differenza tra applicazioni Cloud Native e Cloud Ready?<\/a><\/li><li class='stoc-adottare-tecnologie-cloud-native-i-vantaggi-per-lit-e-per-il-business'><a href='#stoc-adottare-tecnologie-cloud-native-i-vantaggi-per-lit-e-per-il-business'>Adottare tecnologie Cloud Native: i vantaggi per l\u2019IT e per il business<\/a><\/li><li class='stoc-perche-e-anche-un-cambiamento-culturale'><a href='#stoc-perche-e-anche-un-cambiamento-culturale'>Perch\u00e9 \u00e8 anche un cambiamento culturale?<\/a><\/li><\/ol><\/div><!-- END OF Table of Contents --><\/div><\/p>[vc_row type=&#8221;in_container&#8221; full_screen_row_position=&#8221;middle&#8221; column_margin=&#8221;default&#8221; column_direction=&#8221;default&#8221; column_direction_tablet=&#8221;default&#8221; column_direction_phone=&#8221;default&#8221; scene_position=&#8221;center&#8221; text_color=&#8221;dark&#8221; text_align=&#8221;left&#8221; row_border_radius=&#8221;none&#8221; row_border_radius_applies=&#8221;bg&#8221; overflow=&#8221;visible&#8221; overlay_strength=&#8221;0.3&#8243; gradient_direction=&#8221;left_to_right&#8221; shape_divider_position=&#8221;bottom&#8221; bg_image_animation=&#8221;none&#8221;][vc_column column_padding=&#8221;no-extra-padding&#8221; column_padding_tablet=&#8221;inherit&#8221; column_padding_phone=&#8221;inherit&#8221; column_padding_position=&#8221;all&#8221; column_element_spacing=&#8221;default&#8221; background_color_opacity=&#8221;1&#8243; background_hover_color_opacity=&#8221;1&#8243; column_shadow=&#8221;none&#8221; column_border_radius=&#8221;none&#8221; column_link_target=&#8221;_self&#8221; column_position=&#8221;default&#8221; gradient_direction=&#8221;left_to_right&#8221; overlay_strength=&#8221;0.3&#8243; width=&#8221;1\/1&#8243; tablet_width_inherit=&#8221;default&#8221; tablet_text_alignment=&#8221;default&#8221; phone_text_alignment=&#8221;default&#8221; animation_type=&#8221;default&#8221; bg_image_animation=&#8221;none&#8221; border_type=&#8221;simple&#8221; column_border_width=&#8221;none&#8221; column_border_style=&#8221;solid&#8221;][vc_column_text]\n<h4>Sentiamo sempre pi\u00f9 spesso parlare di applicazioni cloud e tutti i giorni abbiamo a che fare con app come Gmail, Netflix, calendari condivisi, spazi di lavoro come Office365, e potremmo continuare per ore con altri esempi di applicazioni ingegnerizzate con tecnologia cloud native.<br \/>\nNonostante ci\u00f2, c\u2019\u00e8 ancora un po\u2019 di confusione in merito al mondo cloud: cosa significa adottare un approccio Cloud Native? Proviamo a fare un po\u2019 di chiarezza su questo concetto e sul perch\u00e9 la transizione verso architetture Cloud Native \u00e8 importante per l\u2019IT e per il business.<\/h4>\n[\/vc_column_text][\/vc_column][\/vc_row][vc_row type=&#8221;in_container&#8221; full_screen_row_position=&#8221;middle&#8221; column_margin=&#8221;default&#8221; column_direction=&#8221;default&#8221; column_direction_tablet=&#8221;default&#8221; column_direction_phone=&#8221;default&#8221; scene_position=&#8221;center&#8221; text_color=&#8221;dark&#8221; text_align=&#8221;left&#8221; row_border_radius=&#8221;none&#8221; row_border_radius_applies=&#8221;bg&#8221; overflow=&#8221;visible&#8221; overlay_strength=&#8221;0.3&#8243; gradient_direction=&#8221;left_to_right&#8221; shape_divider_position=&#8221;bottom&#8221; bg_image_animation=&#8221;none&#8221;][vc_column column_padding=&#8221;no-extra-padding&#8221; column_padding_tablet=&#8221;inherit&#8221; column_padding_phone=&#8221;inherit&#8221; column_padding_position=&#8221;all&#8221; column_element_spacing=&#8221;default&#8221; background_color_opacity=&#8221;1&#8243; background_hover_color_opacity=&#8221;1&#8243; column_shadow=&#8221;none&#8221; column_border_radius=&#8221;none&#8221; column_link_target=&#8221;_self&#8221; column_position=&#8221;default&#8221; gradient_direction=&#8221;left_to_right&#8221; overlay_strength=&#8221;0.3&#8243; width=&#8221;1\/1&#8243; tablet_width_inherit=&#8221;default&#8221; tablet_text_alignment=&#8221;default&#8221; phone_text_alignment=&#8221;default&#8221; animation_type=&#8221;default&#8221; bg_image_animation=&#8221;none&#8221; border_type=&#8221;simple&#8221; column_border_width=&#8221;none&#8221; column_border_style=&#8221;solid&#8221;][divider line_type=&#8221;No Line&#8221; custom_height=&#8221;10&#8243;][\/vc_column][\/vc_row][vc_row type=&#8221;in_container&#8221; full_screen_row_position=&#8221;middle&#8221; column_margin=&#8221;default&#8221; column_direction=&#8221;default&#8221; column_direction_tablet=&#8221;default&#8221; column_direction_phone=&#8221;default&#8221; scene_position=&#8221;center&#8221; text_color=&#8221;dark&#8221; text_align=&#8221;left&#8221; row_border_radius=&#8221;none&#8221; row_border_radius_applies=&#8221;bg&#8221; overflow=&#8221;visible&#8221; overlay_strength=&#8221;0.3&#8243; gradient_direction=&#8221;left_to_right&#8221; shape_divider_position=&#8221;bottom&#8221; bg_image_animation=&#8221;none&#8221;][vc_column column_padding=&#8221;no-extra-padding&#8221; column_padding_tablet=&#8221;inherit&#8221; column_padding_phone=&#8221;inherit&#8221; column_padding_position=&#8221;all&#8221; column_element_spacing=&#8221;default&#8221; background_color_opacity=&#8221;1&#8243; background_hover_color_opacity=&#8221;1&#8243; column_shadow=&#8221;none&#8221; column_border_radius=&#8221;none&#8221; column_link_target=&#8221;_self&#8221; column_position=&#8221;default&#8221; gradient_direction=&#8221;left_to_right&#8221; overlay_strength=&#8221;0.3&#8243; width=&#8221;1\/1&#8243; tablet_width_inherit=&#8221;default&#8221; tablet_text_alignment=&#8221;default&#8221; phone_text_alignment=&#8221;default&#8221; animation_type=&#8221;default&#8221; bg_image_animation=&#8221;none&#8221; border_type=&#8221;simple&#8221; column_border_width=&#8221;none&#8221; column_border_style=&#8221;solid&#8221;][vc_column_text]\n<h2 id=\"stoc-che-cose-il-cloud\" class=\"wpig-heading\">Che cos\u2019\u00e8 il cloud<\/h2>\n<p>Con il termine<strong> cloud<\/strong> si intendono<strong> tutte le risorse<\/strong>, i server, il software, le applicazioni e i database <strong>a cui si accede tramite internet<\/strong>.<br \/>\nCloud Native \u00e8 quindi un approccio allo sviluppo software nel quale vengono create, eseguite e messe in funzionamento le <strong>applicazioni sul cloud che \u201cvivono\u201d su internet e non su server locali<\/strong>.<\/p>\n<p>Una caratteristica fondamentale \u00e8 la possibilit\u00e0 di <strong>utilizzare qualsiasi device connesso per accedere a queste applicazioni<\/strong>, dato che <strong>l\u2019esecuzione \u00e8 fatta<em> off site<\/em><\/strong> \u2013 cio\u00e8 fuori della \u201crete aziendale\u201d \u2013 e il cloud si configura come una infrastruttura on demand, senza la necessit\u00e0 di scaricare programmi complessi.<\/p>\n<p>Le tipologie di cloud possibili sono almeno tre: <strong>Public Cloud<\/strong> in cui le infrastrutture e i servizi sono gestiti dai service provider, come ad esempio Amazon AWS, Google o Azure e attraverso questi vengono configurati i sistemi e le applicazioni aziendali; <strong>Private Cloud<\/strong>, in cui \u2013 diversamente dal primo \u2013 le infrastrutture e i servizi sono ad uso esclusivo dell\u2019azienda; <strong>Hybrid Cloud<\/strong>, in cui l\u2019architettura finale prevede componenti di Private Cloud e una o pi\u00f9 componenti di Public Cloud.<\/p>\n<p>Sebbene possa sembrare intuitivo, bisogna specificare che il mondo dietro il cloud \u00e8 composto da complesse <strong>tecnologie di virtualizzazione<\/strong> e da <a href=\"https:\/\/www.intesys.it\/journal\/information-technology\/architetture-evolutive-la-soluzione-it-prova-futuro\/\"><strong>moderne architetture a container<\/strong><\/a>, utilizzate dai data center per gestire l\u2019operativit\u00e0: questo permette all\u2019ecosistema di <strong>cloud computing<\/strong> di eseguire i servizi e le applicazioni anche nel caso in cui alcuni server non dovessero essere disponibili.<br \/>\nIn generale, i <strong>servizi dei cloud provider dovrebbero essere sempre online e disponibili e avere il back-up su molteplici macchine e in diverse regioni<\/strong>.<\/p>\n<h2 id=\"stoc-qual-e-la-differenza-tra-applicazioni-cloud-native-e-cloud-ready\" class=\"wpig-heading\">Qual \u00e8 la differenza tra applicazioni Cloud Native e Cloud Ready?<\/h2>\n<p>Per costruire, sviluppare, rilasciare e operare una applicazione in cloud viene utilizzato il cosiddetto approccio \u201cCloud Native\u201d, che la CNCF (<a href=\"https:\/\/www.cncf.io\/\" target=\"_blank\" rel=\"noopener\">Cloud Native Computing Foundation<\/a>) definisce nel seguente modo:<\/p>\n<blockquote><p><em>\u201c<strong>Cloud native technologies empower organizations to build and run scalable applications in modern, dynamic environments<\/strong> such as public, private, and hybrid clouds. Containers, service meshes, microservices, immutable infrastructure, and declarative APIs exemplify this approach.<\/em><br \/>\n<em>These techniques <strong>enable loosely coupled systems that are resilient, manageable, and observable<\/strong>. Combined with robust automation, they allow engineers to make high-impact changes frequently and predictably with minimal toil.\u201d<\/em><\/p><\/blockquote>\n<p>Le<strong> applicazioni Cloud Native<\/strong> sono sviluppate, distribuite e gestite utilizzando \u2013 in tutte le fasi \u2013 tecnologie Cloud Native come ad esempio <a href=\"https:\/\/www.intesys.it\/journal\/platform\/il-ruolo-di-api-e-microservizi-in-un-architettura-it\/\">microservizi<\/a>, service mesh, container,\u00a0 e metodologie come <a href=\"https:\/\/www.intesys.it\/information-technology\/servizi-it\/api-management-e-api-security\/\" target=\"_blank\" rel=\"noopener\">API Driven<\/a>, <a href=\"https:\/\/www.intesys.it\/journal\/information-technology\/time-to-market-piu-rapido-con-rilascio-app-di-qualita\/\">DevOps<\/a> e<a href=\"https:\/\/www.intesys.it\/information-technology\/servizi-it\/custom-application-development\/\" target=\"_blank\" rel=\"noopener\"> Agile development<\/a>. Attraverso queste \u00e8 possibile velocizzare lo sviluppo di nuove applicazioni, aggiornare quelle esistenti e interconnetterle in modo standardizzato.<\/p>\n<p>Tuttavia, rilasciare un\u2019applicazione nel cloud non significa renderla automaticamente un\u2019applicazione Cloud Native. Infatti, <strong>bisogna distinguere le applicazioni \u201cCloud Native\u201d dalle applicazioni \u201cCloud Ready\u201d<\/strong> (o \u201cCloud Enabled\u201d): mentre le prime sono <strong>costruite dalle fondamenta con tecnologie cloud<\/strong> in modo da sfruttare al massimo le caratteristiche del cloud computing, <strong>le applicazioni Cloud Ready sono costruite con architetture classiche, e al limite con un\u2019architettura monolitica<\/strong>, per poi essere <strong>spostate su public o private cloud<\/strong>, non permettendo di ottenere tutti i vantaggi di un\u2019architettura Cloud Native.[\/vc_column_text][\/vc_column][\/vc_row][vc_row type=&#8221;in_container&#8221; full_screen_row_position=&#8221;middle&#8221; column_margin=&#8221;default&#8221; column_direction=&#8221;default&#8221; column_direction_tablet=&#8221;default&#8221; column_direction_phone=&#8221;default&#8221; bg_color=&#8221;#000000&#8243; bg_image=&#8221;11691&#8243; bg_position=&#8221;right center&#8221; background_image_loading=&#8221;default&#8221; bg_repeat=&#8221;no-repeat&#8221; scene_position=&#8221;center&#8221; text_color=&#8221;light&#8221; text_align=&#8221;left&#8221; row_border_radius=&#8221;none&#8221; row_border_radius_applies=&#8221;bg&#8221; overflow=&#8221;visible&#8221; advanced_gradient=&#8221;radial-gradient(circle at top left, rgb(15,51,206) 16%, rgba(243,243,243,0) 47%)&#8221; advanced_gradient_radial_position=&#8221;top left&#8221; shape_divider_position=&#8221;bottom&#8221; bg_image_animation=&#8221;fade-in&#8221; gradient_type=&#8221;advanced&#8221; shape_type=&#8221;&#8221; advanced_gradient_display_type=&#8221;radial&#8221;][vc_column column_padding=&#8221;padding-4-percent&#8221; column_padding_tablet=&#8221;inherit&#8221; column_padding_phone=&#8221;inherit&#8221; column_padding_position=&#8221;all&#8221; constrain_group_2=&#8221;yes&#8221; column_element_spacing=&#8221;default&#8221; background_color_opacity=&#8221;1&#8243; background_hover_color_opacity=&#8221;1&#8243; column_shadow=&#8221;none&#8221; column_border_radius=&#8221;none&#8221; column_link_target=&#8221;_self&#8221; column_position=&#8221;default&#8221; advanced_gradient_angle=&#8221;0&#8243; gradient_direction=&#8221;left_to_right&#8221; overlay_strength=&#8221;0.3&#8243; width=&#8221;1\/1&#8243; tablet_width_inherit=&#8221;default&#8221; tablet_text_alignment=&#8221;default&#8221; phone_text_alignment=&#8221;default&#8221; animation_type=&#8221;default&#8221; bg_image_animation=&#8221;none&#8221; border_type=&#8221;simple&#8221; column_border_width=&#8221;none&#8221; column_border_style=&#8221;solid&#8221; gradient_type=&#8221;default&#8221;][vc_row_inner equal_height=&#8221;yes&#8221; content_placement=&#8221;middle&#8221; column_margin=&#8221;default&#8221; column_direction=&#8221;default&#8221; column_direction_tablet=&#8221;default&#8221; column_direction_phone=&#8221;default&#8221; text_align=&#8221;left&#8221; row_position=&#8221;default&#8221; row_position_tablet=&#8221;inherit&#8221; row_position_phone=&#8221;inherit&#8221; overflow=&#8221;visible&#8221; pointer_events=&#8221;all&#8221;][vc_column_inner column_padding=&#8221;no-extra-padding&#8221; column_padding_tablet=&#8221;inherit&#8221; column_padding_phone=&#8221;inherit&#8221; column_padding_position=&#8221;all&#8221; column_element_spacing=&#8221;0px&#8221; background_color_opacity=&#8221;1&#8243; background_hover_color_opacity=&#8221;1&#8243; column_shadow=&#8221;none&#8221; column_border_radius=&#8221;none&#8221; column_link_target=&#8221;_self&#8221; advanced_gradient_angle=&#8221;0&#8243; gradient_direction=&#8221;left_to_right&#8221; overlay_strength=&#8221;0.3&#8243; width=&#8221;1\/6&#8243; tablet_width_inherit=&#8221;default&#8221; animation_type=&#8221;default&#8221; bg_image_animation=&#8221;none&#8221; border_type=&#8221;simple&#8221; column_border_width=&#8221;none&#8221; column_border_style=&#8221;solid&#8221; gradient_type=&#8221;default&#8221;][image_with_animation image_url=&#8221;10303&#8243; image_size=&#8221;full&#8221; animation_type=&#8221;entrance&#8221; animation=&#8221;None&#8221; hover_animation=&#8221;none&#8221; alignment=&#8221;&#8221; border_radius=&#8221;none&#8221; box_shadow=&#8221;none&#8221; image_loading=&#8221;default&#8221; max_width=&#8221;custom&#8221; max_width_custom=&#8221;60%&#8221;][\/vc_column_inner][\/vc_row_inner][vc_column_text]\n<h3 style=\"margin: 0!important;font-size: 32px\" style=\"margin: 0!important;font-size: 32px\" id=\"stoc-api-date\" class=\"wpig-heading\">API date<\/h3>\n<h3 style=\"font-weight: 200;margin-top: 5px!important;font-size: 28px\">Evolvere e governare<br \/>\nle architetture IT<\/h3>\n[\/vc_column_text][nectar_btn size=&#8221;medium&#8221; open_new_tab=&#8221;true&#8221; button_style=&#8221;see-through-2&#8243; color_override=&#8221;#ffffff&#8221; hover_color_override=&#8221;#17fdb4&#8243; hover_text_color_override=&#8221;#000000&#8243; icon_family=&#8221;none&#8221; text=&#8221;GUARDA L&#8217;EVENTO ON DEMAND&#8221; url=&#8221;https:\/\/www.intesys.it\/api-date\/&#8221;][\/vc_column][\/vc_row][vc_row type=&#8221;in_container&#8221; full_screen_row_position=&#8221;middle&#8221; column_margin=&#8221;default&#8221; column_direction=&#8221;default&#8221; column_direction_tablet=&#8221;default&#8221; column_direction_phone=&#8221;default&#8221; scene_position=&#8221;center&#8221; text_color=&#8221;dark&#8221; text_align=&#8221;left&#8221; row_border_radius=&#8221;none&#8221; row_border_radius_applies=&#8221;bg&#8221; overflow=&#8221;visible&#8221; overlay_strength=&#8221;0.3&#8243; gradient_direction=&#8221;left_to_right&#8221; shape_divider_position=&#8221;bottom&#8221; bg_image_animation=&#8221;none&#8221;][vc_column column_padding=&#8221;no-extra-padding&#8221; column_padding_tablet=&#8221;inherit&#8221; column_padding_phone=&#8221;inherit&#8221; column_padding_position=&#8221;all&#8221; column_element_spacing=&#8221;default&#8221; background_color_opacity=&#8221;1&#8243; background_hover_color_opacity=&#8221;1&#8243; column_shadow=&#8221;none&#8221; column_border_radius=&#8221;none&#8221; column_link_target=&#8221;_self&#8221; column_position=&#8221;default&#8221; gradient_direction=&#8221;left_to_right&#8221; overlay_strength=&#8221;0.3&#8243; width=&#8221;1\/1&#8243; tablet_width_inherit=&#8221;default&#8221; tablet_text_alignment=&#8221;default&#8221; phone_text_alignment=&#8221;default&#8221; animation_type=&#8221;default&#8221; bg_image_animation=&#8221;none&#8221; border_type=&#8221;simple&#8221; column_border_width=&#8221;none&#8221; column_border_style=&#8221;solid&#8221;][divider line_type=&#8221;No Line&#8221; custom_height=&#8221;10&#8243;][\/vc_column][\/vc_row][vc_row type=&#8221;in_container&#8221; full_screen_row_position=&#8221;middle&#8221; column_margin=&#8221;default&#8221; column_direction=&#8221;default&#8221; column_direction_tablet=&#8221;default&#8221; column_direction_phone=&#8221;default&#8221; scene_position=&#8221;center&#8221; text_color=&#8221;dark&#8221; text_align=&#8221;left&#8221; row_border_radius=&#8221;none&#8221; row_border_radius_applies=&#8221;bg&#8221; overflow=&#8221;visible&#8221; overlay_strength=&#8221;0.3&#8243; gradient_direction=&#8221;left_to_right&#8221; shape_divider_position=&#8221;bottom&#8221; bg_image_animation=&#8221;none&#8221;][vc_column column_padding=&#8221;no-extra-padding&#8221; column_padding_tablet=&#8221;inherit&#8221; column_padding_phone=&#8221;inherit&#8221; column_padding_position=&#8221;all&#8221; column_element_spacing=&#8221;default&#8221; background_color_opacity=&#8221;1&#8243; background_hover_color_opacity=&#8221;1&#8243; column_shadow=&#8221;none&#8221; column_border_radius=&#8221;none&#8221; column_link_target=&#8221;_self&#8221; column_position=&#8221;default&#8221; gradient_direction=&#8221;left_to_right&#8221; overlay_strength=&#8221;0.3&#8243; width=&#8221;1\/1&#8243; tablet_width_inherit=&#8221;default&#8221; tablet_text_alignment=&#8221;default&#8221; phone_text_alignment=&#8221;default&#8221; animation_type=&#8221;default&#8221; bg_image_animation=&#8221;none&#8221; border_type=&#8221;simple&#8221; column_border_width=&#8221;none&#8221; column_border_style=&#8221;solid&#8221;][vc_column_text]\n<h2 id=\"stoc-adottare-tecnologie-cloud-native-i-vantaggi-per-lit-e-per-il-business\" class=\"wpig-heading\">Adottare tecnologie Cloud Native: i vantaggi per l\u2019IT e per il business<\/h2>\n<p>Le caratteristiche appena presentate sono solo un assaggio dei benefici che l\u2019adozione di un\u2019architettura Cloud Native pu\u00f2 portare al sistema IT di un\u2019azienda, ma non solo: la portata delle tecnologie cloud native \u00e8 essenziale per tutte le aziende che vogliono innovare il proprio business in un contesto sfidante come quello attuale. Proviamo a fare una sintesi dei principali vantaggi per l\u2019IT e per il business.<\/p>\n<h3 id=\"stoc-1-time-to-market-veloce\" class=\"wpig-heading\">1. Time to Market veloce<\/h3>\n<p>Le tecnologie Cloud Native permettono di ottenere<strong> architetture flessibili<\/strong> che permettono di rispondere alle necessit\u00e0 di mercato sempre pi\u00f9 velocemente.<\/p>\n<h3 id=\"stoc-2-miglioramento-della-customer-experience-con-paradigma-continuous-integration-continuous-delivery\" class=\"wpig-heading\">2. Miglioramento della customer experience con paradigma continuous integration\/continuous delivery<\/h3>\n<p>\u00c8 possibile applicare pratiche<strong> DevOps<\/strong>\u00a0che permettono di rilasciare in modo continuo e testato le applicazioni.<\/p>\n<h3 id=\"stoc-3-ridurre-i-costi-di-sviluppo-e-incrementare-la-riusabilita\" class=\"wpig-heading\">3. Ridurre i costi di sviluppo e incrementare la riusabilit\u00e0<\/h3>\n<p>Strutturare le <a href=\"https:\/\/www.intesys.it\/information-technology\/tecnologie-sviluppo-software\/kubernetes\/\" target=\"_blank\" rel=\"noopener\"><strong>applicazioni con microservizi<\/strong><\/a> e utilizzare <strong>infrastrutture a container<\/strong> fa s\u00ec che questi \u201cpezzi di software\u201d possano essere <strong>utilizzati come \u201cmattoncini Lego\u201d per lo sviluppo di futuri progetti.<\/strong><\/p>\n<h3 id=\"stoc-4-costruire-applicazioni-affidabili-e-scalabili-by-design-per-garantire-la-business-continuity\" class=\"wpig-heading\">4. Costruire applicazioni affidabili e scalabili by design per garantire la business continuity<\/h3>\n<p>Le architetture a microservizi sono per loro natura <strong>resilienti<\/strong>: al verificarsi di un problema tecnico \u00e8 possibile prevedere <strong>un meccanismo di auto-ridondanza<\/strong>, facendo spostare l\u2019esecuzione degli applicativi in modo automatico sulla infrastruttura.<\/p>\n<h3 id=\"stoc-5-semplificare-la-gestione-delle-infrastrutture-utilizzando-in-maniera-piu-efficiente-il-budget-it\" class=\"wpig-heading\">5. Semplificare la gestione delle infrastrutture utilizzando in maniera pi\u00f9 efficiente il budget IT<\/h3>\n<p>Utilizzare le<strong> risorse dei public cloud<\/strong> oppure le<strong> nuove piattaforme serverless<\/strong> \u2013 come<a href=\"https:\/\/www.intesys.it\/information-technology\/tecnologie-sviluppo-software\/\" target=\"_blank\" rel=\"noopener\"> Azure o AWS<\/a> Lambda \u2013<strong> riduce drasticamente la necessit\u00e0 di investimenti importanti<\/strong> per l\u2019acquisto e la gestione di server e l\u2019aggiornamento dei software di base o il rinnovo di licenze.<\/p>\n<h3 id=\"stoc-6-evitare-il-vendor-lock-in\" class=\"wpig-heading\">6. Evitare il vendor lock-in<\/h3>\n<p>Il <strong>problema del vendor lock-in<\/strong> delle licenze software \u2013 ovvero la difficolt\u00e0 di cambiare le attuali tecnologie poco attrattive \u2013<strong> viene mitigato dall\u2019utilizzo di software open source e della standardizzazione delle interfacce nello scambio dati<\/strong>: in questo modo una applicazione pu\u00f2 funzionare su qualunque piattaforma pubblica o privata.<\/p>\n<h3 id=\"stoc-7-promuovere-la-cultura-della-comunicazione-e-delle-applicazioni-seamless\" class=\"wpig-heading\">7. Promuovere la cultura della comunicazione e delle applicazioni seamless<\/h3>\n<p>Processi legacy e <strong>sistemi legacy hanno una pessima caratteristica<\/strong>: possono <a href=\"https:\/\/www.intesys.it\/journal\/digital-transformation\/business-continuity-cosa-succede-se-la-tua-azienda-si-ferma-24-ore\/\"><strong>bloccare la spinta del business<\/strong><\/a> nei momenti critici. Rilasciare <strong>applicazioni Cloud Native<\/strong> per le funzioni core di business <strong>elimina questo collo di bottiglia<\/strong> perch\u00e9 si costruisce e si utilizza una <a href=\"https:\/\/www.intesys.it\/journal\/information-technology\/observability-vs-monitoring-combinare-i-due-approcci-per-evitare-downtime-e-disservizi\/\">piattaforma seamless<\/a> orizzontale mantenendo le applicazioni e i servizi ben organizzati.<\/p>\n<p>&nbsp;<\/p>\n<p>Oggi, migrare al cloud per ridurre i costi IT \u00e8 la normalit\u00e0: ma la <strong>migrazione \u00e8 solo l&#8217;inizio<\/strong>. Le organizzazioni dovrebbero affrontare il Cloud come un <strong>percorso di miglioramento continuo<\/strong> non solo <strong>dal punto di vista tecnologico<\/strong> ma anche<strong> culturale<\/strong>.<\/p>\n<h2 id=\"stoc-perche-e-anche-un-cambiamento-culturale\" class=\"wpig-heading\">Perch\u00e9 \u00e8 anche un cambiamento culturale?<\/h2>\n<p>Le tecnologie Cloud Native non portano vantaggi solo all\u2019IT, ma a<strong> tutto il business<\/strong>: per questo motivo, la transizione verso architetture Cloud Native non costituisce un cambio radicale solo per l\u2019area tecnica, ma coinvolge tutta l\u2019azienda nel suo complesso.<\/p>\n<p>Tuttavia, per <strong>passare a una metodologia cloud<\/strong> l\u2019azienda deve farsi trovare pronta: adottare sempre nuove tecnologie in modo sicuro, consapevole e reattivo alle richieste di mercato, significa<strong> adoperarsi<\/strong> non solo nell\u2019<strong>acquisizione di nuove infrastrutture e architetture IT<\/strong>, o di <strong>nuove professionalit\u00e0 e know-how<\/strong>, ma alla base bisogna avere dei<strong> valori e delle best practice<\/strong> che non rifiutino il<strong> cambiamento<\/strong>, bens\u00ec che siano pronte ad accoglierlo in casa.<\/p>\n<p>Alla luce di queste considerazioni possiamo concordare che<strong> il passaggio all\u2019architettura Cloud Native \u00e8 un\u2019esperienza trasversale che abbraccia <a href=\"https:\/\/www.intesys.it\/information-technology\/metodologia-e-approccio\/\" target=\"_blank\" rel=\"noopener\">processi, infrastrutture, tecnologia e cultura aziendale<\/a>.<\/strong><\/p>\n<p>&nbsp;<\/p>\n<h4 id=\"stoc-\" class=\"wpig-heading\"><\/h4>\n[\/vc_column_text][\/vc_column][\/vc_row][vc_row type=&#8221;full_width_background&#8221; full_screen_row_position=&#8221;middle&#8221; column_margin=&#8221;default&#8221; equal_height=&#8221;yes&#8221; column_direction=&#8221;default&#8221; column_direction_tablet=&#8221;default&#8221; column_direction_phone=&#8221;default&#8221; scene_position=&#8221;center&#8221; text_color=&#8221;dark&#8221; text_align=&#8221;left&#8221; row_border_radius=&#8221;none&#8221; row_border_radius_applies=&#8221;bg&#8221; overflow=&#8221;visible&#8221; advanced_gradient_angle=&#8221;0&#8243; overlay_strength=&#8221;0.3&#8243; gradient_direction=&#8221;left_to_right&#8221; shape_divider_position=&#8221;bottom&#8221; bg_image_animation=&#8221;none&#8221; shape_type=&#8221;&#8221; gradient_type=&#8221;default&#8221;][vc_column column_padding=&#8221;padding-3-percent&#8221; column_padding_tablet=&#8221;inherit&#8221; column_padding_phone=&#8221;inherit&#8221; column_padding_position=&#8221;right&#8221; column_element_spacing=&#8221;default&#8221; background_color_opacity=&#8221;1&#8243; background_hover_color_opacity=&#8221;1&#8243; column_shadow=&#8221;none&#8221; column_border_radius=&#8221;none&#8221; column_link_target=&#8221;_self&#8221; column_position=&#8221;default&#8221; advanced_gradient_angle=&#8221;0&#8243; gradient_direction=&#8221;left_to_right&#8221; overlay_strength=&#8221;0.3&#8243; width=&#8221;1\/1&#8243; tablet_width_inherit=&#8221;default&#8221; tablet_text_alignment=&#8221;default&#8221; phone_text_alignment=&#8221;default&#8221; animation_type=&#8221;default&#8221; enable_animation=&#8221;true&#8221; animation=&#8221;fade-in-from-bottom&#8221; bg_image_animation=&#8221;none&#8221; border_type=&#8221;simple&#8221; column_border_width=&#8221;none&#8221; column_border_style=&#8221;solid&#8221; gradient_type=&#8221;default&#8221;][nectar_btn size=&#8221;large&#8221; open_new_tab=&#8221;true&#8221; button_style=&#8221;regular&#8221; button_color_2=&#8221;Accent-Color&#8221; color_override=&#8221;#0f33ce&#8221; solid_text_color_override=&#8221;#ffffff&#8221; icon_family=&#8221;none&#8221; text=&#8221;SCOPRI I CONTENUTI ON DEMAND&#8221; margin_top=&#8221;10&#8243; url=&#8221;https:\/\/www.intesys.it\/api-date\/&#8221;][\/vc_column][\/vc_row][vc_row type=&#8221;in_container&#8221; full_screen_row_position=&#8221;middle&#8221; column_margin=&#8221;default&#8221; column_direction=&#8221;default&#8221; column_direction_tablet=&#8221;default&#8221; column_direction_phone=&#8221;default&#8221; scene_position=&#8221;center&#8221; text_color=&#8221;dark&#8221; text_align=&#8221;left&#8221; row_border_radius=&#8221;none&#8221; row_border_radius_applies=&#8221;bg&#8221; overflow=&#8221;visible&#8221; overlay_strength=&#8221;0.3&#8243; gradient_direction=&#8221;left_to_right&#8221; shape_divider_position=&#8221;bottom&#8221; bg_image_animation=&#8221;none&#8221;][vc_column column_padding=&#8221;no-extra-padding&#8221; column_padding_tablet=&#8221;inherit&#8221; column_padding_phone=&#8221;inherit&#8221; column_padding_position=&#8221;all&#8221; column_element_spacing=&#8221;default&#8221; background_color_opacity=&#8221;1&#8243; background_hover_color_opacity=&#8221;1&#8243; column_shadow=&#8221;none&#8221; column_border_radius=&#8221;none&#8221; column_link_target=&#8221;_self&#8221; column_position=&#8221;default&#8221; gradient_direction=&#8221;left_to_right&#8221; overlay_strength=&#8221;0.3&#8243; width=&#8221;1\/1&#8243; tablet_width_inherit=&#8221;default&#8221; tablet_text_alignment=&#8221;default&#8221; phone_text_alignment=&#8221;default&#8221; animation_type=&#8221;default&#8221; bg_image_animation=&#8221;none&#8221; border_type=&#8221;simple&#8221; column_border_width=&#8221;none&#8221; column_border_style=&#8221;solid&#8221;][divider line_type=&#8221;No Line&#8221; custom_height=&#8221;10&#8243;][\/vc_column][\/vc_row]\n","protected":false},"excerpt":{"rendered":"<p>[vc_row type=&#8221;in_container&#8221; full_screen_row_position=&#8221;middle&#8221; column_margin=&#8221;default&#8221; column_direction=&#8221;default&#8221; column_direction_tablet=&#8221;default&#8221; column_direction_phone=&#8221;default&#8221; scene_position=&#8221;center&#8221; text_color=&#8221;dark&#8221; text_align=&#8221;left&#8221; row_border_radius=&#8221;none&#8221; row_border_radius_applies=&#8221;bg&#8221; overflow=&#8221;visible&#8221; overlay_strength=&#8221;0.3&#8243; gradient_direction=&#8221;left_to_right&#8221;&#8230;<\/p>\n","protected":false},"author":33,"featured_media":11331,"comment_status":"closed","ping_status":"closed","sticky":false,"template":"","format":"standard","meta":{"_acf_changed":false,"inline_featured_image":false,"footnotes":""},"categories":[27],"tags":[78,79,113,139,753,451],"class_list":{"0":"post-11321","1":"post","2":"type-post","3":"status-publish","4":"format-standard","5":"has-post-thumbnail","7":"category-information-technology","8":"tag-architettura-it","9":"tag-architetture-evolutive","10":"tag-business-continuity","11":"tag-cloud","12":"tag-infrastruttura-it","13":"tag-microservizi"},"acf":[],"yoast_head":"<!-- This site is optimized with the Yoast SEO plugin v25.8 - https:\/\/yoast.com\/wordpress\/plugins\/seo\/ -->\n<title>Verso le architetture Cloud Native: un cambiamento IT e culturale<\/title>\n<meta name=\"description\" content=\"La transizione verso architetture Cloud Native \u00e8 un cambiamento tecnologico e culturale con importanti vantaggi sull\u2019IT e sul business.\" \/>\n<meta name=\"robots\" content=\"index, follow, max-snippet:-1, max-image-preview:large, max-video-preview:-1\" \/>\n<link rel=\"canonical\" href=\"https:\/\/www.intesys.it\/journal\/information-technology\/architetture-cloud-native-un-cambiamento-tecnologico-e-culturale-a-favore-del-business\/\" \/>\n<meta property=\"og:locale\" content=\"it_IT\" \/>\n<meta property=\"og:type\" content=\"article\" \/>\n<meta property=\"og:title\" content=\"Verso le architetture Cloud Native: un cambiamento IT e culturale\" \/>\n<meta property=\"og:description\" content=\"La transizione verso architetture Cloud Native \u00e8 un cambiamento tecnologico e culturale con importanti vantaggi sull\u2019IT e sul business.\" \/>\n<meta property=\"og:url\" content=\"https:\/\/www.intesys.it\/journal\/information-technology\/architetture-cloud-native-un-cambiamento-tecnologico-e-culturale-a-favore-del-business\/\" \/>\n<meta property=\"og:site_name\" content=\"Intesys Journal\" \/>\n<meta property=\"article:published_time\" content=\"2022-07-28T11:30:01+00:00\" \/>\n<meta property=\"article:modified_time\" content=\"2022-11-25T13:58:08+00:00\" \/>\n<meta name=\"author\" content=\"Paolo Quaglia\" \/>\n<meta name=\"twitter:card\" content=\"summary_large_image\" \/>\n<meta name=\"twitter:image\" content=\"https:\/\/www.intesys.it\/journal\/wp-content\/uploads\/sites\/13\/2022\/07\/verso-le-architetture-cloud-native-journal.png\" \/>\n<meta name=\"twitter:label1\" content=\"Scritto da\" \/>\n\t<meta name=\"twitter:data1\" content=\"Paolo Quaglia\" \/>\n\t<meta name=\"twitter:label2\" content=\"Tempo di lettura stimato\" \/>\n\t<meta name=\"twitter:data2\" content=\"9 minuti\" \/>\n<script type=\"application\/ld+json\" class=\"yoast-schema-graph\">{\"@context\":\"https:\/\/schema.org\",\"@graph\":[{\"@type\":\"WebPage\",\"@id\":\"https:\/\/www.intesys.it\/journal\/information-technology\/architetture-cloud-native-un-cambiamento-tecnologico-e-culturale-a-favore-del-business\/\",\"url\":\"https:\/\/www.intesys.it\/journal\/information-technology\/architetture-cloud-native-un-cambiamento-tecnologico-e-culturale-a-favore-del-business\/\",\"name\":\"Verso le architetture Cloud Native: un cambiamento IT e culturale\",\"isPartOf\":{\"@id\":\"https:\/\/www.intesys.it\/journal\/#website\"},\"primaryImageOfPage\":{\"@id\":\"https:\/\/www.intesys.it\/journal\/information-technology\/architetture-cloud-native-un-cambiamento-tecnologico-e-culturale-a-favore-del-business\/#primaryimage\"},\"image\":{\"@id\":\"https:\/\/www.intesys.it\/journal\/information-technology\/architetture-cloud-native-un-cambiamento-tecnologico-e-culturale-a-favore-del-business\/#primaryimage\"},\"thumbnailUrl\":\"https:\/\/www.intesys.it\/journal\/wp-content\/uploads\/sites\/13\/2022\/07\/verso-le-architetture-cloud-native-journal.png\",\"datePublished\":\"2022-07-28T11:30:01+00:00\",\"dateModified\":\"2022-11-25T13:58:08+00:00\",\"author\":{\"@id\":\"https:\/\/www.intesys.it\/journal\/#\/schema\/person\/07c6ed0aad659807059b2f675311eafc\"},\"description\":\"La transizione verso architetture Cloud Native \u00e8 un cambiamento tecnologico e culturale con importanti vantaggi sull\u2019IT e sul business.\",\"breadcrumb\":{\"@id\":\"https:\/\/www.intesys.it\/journal\/information-technology\/architetture-cloud-native-un-cambiamento-tecnologico-e-culturale-a-favore-del-business\/#breadcrumb\"},\"inLanguage\":\"it-IT\",\"potentialAction\":[{\"@type\":\"ReadAction\",\"target\":[\"https:\/\/www.intesys.it\/journal\/information-technology\/architetture-cloud-native-un-cambiamento-tecnologico-e-culturale-a-favore-del-business\/\"]}]},{\"@type\":\"ImageObject\",\"inLanguage\":\"it-IT\",\"@id\":\"https:\/\/www.intesys.it\/journal\/information-technology\/architetture-cloud-native-un-cambiamento-tecnologico-e-culturale-a-favore-del-business\/#primaryimage\",\"url\":\"https:\/\/www.intesys.it\/journal\/wp-content\/uploads\/sites\/13\/2022\/07\/verso-le-architetture-cloud-native-journal.png\",\"contentUrl\":\"https:\/\/www.intesys.it\/journal\/wp-content\/uploads\/sites\/13\/2022\/07\/verso-le-architetture-cloud-native-journal.png\",\"width\":1280,\"height\":960},{\"@type\":\"BreadcrumbList\",\"@id\":\"https:\/\/www.intesys.it\/journal\/information-technology\/architetture-cloud-native-un-cambiamento-tecnologico-e-culturale-a-favore-del-business\/#breadcrumb\",\"itemListElement\":[{\"@type\":\"ListItem\",\"position\":1,\"name\":\"Home\",\"item\":\"https:\/\/www.intesys.it\/journal\/\"},{\"@type\":\"ListItem\",\"position\":2,\"name\":\"Verso le architetture Cloud Native: un cambiamento tecnologico e culturale a favore del business\"}]},{\"@type\":\"WebSite\",\"@id\":\"https:\/\/www.intesys.it\/journal\/#website\",\"url\":\"https:\/\/www.intesys.it\/journal\/\",\"name\":\"Intesys\",\"description\":\"Ogni settimana nuovi articoli dedicati al mondo della trasformazione digitale!\",\"potentialAction\":[{\"@type\":\"SearchAction\",\"target\":{\"@type\":\"EntryPoint\",\"urlTemplate\":\"https:\/\/www.intesys.it\/journal\/?s={search_term_string}\"},\"query-input\":{\"@type\":\"PropertyValueSpecification\",\"valueRequired\":true,\"valueName\":\"search_term_string\"}}],\"inLanguage\":\"it-IT\"},{\"@type\":\"Person\",\"@id\":\"https:\/\/www.intesys.it\/journal\/#\/schema\/person\/07c6ed0aad659807059b2f675311eafc\",\"name\":\"Paolo Quaglia\",\"image\":{\"@type\":\"ImageObject\",\"inLanguage\":\"it-IT\",\"@id\":\"https:\/\/www.intesys.it\/journal\/#\/schema\/person\/image\/\",\"url\":\"https:\/\/secure.gravatar.com\/avatar\/10f8f0d19d7d4e4178709fb2b987d13f1cdfef3681384629dfabe72aa6fb3954?s=96&d=mm&r=g\",\"contentUrl\":\"https:\/\/secure.gravatar.com\/avatar\/10f8f0d19d7d4e4178709fb2b987d13f1cdfef3681384629dfabe72aa6fb3954?s=96&d=mm&r=g\",\"caption\":\"Paolo Quaglia\"},\"description\":\"Oltre 20 anni di esperienza in Intesys nell\u2019IT, applicata ai servizi e alle architetture per le aziende, consentono a Paolo di accompagnare CIO e IT manager in complessi progetti di Digital Transformation.\",\"url\":\"https:\/\/www.intesys.it\/journal\/autore\/paolo-quaglia\/\"}]}<\/script>\n<!-- \/ Yoast SEO plugin. -->","yoast_head_json":{"title":"Verso le architetture Cloud Native: un cambiamento IT e culturale","description":"La transizione verso architetture Cloud Native \u00e8 un cambiamento tecnologico e culturale con importanti vantaggi sull\u2019IT e sul business.","robots":{"index":"index","follow":"follow","max-snippet":"max-snippet:-1","max-image-preview":"max-image-preview:large","max-video-preview":"max-video-preview:-1"},"canonical":"https:\/\/www.intesys.it\/journal\/information-technology\/architetture-cloud-native-un-cambiamento-tecnologico-e-culturale-a-favore-del-business\/","og_locale":"it_IT","og_type":"article","og_title":"Verso le architetture Cloud Native: un cambiamento IT e culturale","og_description":"La transizione verso architetture Cloud Native \u00e8 un cambiamento tecnologico e culturale con importanti vantaggi sull\u2019IT e sul business.","og_url":"https:\/\/www.intesys.it\/journal\/information-technology\/architetture-cloud-native-un-cambiamento-tecnologico-e-culturale-a-favore-del-business\/","og_site_name":"Intesys Journal","article_published_time":"2022-07-28T11:30:01+00:00","article_modified_time":"2022-11-25T13:58:08+00:00","author":"Paolo Quaglia","twitter_card":"summary_large_image","twitter_image":"https:\/\/www.intesys.it\/journal\/wp-content\/uploads\/sites\/13\/2022\/07\/verso-le-architetture-cloud-native-journal.png","twitter_misc":{"Scritto da":"Paolo Quaglia","Tempo di lettura stimato":"9 minuti"},"schema":{"@context":"https:\/\/schema.org","@graph":[{"@type":"WebPage","@id":"https:\/\/www.intesys.it\/journal\/information-technology\/architetture-cloud-native-un-cambiamento-tecnologico-e-culturale-a-favore-del-business\/","url":"https:\/\/www.intesys.it\/journal\/information-technology\/architetture-cloud-native-un-cambiamento-tecnologico-e-culturale-a-favore-del-business\/","name":"Verso le architetture Cloud Native: un cambiamento IT e culturale","isPartOf":{"@id":"https:\/\/www.intesys.it\/journal\/#website"},"primaryImageOfPage":{"@id":"https:\/\/www.intesys.it\/journal\/information-technology\/architetture-cloud-native-un-cambiamento-tecnologico-e-culturale-a-favore-del-business\/#primaryimage"},"image":{"@id":"https:\/\/www.intesys.it\/journal\/information-technology\/architetture-cloud-native-un-cambiamento-tecnologico-e-culturale-a-favore-del-business\/#primaryimage"},"thumbnailUrl":"https:\/\/www.intesys.it\/journal\/wp-content\/uploads\/sites\/13\/2022\/07\/verso-le-architetture-cloud-native-journal.png","datePublished":"2022-07-28T11:30:01+00:00","dateModified":"2022-11-25T13:58:08+00:00","author":{"@id":"https:\/\/www.intesys.it\/journal\/#\/schema\/person\/07c6ed0aad659807059b2f675311eafc"},"description":"La transizione verso architetture Cloud Native \u00e8 un cambiamento tecnologico e culturale con importanti vantaggi sull\u2019IT e sul business.","breadcrumb":{"@id":"https:\/\/www.intesys.it\/journal\/information-technology\/architetture-cloud-native-un-cambiamento-tecnologico-e-culturale-a-favore-del-business\/#breadcrumb"},"inLanguage":"it-IT","potentialAction":[{"@type":"ReadAction","target":["https:\/\/www.intesys.it\/journal\/information-technology\/architetture-cloud-native-un-cambiamento-tecnologico-e-culturale-a-favore-del-business\/"]}]},{"@type":"ImageObject","inLanguage":"it-IT","@id":"https:\/\/www.intesys.it\/journal\/information-technology\/architetture-cloud-native-un-cambiamento-tecnologico-e-culturale-a-favore-del-business\/#primaryimage","url":"https:\/\/www.intesys.it\/journal\/wp-content\/uploads\/sites\/13\/2022\/07\/verso-le-architetture-cloud-native-journal.png","contentUrl":"https:\/\/www.intesys.it\/journal\/wp-content\/uploads\/sites\/13\/2022\/07\/verso-le-architetture-cloud-native-journal.png","width":1280,"height":960},{"@type":"BreadcrumbList","@id":"https:\/\/www.intesys.it\/journal\/information-technology\/architetture-cloud-native-un-cambiamento-tecnologico-e-culturale-a-favore-del-business\/#breadcrumb","itemListElement":[{"@type":"ListItem","position":1,"name":"Home","item":"https:\/\/www.intesys.it\/journal\/"},{"@type":"ListItem","position":2,"name":"Verso le architetture Cloud Native: un cambiamento tecnologico e culturale a favore del business"}]},{"@type":"WebSite","@id":"https:\/\/www.intesys.it\/journal\/#website","url":"https:\/\/www.intesys.it\/journal\/","name":"Intesys","description":"Ogni settimana nuovi articoli dedicati al mondo della trasformazione digitale!","potentialAction":[{"@type":"SearchAction","target":{"@type":"EntryPoint","urlTemplate":"https:\/\/www.intesys.it\/journal\/?s={search_term_string}"},"query-input":{"@type":"PropertyValueSpecification","valueRequired":true,"valueName":"search_term_string"}}],"inLanguage":"it-IT"},{"@type":"Person","@id":"https:\/\/www.intesys.it\/journal\/#\/schema\/person\/07c6ed0aad659807059b2f675311eafc","name":"Paolo Quaglia","image":{"@type":"ImageObject","inLanguage":"it-IT","@id":"https:\/\/www.intesys.it\/journal\/#\/schema\/person\/image\/","url":"https:\/\/secure.gravatar.com\/avatar\/10f8f0d19d7d4e4178709fb2b987d13f1cdfef3681384629dfabe72aa6fb3954?s=96&d=mm&r=g","contentUrl":"https:\/\/secure.gravatar.com\/avatar\/10f8f0d19d7d4e4178709fb2b987d13f1cdfef3681384629dfabe72aa6fb3954?s=96&d=mm&r=g","caption":"Paolo Quaglia"},"description":"Oltre 20 anni di esperienza in Intesys nell\u2019IT, applicata ai servizi e alle architetture per le aziende, consentono a Paolo di accompagnare CIO e IT manager in complessi progetti di Digital Transformation.","url":"https:\/\/www.intesys.it\/journal\/autore\/paolo-quaglia\/"}]}},"_links":{"self":[{"href":"https:\/\/www.intesys.it\/journal\/wp-json\/wp\/v2\/posts\/11321","targetHints":{"allow":["GET"]}}],"collection":[{"href":"https:\/\/www.intesys.it\/journal\/wp-json\/wp\/v2\/posts"}],"about":[{"href":"https:\/\/www.intesys.it\/journal\/wp-json\/wp\/v2\/types\/post"}],"author":[{"embeddable":true,"href":"https:\/\/www.intesys.it\/journal\/wp-json\/wp\/v2\/users\/33"}],"replies":[{"embeddable":true,"href":"https:\/\/www.intesys.it\/journal\/wp-json\/wp\/v2\/comments?post=11321"}],"version-history":[{"count":11,"href":"https:\/\/www.intesys.it\/journal\/wp-json\/wp\/v2\/posts\/11321\/revisions"}],"predecessor-version":[{"id":11979,"href":"https:\/\/www.intesys.it\/journal\/wp-json\/wp\/v2\/posts\/11321\/revisions\/11979"}],"wp:featuredmedia":[{"embeddable":true,"href":"https:\/\/www.intesys.it\/journal\/wp-json\/wp\/v2\/media\/11331"}],"wp:attachment":[{"href":"https:\/\/www.intesys.it\/journal\/wp-json\/wp\/v2\/media?parent=11321"}],"wp:term":[{"taxonomy":"category","embeddable":true,"href":"https:\/\/www.intesys.it\/journal\/wp-json\/wp\/v2\/categories?post=11321"},{"taxonomy":"post_tag","embeddable":true,"href":"https:\/\/www.intesys.it\/journal\/wp-json\/wp\/v2\/tags?post=11321"}],"curies":[{"name":"wp","href":"https:\/\/api.w.org\/{rel}","templated":true}]}}