{"id":1756,"date":"2016-03-08T09:00:26","date_gmt":"2016-03-08T08:00:26","guid":{"rendered":"https:\/\/www.intesys.it\/journal\/?p=1756"},"modified":"2022-03-03T15:02:33","modified_gmt":"2022-03-03T14:02:33","slug":"mobile-device-management-mobilita-collaborazione","status":"publish","type":"post","link":"https:\/\/www.intesys.it\/journal\/information-technology\/mobile-device-management-mobilita-collaborazione\/","title":{"rendered":"Mobile Device Management: mobilit\u00e0 e collaborazione"},"content":{"rendered":"<p><\/p><p><strong>Il lavoro in mobilit\u00e0<\/strong> rappresenta, per moltissime aziende, un\u2019opportunit\u00e0 alla quale \u00e8 difficile rinunciare:<\/p>\n<ul>\n<li>rende veloce la comunicazione e quindi fluido il processo decisionale;<\/li>\n<li>consente una maggiore partecipazione alla vita aziendale anche a chi lavora sul campo;<\/li>\n<li>supporta la <strong>produttivit\u00e0<\/strong> perch\u00e9, ottimizzando i <strong>tempi<\/strong>, libera <strong>risorse<\/strong> a favore di un\u2019efficace gestione del quotidiano.<\/li>\n<\/ul>\n<p>Se da un lato \u00e8 vero che questa tendenza sta offrendo alle aziende numerosi vantaggi, \u00e8 altrettanto vero che porta con s\u00e9 dubbi e domande, lanciando agli <strong>IT Manager<\/strong> una sfida legata ai temi della sicurezza, della gestione della privacy, della protezione dei dispositivi ma soprattutto dei dati aziendali.<\/p>\n<p>Complementare al tema del lavoro in mobilit\u00e0<strong>, <a href=\"https:\/\/it.wikipedia.org\/wiki\/Bring_your_own_device\" target=\"_blank\" rel=\"noopener\">BYOD<\/a><\/strong> rappresenta un secondo focus con cui le risorse IT si confrontano oggi in azienda. Si tratta di un trend riferito alla <strong>possibilit\u00e0 di utilizzare, in ambito professionale, dispositivi personali quali smartphone e tablet.<\/strong>\u00a0Riflette il desiderio di mutuare dalla vita privata un\u2019esperienza d\u2019uso facile e intuitiva, potendo accedere alle risorse aziendali con pochi e semplici clic ovunque ci si trovi.<\/p>\n<p>In questo scenario di crescente digitalizzazione, le esigenze di utente e collaboratore tendono a sovrapporsi. Le aziende, a prescindere dalle loro dimensioni e dal loro assetto organizzativo, ci chiedono con sempre maggior insistenza e interesse consigli sulle misure da prendere e sull\u2019opportunit\u00e0 di implementare una strategia dedicata alla <strong>Gestione della Mobilit\u00e0<\/strong>.<\/p>\n<p>L\u2019obiettivo \u00e8 identificare soluzioni \u201cad hoc\u201d, che convergono su due esigenze principali:<\/p>\n<ul>\n<li><strong>rendere semplice e sicuro l\u2019accesso a risorse aziendali in mobilit\u00e0;<\/strong><\/li>\n<li><strong>consentire l\u2019uso professionale di dispositivi personali evitando interferenze con la sfera privata.<\/strong><\/li>\n<\/ul>\n<p>Sicurezza e BYOD non esauriscono le caratteristiche che i nostri interlocutori IT richiedono ad un programma di <strong>Mobile Device Management<\/strong>: <strong>semplicit\u00e0 nella gestione quotidiana<\/strong>, capacit\u00e0 di offrire una <strong>visione completa e sempre aggiornata in termini di accessi<\/strong> <strong>e dispositivi<\/strong> rappresentano infatti altri requisiti importanti su cui \u00e8 necessario porre l\u2019accento nell\u2019affrontare l\u2019argomento Mobility.<\/p>\n<p>Le <strong>Applicazioni<\/strong> sono l\u2019ultimo punto su cui intendo soffermarmi: la scelta di una soluzione di Mobile Device Management che facilita la distribuzione e l\u2019integrazione di App con gli strumenti informatici aziendali ne incoraggia sviluppo e utilizzo, per offrire sempre nuovi servizi e opportunit\u00e0 al proprio team di lavoro.<\/p>\n<p>Alla domanda \u201cqual \u00e8 il nostro\u00a0punto di forza in questo momento e in questo ambito?\u201d rispondo che il primo step di questo percorso \u00e8 rappresentato da una <strong>fase di analisi<\/strong> dettagliata.<\/p>\n<p>Obiettivo: mappare le esigenze di ogni singola realt\u00e0 e, su questa base, identificare la configurazione ottimale prendendo in considerazione il numero di dispositivi.<\/p>\n<p>Il passo successivo \u00e8 rappresentato dall\u2019<strong>installazione<\/strong> che pu\u00f2 prevedere l\u2019utilizzo del nostro cloud privato: una modalit\u00e0 che riduce l\u2019impiego di risorse e rende accessibile il servizio anche a chi, pur sensibile al problema, non dispone di un team dedicato.<\/p>\n<p>Relativamente alla fase di implementazione e di utilizzo vero e proprio, in linea con la nostra volont\u00e0 di sentirci partner e di offrire un servizio di qualit\u00e0, seguiamo i nostri clienti in tutto il percorso strutturando <strong>sessioni di formazione<\/strong>\u00a0e di <strong>affiancamento <\/strong>per dotare il team designato del know how necessario per ottenere i migliori risultati dalla soluzione scelta.<\/p>\n<p>Nelle fasi successive siamo a disposizione dei nostri clienti per introdurre le nuove funzionalit\u00e0 e gli aggiornamenti previsti da <strong>Mobile Iron<\/strong>, la soluzione che abbiamo scelto di utilizzare per offrire questo servizio.<\/p>\n","protected":false},"excerpt":{"rendered":"<p>Il lavoro in mobilit\u00e0 rappresenta, per moltissime aziende, un\u2019opportunit\u00e0 alla quale \u00e8 difficile rinunciare: rende veloce la comunicazione e quindi  fluido il processo decisionale, consente una maggiore partecipazione alla vita aziendale anche a  chi lavora sul campo, supporta la produttivit\u00e0 perch\u00e9, ottimizzando i tempi, libera risorse a favore di un\u2019efficace gestione del quotidiano.<\/p>\n","protected":false},"author":57,"featured_media":1761,"comment_status":"closed","ping_status":"closed","sticky":false,"template":"","format":"standard","meta":{"_acf_changed":false,"inline_featured_image":false,"footnotes":""},"categories":[27],"tags":[63,460],"class_list":{"0":"post-1756","1":"post","2":"type-post","3":"status-publish","4":"format-standard","5":"has-post-thumbnail","7":"category-information-technology","8":"tag-app-mobile","9":"tag-mobile"},"acf":[],"yoast_head":"<!-- This site is optimized with the Yoast SEO plugin v25.8 - https:\/\/yoast.com\/wordpress\/plugins\/seo\/ -->\n<title>Mobile Device Management: mobilit\u00e0 e collaborazione<\/title>\n<meta name=\"description\" content=\"Il Mobile Iron rende veloce la comunicazione consentendo una maggiore partecipazione alla vita aziendale e supporta la produttivit\u00e0 ottimizzandone i tempi.\" \/>\n<meta name=\"robots\" content=\"index, follow, max-snippet:-1, max-image-preview:large, max-video-preview:-1\" \/>\n<link rel=\"canonical\" href=\"https:\/\/www.intesys.it\/journal\/information-technology\/mobile-device-management-mobilita-collaborazione\/\" \/>\n<meta property=\"og:locale\" content=\"it_IT\" \/>\n<meta property=\"og:type\" content=\"article\" \/>\n<meta property=\"og:title\" content=\"Mobile Device Management: mobilit\u00e0 e collaborazione\" \/>\n<meta property=\"og:description\" content=\"Il Mobile Iron rende veloce la comunicazione consentendo una maggiore partecipazione alla vita aziendale e supporta la produttivit\u00e0 ottimizzandone i tempi.\" \/>\n<meta property=\"og:url\" content=\"https:\/\/www.intesys.it\/journal\/information-technology\/mobile-device-management-mobilita-collaborazione\/\" \/>\n<meta property=\"og:site_name\" content=\"Intesys Journal\" \/>\n<meta property=\"article:published_time\" content=\"2016-03-08T08:00:26+00:00\" \/>\n<meta property=\"article:modified_time\" content=\"2022-03-03T14:02:33+00:00\" \/>\n<meta property=\"og:image\" content=\"https:\/\/www.intesys.it\/journal\/wp-content\/uploads\/sites\/13\/2016\/03\/Mobile-iron1.jpg\" \/>\n\t<meta property=\"og:image:width\" content=\"1280\" \/>\n\t<meta property=\"og:image:height\" content=\"960\" \/>\n\t<meta property=\"og:image:type\" content=\"image\/jpeg\" \/>\n<meta name=\"author\" content=\"Massimo Recchia\" \/>\n<meta name=\"twitter:card\" content=\"summary_large_image\" \/>\n<meta name=\"twitter:label1\" content=\"Scritto da\" \/>\n\t<meta name=\"twitter:data1\" content=\"Massimo Recchia\" \/>\n\t<meta name=\"twitter:label2\" content=\"Tempo di lettura stimato\" \/>\n\t<meta name=\"twitter:data2\" content=\"3 minuti\" \/>\n<script type=\"application\/ld+json\" class=\"yoast-schema-graph\">{\"@context\":\"https:\/\/schema.org\",\"@graph\":[{\"@type\":\"WebPage\",\"@id\":\"https:\/\/www.intesys.it\/journal\/information-technology\/mobile-device-management-mobilita-collaborazione\/\",\"url\":\"https:\/\/www.intesys.it\/journal\/information-technology\/mobile-device-management-mobilita-collaborazione\/\",\"name\":\"Mobile Device Management: mobilit\u00e0 e collaborazione\",\"isPartOf\":{\"@id\":\"https:\/\/www.intesys.it\/journal\/#website\"},\"primaryImageOfPage\":{\"@id\":\"https:\/\/www.intesys.it\/journal\/information-technology\/mobile-device-management-mobilita-collaborazione\/#primaryimage\"},\"image\":{\"@id\":\"https:\/\/www.intesys.it\/journal\/information-technology\/mobile-device-management-mobilita-collaborazione\/#primaryimage\"},\"thumbnailUrl\":\"https:\/\/www.intesys.it\/journal\/wp-content\/uploads\/sites\/13\/2016\/03\/Mobile-iron1.jpg\",\"datePublished\":\"2016-03-08T08:00:26+00:00\",\"dateModified\":\"2022-03-03T14:02:33+00:00\",\"author\":{\"@id\":\"https:\/\/www.intesys.it\/journal\/#\/schema\/person\/c45a778b1788b5ec14f8de2108976f1a\"},\"description\":\"Il Mobile Iron rende veloce la comunicazione consentendo una maggiore partecipazione alla vita aziendale e supporta la produttivit\u00e0 ottimizzandone i tempi.\",\"breadcrumb\":{\"@id\":\"https:\/\/www.intesys.it\/journal\/information-technology\/mobile-device-management-mobilita-collaborazione\/#breadcrumb\"},\"inLanguage\":\"it-IT\",\"potentialAction\":[{\"@type\":\"ReadAction\",\"target\":[\"https:\/\/www.intesys.it\/journal\/information-technology\/mobile-device-management-mobilita-collaborazione\/\"]}]},{\"@type\":\"ImageObject\",\"inLanguage\":\"it-IT\",\"@id\":\"https:\/\/www.intesys.it\/journal\/information-technology\/mobile-device-management-mobilita-collaborazione\/#primaryimage\",\"url\":\"https:\/\/www.intesys.it\/journal\/wp-content\/uploads\/sites\/13\/2016\/03\/Mobile-iron1.jpg\",\"contentUrl\":\"https:\/\/www.intesys.it\/journal\/wp-content\/uploads\/sites\/13\/2016\/03\/Mobile-iron1.jpg\",\"width\":1280,\"height\":960,\"caption\":\"Mobile-iron\"},{\"@type\":\"BreadcrumbList\",\"@id\":\"https:\/\/www.intesys.it\/journal\/information-technology\/mobile-device-management-mobilita-collaborazione\/#breadcrumb\",\"itemListElement\":[{\"@type\":\"ListItem\",\"position\":1,\"name\":\"Home\",\"item\":\"https:\/\/www.intesys.it\/journal\/\"},{\"@type\":\"ListItem\",\"position\":2,\"name\":\"Mobile Device Management: mobilit\u00e0 e collaborazione\"}]},{\"@type\":\"WebSite\",\"@id\":\"https:\/\/www.intesys.it\/journal\/#website\",\"url\":\"https:\/\/www.intesys.it\/journal\/\",\"name\":\"Intesys\",\"description\":\"Ogni settimana nuovi articoli dedicati al mondo della trasformazione digitale!\",\"potentialAction\":[{\"@type\":\"SearchAction\",\"target\":{\"@type\":\"EntryPoint\",\"urlTemplate\":\"https:\/\/www.intesys.it\/journal\/?s={search_term_string}\"},\"query-input\":{\"@type\":\"PropertyValueSpecification\",\"valueRequired\":true,\"valueName\":\"search_term_string\"}}],\"inLanguage\":\"it-IT\"},{\"@type\":\"Person\",\"@id\":\"https:\/\/www.intesys.it\/journal\/#\/schema\/person\/c45a778b1788b5ec14f8de2108976f1a\",\"name\":\"Massimo Recchia\",\"image\":{\"@type\":\"ImageObject\",\"inLanguage\":\"it-IT\",\"@id\":\"https:\/\/www.intesys.it\/journal\/#\/schema\/person\/image\/\",\"url\":\"https:\/\/secure.gravatar.com\/avatar\/3feef0fe5efe5ed954e763c4327ddc713266bb471a25bf6d76a545d758f9e617?s=96&d=mm&r=g\",\"contentUrl\":\"https:\/\/secure.gravatar.com\/avatar\/3feef0fe5efe5ed954e763c4327ddc713266bb471a25bf6d76a545d758f9e617?s=96&d=mm&r=g\",\"caption\":\"Massimo Recchia\"},\"description\":\"Massimo era Cloud Solution Architect in Intesys\",\"url\":\"https:\/\/www.intesys.it\/journal\/autore\/massimo-recchia\/\"}]}<\/script>\n<!-- \/ Yoast SEO plugin. -->","yoast_head_json":{"title":"Mobile Device Management: mobilit\u00e0 e collaborazione","description":"Il Mobile Iron rende veloce la comunicazione consentendo una maggiore partecipazione alla vita aziendale e supporta la produttivit\u00e0 ottimizzandone i tempi.","robots":{"index":"index","follow":"follow","max-snippet":"max-snippet:-1","max-image-preview":"max-image-preview:large","max-video-preview":"max-video-preview:-1"},"canonical":"https:\/\/www.intesys.it\/journal\/information-technology\/mobile-device-management-mobilita-collaborazione\/","og_locale":"it_IT","og_type":"article","og_title":"Mobile Device Management: mobilit\u00e0 e collaborazione","og_description":"Il Mobile Iron rende veloce la comunicazione consentendo una maggiore partecipazione alla vita aziendale e supporta la produttivit\u00e0 ottimizzandone i tempi.","og_url":"https:\/\/www.intesys.it\/journal\/information-technology\/mobile-device-management-mobilita-collaborazione\/","og_site_name":"Intesys Journal","article_published_time":"2016-03-08T08:00:26+00:00","article_modified_time":"2022-03-03T14:02:33+00:00","og_image":[{"width":1280,"height":960,"url":"https:\/\/www.intesys.it\/journal\/wp-content\/uploads\/sites\/13\/2016\/03\/Mobile-iron1.jpg","type":"image\/jpeg"}],"author":"Massimo Recchia","twitter_card":"summary_large_image","twitter_misc":{"Scritto da":"Massimo Recchia","Tempo di lettura stimato":"3 minuti"},"schema":{"@context":"https:\/\/schema.org","@graph":[{"@type":"WebPage","@id":"https:\/\/www.intesys.it\/journal\/information-technology\/mobile-device-management-mobilita-collaborazione\/","url":"https:\/\/www.intesys.it\/journal\/information-technology\/mobile-device-management-mobilita-collaborazione\/","name":"Mobile Device Management: mobilit\u00e0 e collaborazione","isPartOf":{"@id":"https:\/\/www.intesys.it\/journal\/#website"},"primaryImageOfPage":{"@id":"https:\/\/www.intesys.it\/journal\/information-technology\/mobile-device-management-mobilita-collaborazione\/#primaryimage"},"image":{"@id":"https:\/\/www.intesys.it\/journal\/information-technology\/mobile-device-management-mobilita-collaborazione\/#primaryimage"},"thumbnailUrl":"https:\/\/www.intesys.it\/journal\/wp-content\/uploads\/sites\/13\/2016\/03\/Mobile-iron1.jpg","datePublished":"2016-03-08T08:00:26+00:00","dateModified":"2022-03-03T14:02:33+00:00","author":{"@id":"https:\/\/www.intesys.it\/journal\/#\/schema\/person\/c45a778b1788b5ec14f8de2108976f1a"},"description":"Il Mobile Iron rende veloce la comunicazione consentendo una maggiore partecipazione alla vita aziendale e supporta la produttivit\u00e0 ottimizzandone i tempi.","breadcrumb":{"@id":"https:\/\/www.intesys.it\/journal\/information-technology\/mobile-device-management-mobilita-collaborazione\/#breadcrumb"},"inLanguage":"it-IT","potentialAction":[{"@type":"ReadAction","target":["https:\/\/www.intesys.it\/journal\/information-technology\/mobile-device-management-mobilita-collaborazione\/"]}]},{"@type":"ImageObject","inLanguage":"it-IT","@id":"https:\/\/www.intesys.it\/journal\/information-technology\/mobile-device-management-mobilita-collaborazione\/#primaryimage","url":"https:\/\/www.intesys.it\/journal\/wp-content\/uploads\/sites\/13\/2016\/03\/Mobile-iron1.jpg","contentUrl":"https:\/\/www.intesys.it\/journal\/wp-content\/uploads\/sites\/13\/2016\/03\/Mobile-iron1.jpg","width":1280,"height":960,"caption":"Mobile-iron"},{"@type":"BreadcrumbList","@id":"https:\/\/www.intesys.it\/journal\/information-technology\/mobile-device-management-mobilita-collaborazione\/#breadcrumb","itemListElement":[{"@type":"ListItem","position":1,"name":"Home","item":"https:\/\/www.intesys.it\/journal\/"},{"@type":"ListItem","position":2,"name":"Mobile Device Management: mobilit\u00e0 e collaborazione"}]},{"@type":"WebSite","@id":"https:\/\/www.intesys.it\/journal\/#website","url":"https:\/\/www.intesys.it\/journal\/","name":"Intesys","description":"Ogni settimana nuovi articoli dedicati al mondo della trasformazione digitale!","potentialAction":[{"@type":"SearchAction","target":{"@type":"EntryPoint","urlTemplate":"https:\/\/www.intesys.it\/journal\/?s={search_term_string}"},"query-input":{"@type":"PropertyValueSpecification","valueRequired":true,"valueName":"search_term_string"}}],"inLanguage":"it-IT"},{"@type":"Person","@id":"https:\/\/www.intesys.it\/journal\/#\/schema\/person\/c45a778b1788b5ec14f8de2108976f1a","name":"Massimo Recchia","image":{"@type":"ImageObject","inLanguage":"it-IT","@id":"https:\/\/www.intesys.it\/journal\/#\/schema\/person\/image\/","url":"https:\/\/secure.gravatar.com\/avatar\/3feef0fe5efe5ed954e763c4327ddc713266bb471a25bf6d76a545d758f9e617?s=96&d=mm&r=g","contentUrl":"https:\/\/secure.gravatar.com\/avatar\/3feef0fe5efe5ed954e763c4327ddc713266bb471a25bf6d76a545d758f9e617?s=96&d=mm&r=g","caption":"Massimo Recchia"},"description":"Massimo era Cloud Solution Architect in Intesys","url":"https:\/\/www.intesys.it\/journal\/autore\/massimo-recchia\/"}]}},"_links":{"self":[{"href":"https:\/\/www.intesys.it\/journal\/wp-json\/wp\/v2\/posts\/1756","targetHints":{"allow":["GET"]}}],"collection":[{"href":"https:\/\/www.intesys.it\/journal\/wp-json\/wp\/v2\/posts"}],"about":[{"href":"https:\/\/www.intesys.it\/journal\/wp-json\/wp\/v2\/types\/post"}],"author":[{"embeddable":true,"href":"https:\/\/www.intesys.it\/journal\/wp-json\/wp\/v2\/users\/57"}],"replies":[{"embeddable":true,"href":"https:\/\/www.intesys.it\/journal\/wp-json\/wp\/v2\/comments?post=1756"}],"version-history":[{"count":1,"href":"https:\/\/www.intesys.it\/journal\/wp-json\/wp\/v2\/posts\/1756\/revisions"}],"predecessor-version":[{"id":10040,"href":"https:\/\/www.intesys.it\/journal\/wp-json\/wp\/v2\/posts\/1756\/revisions\/10040"}],"wp:featuredmedia":[{"embeddable":true,"href":"https:\/\/www.intesys.it\/journal\/wp-json\/wp\/v2\/media\/1761"}],"wp:attachment":[{"href":"https:\/\/www.intesys.it\/journal\/wp-json\/wp\/v2\/media?parent=1756"}],"wp:term":[{"taxonomy":"category","embeddable":true,"href":"https:\/\/www.intesys.it\/journal\/wp-json\/wp\/v2\/categories?post=1756"},{"taxonomy":"post_tag","embeddable":true,"href":"https:\/\/www.intesys.it\/journal\/wp-json\/wp\/v2\/tags?post=1756"}],"curies":[{"name":"wp","href":"https:\/\/api.w.org\/{rel}","templated":true}]}}