{"id":2164,"date":"2016-05-17T09:00:59","date_gmt":"2016-05-17T07:00:59","guid":{"rendered":"https:\/\/www.intesys.it\/journal\/?p=2164"},"modified":"2022-02-28T15:51:09","modified_gmt":"2022-02-28T14:51:09","slug":"mobile-device-management","status":"publish","type":"post","link":"https:\/\/www.intesys.it\/journal\/information-technology\/mobile-device-management\/","title":{"rendered":"Mobile Device Management: mobilit\u00e0 e organizzazione"},"content":{"rendered":"<p><\/p><p>Nel mio ultimo post dedicato al <strong>Mobile Device Management<\/strong>, ho avuto modo di approfondire il tema del <strong>lavoro in mobilit\u00e0<\/strong>: una straordinaria opportunit\u00e0 che offre a molte funzioni aziendali la possibilit\u00e0 di combinare efficienza ed efficacia e di quindi ottimizzare tempo e risorse.<\/p>\n<p>Nello stesso post ho anche sottolineato come la gestione dei dispositivi mobili e il trend BYOD coinvolgano oggi le funzioni IT in un dibattito concentrato principalmente su temi quali: sicurezza, gestione della privacy, protezione di dispositivi e soprattutto di dati aziendali.<\/p>\n<p>Possiamo dire che da un lato l\u2019attenzione si concentra sulla <strong>necessit\u00e0 di proteggere dati<\/strong> e dispositivi aziendali mentre dall\u2019altro i collaboratori si dimostrano inclini ad<strong> utilizzare anche nel lavoro i dispositivi di propriet\u00e0<\/strong>.<\/p>\n<p>E\u2019 proprio questo insieme di fattori a generare da parte delle aziende un interesse sempre maggiore nei confronti di una strategia dedicata alla Gestione della Mobilit\u00e0 che noi di <strong><a href=\"https:\/\/www.inetworking.it\/quivideo\/\" target=\"_blank\" rel=\"noopener\">Intesys Networking<\/a><\/strong> abbiamo scelto di soddisfare proponendo il servizio QuiCLOUD MDM.<\/p>\n<p>Passando attraverso una fase di analisi dettagliata, identifichiamo la configurazione ottimale che tiene conto del numero di dispositivi e delle loro caratteristiche funzionali.<\/p>\n<p>Successivamente, procediamo con l\u2019installazione in linea con l\u2019obiettivo di <strong>rendere semplice e sicuro l\u2019accesso alle risorse aziendali in mobilit\u00e0<\/strong> e di consentire, quando stabilito dall\u2019azienda, l\u2019uso professionale di dispositivi personali senza interferenze con la sfera privata.<\/p>\n<p>Dopo l\u2019installazione che pu\u00f2 prevedere l\u2019uso del nostro cloud privato, diamo seguito ad una serie di appuntamenti dedicati alla <strong>formazione<\/strong>, con l\u2019obiettivo di dotare il team aziendale &#8211; che prende in carico questa attivit\u00e0 &#8211; di tutte le competenze necessarie per usufruire in modo ottimale del servizio, specialmente nella gestione quotidiana.<\/p>\n<p>Quando parlo di necessit\u00e0 operative da svolgere \u201cday by day\u201d mi riferisco alla capacit\u00e0 di <strong>reagire a situazioni accidentali<\/strong>, da furti, rotture, smarrimenti, a cambi di configurazione dei dispositivi o reset delle impostazioni che si rendono necessari in caso di avvicendamento di personale in struttura.<\/p>\n<p>La fase di implementazione e di formazione deve fornire un contributo importante per consentire ad ogni realt\u00e0 di <strong>trovare il miglior assetto organizzativo in fatto di gestione<\/strong>. Una chiara suddivisione dei ruoli, un accesso parziale alle funzioni di amministrazione cos\u00ec come un utilizzo limitato della console di gestione sono opzioni da valutare con l\u2019amministratore in azienda per minimizzare la possibilit\u00e0 di errore e per valorizzare una logica organizzativa funzionale alle esigenze operative dei singoli.<\/p>\n<p>Vi faccio <strong>un esempio banale in proposito:<\/strong> la funzione wipe, che consente di cancellare la configurazione da un dispositivo e di effettuare il reset di tutte le impostazioni, va affidata ad un numero limitato di persone in azienda, proprio per evitarne un\u2019erronea attivazione in casi in cui significherebbe per gli utenti la perdita di dati, informazioni e riferimenti.<\/p>\n<p>Poich\u00e9 siamo convinti che una visione completa e sempre aggiornata in<strong>&nbsp;<\/strong>termini di accessi e dispositivi sia alla base di una fruizione ottimale del servizio, poniamo spesso l\u2019accento sull\u2019opportunit\u00e0 di <strong>registrare ogni dispositivo in uso identificandolo come aziendale o di propriet\u00e0 dell\u2019utente<\/strong>, di suddividere i dispositivi per sistema operativo o per tipologia di configurazione.<\/p>\n<p>L\u2019assegnazione di un dispositivo infatti, cos\u00ec come la sua configurazione, riflettono aspetti organizzativi importanti che tengono conto di ruoli gerarchici e funzionali, cos\u00ec come di attivazione di <strong>policy aziendali<\/strong>.<\/p>\n<p>Chiudo passando velocemente sul tema applicazioni: la soluzione da noi utilizzata per erogare il servizio offre un <strong>Application Store aziendale<\/strong> con cui si possono facilmente distribuire applicazioni concepite per un\u2019integrazione ottimale con i principali sistemi di gestione e di comunicazione aziendale. L\u2019aggiornamento di queste applicazioni e il loro monitoraggio diventano operazioni semplici e veloci per la gestione operativa di ogni funzione aziendale.<\/p>\n","protected":false},"excerpt":{"rendered":"<p>Il lavoro in mobilit\u00e0: una straordinaria opportunit\u00e0 che offre a molte funzioni aziendali la possibilit\u00e0 di combinare efficienza ed efficacia e di quindi ottimizzare tempo e risorse. Ecco come organizzarlo.<\/p>\n","protected":false},"author":57,"featured_media":2166,"comment_status":"closed","ping_status":"closed","sticky":false,"template":"","format":"standard","meta":{"_acf_changed":false,"inline_featured_image":false,"footnotes":""},"categories":[27],"tags":[139,255,460],"class_list":{"0":"post-2164","1":"post","2":"type-post","3":"status-publish","4":"format-standard","5":"has-post-thumbnail","7":"category-information-technology","8":"tag-cloud","9":"tag-digital-strategy","10":"tag-mobile"},"acf":[],"yoast_head":"<!-- This site is optimized with the Yoast SEO plugin v25.8 - https:\/\/yoast.com\/wordpress\/plugins\/seo\/ -->\n<title>Mobile Device Management: mobilit\u00e0 e organizzazione in azienda<\/title>\n<meta name=\"description\" content=\"Il ruolo del Mobile Device Manager in azienda \u00e8 fondamentale per le imprese che traggono ulteriore vantaggio dai dispositivi personali dei dipendenti\" \/>\n<meta name=\"robots\" content=\"index, follow, max-snippet:-1, max-image-preview:large, max-video-preview:-1\" \/>\n<link rel=\"canonical\" href=\"https:\/\/www.intesys.it\/journal\/information-technology\/mobile-device-management\/\" \/>\n<meta property=\"og:locale\" content=\"it_IT\" \/>\n<meta property=\"og:type\" content=\"article\" \/>\n<meta property=\"og:title\" content=\"Mobile Device Management: mobilit\u00e0 e organizzazione in azienda\" \/>\n<meta property=\"og:description\" content=\"Il ruolo del Mobile Device Manager in azienda \u00e8 fondamentale per le imprese che traggono ulteriore vantaggio dai dispositivi personali dei dipendenti\" \/>\n<meta property=\"og:url\" content=\"https:\/\/www.intesys.it\/journal\/information-technology\/mobile-device-management\/\" \/>\n<meta property=\"og:site_name\" content=\"Intesys Journal\" \/>\n<meta property=\"article:published_time\" content=\"2016-05-17T07:00:59+00:00\" \/>\n<meta property=\"article:modified_time\" content=\"2022-02-28T14:51:09+00:00\" \/>\n<meta property=\"og:image\" content=\"https:\/\/www.intesys.it\/journal\/wp-content\/uploads\/sites\/13\/2016\/05\/mobile-device-management.jpg\" \/>\n\t<meta property=\"og:image:width\" content=\"1280\" \/>\n\t<meta property=\"og:image:height\" content=\"960\" \/>\n\t<meta property=\"og:image:type\" content=\"image\/jpeg\" \/>\n<meta name=\"author\" content=\"Massimo Recchia\" \/>\n<meta name=\"twitter:card\" content=\"summary_large_image\" \/>\n<meta name=\"twitter:label1\" content=\"Scritto da\" \/>\n\t<meta name=\"twitter:data1\" content=\"Massimo Recchia\" \/>\n\t<meta name=\"twitter:label2\" content=\"Tempo di lettura stimato\" \/>\n\t<meta name=\"twitter:data2\" content=\"4 minuti\" \/>\n<script type=\"application\/ld+json\" class=\"yoast-schema-graph\">{\"@context\":\"https:\/\/schema.org\",\"@graph\":[{\"@type\":\"WebPage\",\"@id\":\"https:\/\/www.intesys.it\/journal\/information-technology\/mobile-device-management\/\",\"url\":\"https:\/\/www.intesys.it\/journal\/information-technology\/mobile-device-management\/\",\"name\":\"Mobile Device Management: mobilit\u00e0 e organizzazione in azienda\",\"isPartOf\":{\"@id\":\"https:\/\/www.intesys.it\/journal\/#website\"},\"primaryImageOfPage\":{\"@id\":\"https:\/\/www.intesys.it\/journal\/information-technology\/mobile-device-management\/#primaryimage\"},\"image\":{\"@id\":\"https:\/\/www.intesys.it\/journal\/information-technology\/mobile-device-management\/#primaryimage\"},\"thumbnailUrl\":\"https:\/\/www.intesys.it\/journal\/wp-content\/uploads\/sites\/13\/2016\/05\/mobile-device-management.jpg\",\"datePublished\":\"2016-05-17T07:00:59+00:00\",\"dateModified\":\"2022-02-28T14:51:09+00:00\",\"author\":{\"@id\":\"https:\/\/www.intesys.it\/journal\/#\/schema\/person\/c45a778b1788b5ec14f8de2108976f1a\"},\"description\":\"Il ruolo del Mobile Device Manager in azienda \u00e8 fondamentale per le imprese che traggono ulteriore vantaggio dai dispositivi personali dei dipendenti\",\"breadcrumb\":{\"@id\":\"https:\/\/www.intesys.it\/journal\/information-technology\/mobile-device-management\/#breadcrumb\"},\"inLanguage\":\"it-IT\",\"potentialAction\":[{\"@type\":\"ReadAction\",\"target\":[\"https:\/\/www.intesys.it\/journal\/information-technology\/mobile-device-management\/\"]}]},{\"@type\":\"ImageObject\",\"inLanguage\":\"it-IT\",\"@id\":\"https:\/\/www.intesys.it\/journal\/information-technology\/mobile-device-management\/#primaryimage\",\"url\":\"https:\/\/www.intesys.it\/journal\/wp-content\/uploads\/sites\/13\/2016\/05\/mobile-device-management.jpg\",\"contentUrl\":\"https:\/\/www.intesys.it\/journal\/wp-content\/uploads\/sites\/13\/2016\/05\/mobile-device-management.jpg\",\"width\":1280,\"height\":960,\"caption\":\"mobile device management\"},{\"@type\":\"BreadcrumbList\",\"@id\":\"https:\/\/www.intesys.it\/journal\/information-technology\/mobile-device-management\/#breadcrumb\",\"itemListElement\":[{\"@type\":\"ListItem\",\"position\":1,\"name\":\"Home\",\"item\":\"https:\/\/www.intesys.it\/journal\/\"},{\"@type\":\"ListItem\",\"position\":2,\"name\":\"Mobile Device Management: mobilit\u00e0 e organizzazione\"}]},{\"@type\":\"WebSite\",\"@id\":\"https:\/\/www.intesys.it\/journal\/#website\",\"url\":\"https:\/\/www.intesys.it\/journal\/\",\"name\":\"Intesys\",\"description\":\"Ogni settimana nuovi articoli dedicati al mondo della trasformazione digitale!\",\"potentialAction\":[{\"@type\":\"SearchAction\",\"target\":{\"@type\":\"EntryPoint\",\"urlTemplate\":\"https:\/\/www.intesys.it\/journal\/?s={search_term_string}\"},\"query-input\":{\"@type\":\"PropertyValueSpecification\",\"valueRequired\":true,\"valueName\":\"search_term_string\"}}],\"inLanguage\":\"it-IT\"},{\"@type\":\"Person\",\"@id\":\"https:\/\/www.intesys.it\/journal\/#\/schema\/person\/c45a778b1788b5ec14f8de2108976f1a\",\"name\":\"Massimo Recchia\",\"image\":{\"@type\":\"ImageObject\",\"inLanguage\":\"it-IT\",\"@id\":\"https:\/\/www.intesys.it\/journal\/#\/schema\/person\/image\/\",\"url\":\"https:\/\/secure.gravatar.com\/avatar\/3feef0fe5efe5ed954e763c4327ddc713266bb471a25bf6d76a545d758f9e617?s=96&d=mm&r=g\",\"contentUrl\":\"https:\/\/secure.gravatar.com\/avatar\/3feef0fe5efe5ed954e763c4327ddc713266bb471a25bf6d76a545d758f9e617?s=96&d=mm&r=g\",\"caption\":\"Massimo Recchia\"},\"description\":\"Massimo era Cloud Solution Architect in Intesys\",\"url\":\"https:\/\/www.intesys.it\/journal\/autore\/massimo-recchia\/\"}]}<\/script>\n<!-- \/ Yoast SEO plugin. -->","yoast_head_json":{"title":"Mobile Device Management: mobilit\u00e0 e organizzazione in azienda","description":"Il ruolo del Mobile Device Manager in azienda \u00e8 fondamentale per le imprese che traggono ulteriore vantaggio dai dispositivi personali dei dipendenti","robots":{"index":"index","follow":"follow","max-snippet":"max-snippet:-1","max-image-preview":"max-image-preview:large","max-video-preview":"max-video-preview:-1"},"canonical":"https:\/\/www.intesys.it\/journal\/information-technology\/mobile-device-management\/","og_locale":"it_IT","og_type":"article","og_title":"Mobile Device Management: mobilit\u00e0 e organizzazione in azienda","og_description":"Il ruolo del Mobile Device Manager in azienda \u00e8 fondamentale per le imprese che traggono ulteriore vantaggio dai dispositivi personali dei dipendenti","og_url":"https:\/\/www.intesys.it\/journal\/information-technology\/mobile-device-management\/","og_site_name":"Intesys Journal","article_published_time":"2016-05-17T07:00:59+00:00","article_modified_time":"2022-02-28T14:51:09+00:00","og_image":[{"width":1280,"height":960,"url":"https:\/\/www.intesys.it\/journal\/wp-content\/uploads\/sites\/13\/2016\/05\/mobile-device-management.jpg","type":"image\/jpeg"}],"author":"Massimo Recchia","twitter_card":"summary_large_image","twitter_misc":{"Scritto da":"Massimo Recchia","Tempo di lettura stimato":"4 minuti"},"schema":{"@context":"https:\/\/schema.org","@graph":[{"@type":"WebPage","@id":"https:\/\/www.intesys.it\/journal\/information-technology\/mobile-device-management\/","url":"https:\/\/www.intesys.it\/journal\/information-technology\/mobile-device-management\/","name":"Mobile Device Management: mobilit\u00e0 e organizzazione in azienda","isPartOf":{"@id":"https:\/\/www.intesys.it\/journal\/#website"},"primaryImageOfPage":{"@id":"https:\/\/www.intesys.it\/journal\/information-technology\/mobile-device-management\/#primaryimage"},"image":{"@id":"https:\/\/www.intesys.it\/journal\/information-technology\/mobile-device-management\/#primaryimage"},"thumbnailUrl":"https:\/\/www.intesys.it\/journal\/wp-content\/uploads\/sites\/13\/2016\/05\/mobile-device-management.jpg","datePublished":"2016-05-17T07:00:59+00:00","dateModified":"2022-02-28T14:51:09+00:00","author":{"@id":"https:\/\/www.intesys.it\/journal\/#\/schema\/person\/c45a778b1788b5ec14f8de2108976f1a"},"description":"Il ruolo del Mobile Device Manager in azienda \u00e8 fondamentale per le imprese che traggono ulteriore vantaggio dai dispositivi personali dei dipendenti","breadcrumb":{"@id":"https:\/\/www.intesys.it\/journal\/information-technology\/mobile-device-management\/#breadcrumb"},"inLanguage":"it-IT","potentialAction":[{"@type":"ReadAction","target":["https:\/\/www.intesys.it\/journal\/information-technology\/mobile-device-management\/"]}]},{"@type":"ImageObject","inLanguage":"it-IT","@id":"https:\/\/www.intesys.it\/journal\/information-technology\/mobile-device-management\/#primaryimage","url":"https:\/\/www.intesys.it\/journal\/wp-content\/uploads\/sites\/13\/2016\/05\/mobile-device-management.jpg","contentUrl":"https:\/\/www.intesys.it\/journal\/wp-content\/uploads\/sites\/13\/2016\/05\/mobile-device-management.jpg","width":1280,"height":960,"caption":"mobile device management"},{"@type":"BreadcrumbList","@id":"https:\/\/www.intesys.it\/journal\/information-technology\/mobile-device-management\/#breadcrumb","itemListElement":[{"@type":"ListItem","position":1,"name":"Home","item":"https:\/\/www.intesys.it\/journal\/"},{"@type":"ListItem","position":2,"name":"Mobile Device Management: mobilit\u00e0 e organizzazione"}]},{"@type":"WebSite","@id":"https:\/\/www.intesys.it\/journal\/#website","url":"https:\/\/www.intesys.it\/journal\/","name":"Intesys","description":"Ogni settimana nuovi articoli dedicati al mondo della trasformazione digitale!","potentialAction":[{"@type":"SearchAction","target":{"@type":"EntryPoint","urlTemplate":"https:\/\/www.intesys.it\/journal\/?s={search_term_string}"},"query-input":{"@type":"PropertyValueSpecification","valueRequired":true,"valueName":"search_term_string"}}],"inLanguage":"it-IT"},{"@type":"Person","@id":"https:\/\/www.intesys.it\/journal\/#\/schema\/person\/c45a778b1788b5ec14f8de2108976f1a","name":"Massimo Recchia","image":{"@type":"ImageObject","inLanguage":"it-IT","@id":"https:\/\/www.intesys.it\/journal\/#\/schema\/person\/image\/","url":"https:\/\/secure.gravatar.com\/avatar\/3feef0fe5efe5ed954e763c4327ddc713266bb471a25bf6d76a545d758f9e617?s=96&d=mm&r=g","contentUrl":"https:\/\/secure.gravatar.com\/avatar\/3feef0fe5efe5ed954e763c4327ddc713266bb471a25bf6d76a545d758f9e617?s=96&d=mm&r=g","caption":"Massimo Recchia"},"description":"Massimo era Cloud Solution Architect in Intesys","url":"https:\/\/www.intesys.it\/journal\/autore\/massimo-recchia\/"}]}},"_links":{"self":[{"href":"https:\/\/www.intesys.it\/journal\/wp-json\/wp\/v2\/posts\/2164","targetHints":{"allow":["GET"]}}],"collection":[{"href":"https:\/\/www.intesys.it\/journal\/wp-json\/wp\/v2\/posts"}],"about":[{"href":"https:\/\/www.intesys.it\/journal\/wp-json\/wp\/v2\/types\/post"}],"author":[{"embeddable":true,"href":"https:\/\/www.intesys.it\/journal\/wp-json\/wp\/v2\/users\/57"}],"replies":[{"embeddable":true,"href":"https:\/\/www.intesys.it\/journal\/wp-json\/wp\/v2\/comments?post=2164"}],"version-history":[{"count":1,"href":"https:\/\/www.intesys.it\/journal\/wp-json\/wp\/v2\/posts\/2164\/revisions"}],"predecessor-version":[{"id":9810,"href":"https:\/\/www.intesys.it\/journal\/wp-json\/wp\/v2\/posts\/2164\/revisions\/9810"}],"wp:featuredmedia":[{"embeddable":true,"href":"https:\/\/www.intesys.it\/journal\/wp-json\/wp\/v2\/media\/2166"}],"wp:attachment":[{"href":"https:\/\/www.intesys.it\/journal\/wp-json\/wp\/v2\/media?parent=2164"}],"wp:term":[{"taxonomy":"category","embeddable":true,"href":"https:\/\/www.intesys.it\/journal\/wp-json\/wp\/v2\/categories?post=2164"},{"taxonomy":"post_tag","embeddable":true,"href":"https:\/\/www.intesys.it\/journal\/wp-json\/wp\/v2\/tags?post=2164"}],"curies":[{"name":"wp","href":"https:\/\/api.w.org\/{rel}","templated":true}]}}