{"id":2525,"date":"2016-08-03T12:27:14","date_gmt":"2016-08-03T10:27:14","guid":{"rendered":"https:\/\/www.intesys.it\/journal\/?p=2525"},"modified":"2022-02-28T15:50:42","modified_gmt":"2022-02-28T14:50:42","slug":"digital-transformation-trend-strategici","status":"publish","type":"post","link":"https:\/\/www.intesys.it\/journal\/digital-transformation\/digital-transformation-trend-strategici\/","title":{"rendered":"I nuovi trend strategici della Digital Transformation"},"content":{"rendered":"<p><\/p><p>Il tema della sesta edizione di <a href=\"http:\/\/www.soiel.it\/documenti\/eventi2016\/Gartner_2016.pdf\" target=\"_blank\" rel=\"noopener\">Gartner: Italian Event 2016<\/a> \u00e8 stato \u201cLa nuova Economia delle Connessioni\u201d, uno scenario con il quale dobbiamo prepararci a lavorare, visto che <strong>la trasformazione digitale del business \u00e8 ormai un processo avviato e inarrestabile<\/strong>.&nbsp;Oggi riguarda una minoranza, rispetto alle imprese di ogni settore e agli enti pubblici, presto diventer\u00e0 un percorso obbligato per chi \u00e8 rimasto fermo.<\/p>\n<p>Si \u00e8 consapevoli che la trasformazione digitale pervade ogni ambito aziendale<strong>.&nbsp;L\u2019IT risulta&nbsp;essenziale<\/strong> in questo discorso, in quanto motore di avvio di tali trasformazioni, ma il suo ruolo rester\u00e0 laterale se non interpreta al meglio l&#8217;esigenza di trasformazione dell&#8217;impresa o, peggio, se di fatto la volont\u00e0 dell&#8217;impresa di trasformarsi non \u00e8 concreta in primo luogo.<\/p>\n<p>La domanda che si devono fare le aziende \u00e8 &#8220;Da dove iniziare?&#8221;<\/p>\n<p>Non serve \u201cpartire purch\u00e9 sia presto\u201d, <strong>l\u2019importante \u00e8 partire con le idee chiare anche da un ambito non IT<\/strong>. I&nbsp;CIO sono naturalmente una parte importante, ma altre figure devono convergere nella progettazione del futuro digitale della propria azienda: marketing, vendite, risorse umane, finanza e controllo e altre ancora.<\/p>\n<p><strong>Un&#8217;altra attivit\u00e0 essenziale riguarda l&#8217;identificazione delle priorit\u00e0<\/strong>. \u00c8 vero che le attivit\u00e0 svolte in modo &#8220;analogico&#8221; siano tuttora la fonte di fatturato principale, bisogna realizzare che ci\u00f2 non durer\u00e0 a lungo e, dunque, prepararsi ad affrontare il futuro con gli strumenti adatti.<\/p>\n<p>All\u2019evento del 12 Aprile sono stati presentati <strong>i 10 trend strategici<\/strong> che le organizzazioni devono considerare nella propria strategia 2016-2017:<a href=\"https:\/\/www.intesys.it\/journal\/wp-content\/uploads\/sites\/13\/2016\/08\/trends.png\"><img loading=\"lazy\" decoding=\"async\" class=\"alignright wp-image-2526\" src=\"https:\/\/www.intesys.it\/journal\/wp-content\/uploads\/sites\/13\/2016\/08\/trends-384x600.png\" alt=\"trends\" width=\"288\" height=\"450\"><\/a><\/p>\n<ol>\n<li>Device mesh<\/li>\n<li>Ambient User Experience<\/li>\n<li>Materiali per stampa 3D<\/li>\n<li>Information of Everything<\/li>\n<li>Macchine Learning evoluto<\/li>\n<li>Agenti e oggetti autonomi<\/li>\n<li>Architettura di sicurezza adattiva<\/li>\n<li>Architetture di sistema evolute<\/li>\n<li>Architetture per app e servizi mesh<\/li>\n<li>Architettura e piattaforme per Internet of Things<\/li>\n<\/ol>\n<p>Le aziende dovranno esaminarne l\u2019impatto e adattare in modo opportuno le proprie strategie di business e IT. In caso contrario, <strong>rischieranno di perdere un vantaggio competitivo<\/strong> rispetto alle aziende pi\u00f9 pronte al cambiamento.<\/p>\n","protected":false},"excerpt":{"rendered":"<p>All\u2019evento Gartner del 12 Aprile sono stati presentati i 10 trend strategici che le organizzazioni devono considerare nella propria strategia 2016-2017.<\/p>\n","protected":false},"author":64,"featured_media":2534,"comment_status":"closed","ping_status":"closed","sticky":false,"template":"","format":"standard","meta":{"_acf_changed":false,"inline_featured_image":false,"footnotes":""},"categories":[25],"tags":[255,256,460,689],"class_list":{"0":"post-2525","1":"post","2":"type-post","3":"status-publish","4":"format-standard","5":"has-post-thumbnail","7":"category-digital-transformation","8":"tag-digital-strategy","9":"tag-digital-transformation","10":"tag-mobile","11":"tag-user-experience"},"acf":[],"yoast_head":"<!-- This site is optimized with the Yoast SEO plugin v25.8 - https:\/\/yoast.com\/wordpress\/plugins\/seo\/ -->\n<title>Digital Transformation: i nuovi trend strategici<\/title>\n<meta name=\"description\" content=\"10 trend strategici che, secondo le conclusioni dell&#039;evento Gartner 2016 in Italia, andranno seguiti per la Digital Transformation tra il 2016 e il 2017.\" \/>\n<meta name=\"robots\" content=\"index, follow, max-snippet:-1, max-image-preview:large, max-video-preview:-1\" \/>\n<link rel=\"canonical\" href=\"https:\/\/www.intesys.it\/journal\/digital-transformation\/digital-transformation-trend-strategici\/\" \/>\n<meta property=\"og:locale\" content=\"it_IT\" \/>\n<meta property=\"og:type\" content=\"article\" \/>\n<meta property=\"og:title\" content=\"Digital Transformation: i nuovi trend strategici\" \/>\n<meta property=\"og:description\" content=\"10 trend strategici che, secondo le conclusioni dell&#039;evento Gartner 2016 in Italia, andranno seguiti per la Digital Transformation tra il 2016 e il 2017.\" \/>\n<meta property=\"og:url\" content=\"https:\/\/www.intesys.it\/journal\/digital-transformation\/digital-transformation-trend-strategici\/\" \/>\n<meta property=\"og:site_name\" content=\"Intesys Journal\" \/>\n<meta property=\"article:published_time\" content=\"2016-08-03T10:27:14+00:00\" \/>\n<meta property=\"article:modified_time\" content=\"2022-02-28T14:50:42+00:00\" \/>\n<meta property=\"og:image\" content=\"https:\/\/www.intesys.it\/journal\/wp-content\/uploads\/sites\/13\/2016\/08\/trend-digital-transformation.jpg\" \/>\n\t<meta property=\"og:image:width\" content=\"1280\" \/>\n\t<meta property=\"og:image:height\" content=\"960\" \/>\n\t<meta property=\"og:image:type\" content=\"image\/jpeg\" \/>\n<meta name=\"author\" content=\"Elisabetta Bissoli\" \/>\n<meta name=\"twitter:card\" content=\"summary_large_image\" \/>\n<meta name=\"twitter:label1\" content=\"Scritto da\" \/>\n\t<meta name=\"twitter:data1\" content=\"Elisabetta Bissoli\" \/>\n\t<meta name=\"twitter:label2\" content=\"Tempo di lettura stimato\" \/>\n\t<meta name=\"twitter:data2\" content=\"2 minuti\" \/>\n<script type=\"application\/ld+json\" class=\"yoast-schema-graph\">{\"@context\":\"https:\/\/schema.org\",\"@graph\":[{\"@type\":\"WebPage\",\"@id\":\"https:\/\/www.intesys.it\/journal\/digital-transformation\/digital-transformation-trend-strategici\/\",\"url\":\"https:\/\/www.intesys.it\/journal\/digital-transformation\/digital-transformation-trend-strategici\/\",\"name\":\"Digital Transformation: i nuovi trend strategici\",\"isPartOf\":{\"@id\":\"https:\/\/www.intesys.it\/journal\/#website\"},\"primaryImageOfPage\":{\"@id\":\"https:\/\/www.intesys.it\/journal\/digital-transformation\/digital-transformation-trend-strategici\/#primaryimage\"},\"image\":{\"@id\":\"https:\/\/www.intesys.it\/journal\/digital-transformation\/digital-transformation-trend-strategici\/#primaryimage\"},\"thumbnailUrl\":\"https:\/\/www.intesys.it\/journal\/wp-content\/uploads\/sites\/13\/2016\/08\/trend-digital-transformation.jpg\",\"datePublished\":\"2016-08-03T10:27:14+00:00\",\"dateModified\":\"2022-02-28T14:50:42+00:00\",\"author\":{\"@id\":\"https:\/\/www.intesys.it\/journal\/#\/schema\/person\/6a1f62a7eb08f62cbf8c9ff76cdf5d80\"},\"description\":\"10 trend strategici che, secondo le conclusioni dell'evento Gartner 2016 in Italia, andranno seguiti per la Digital Transformation tra il 2016 e il 2017.\",\"breadcrumb\":{\"@id\":\"https:\/\/www.intesys.it\/journal\/digital-transformation\/digital-transformation-trend-strategici\/#breadcrumb\"},\"inLanguage\":\"it-IT\",\"potentialAction\":[{\"@type\":\"ReadAction\",\"target\":[\"https:\/\/www.intesys.it\/journal\/digital-transformation\/digital-transformation-trend-strategici\/\"]}]},{\"@type\":\"ImageObject\",\"inLanguage\":\"it-IT\",\"@id\":\"https:\/\/www.intesys.it\/journal\/digital-transformation\/digital-transformation-trend-strategici\/#primaryimage\",\"url\":\"https:\/\/www.intesys.it\/journal\/wp-content\/uploads\/sites\/13\/2016\/08\/trend-digital-transformation.jpg\",\"contentUrl\":\"https:\/\/www.intesys.it\/journal\/wp-content\/uploads\/sites\/13\/2016\/08\/trend-digital-transformation.jpg\",\"width\":1280,\"height\":960},{\"@type\":\"BreadcrumbList\",\"@id\":\"https:\/\/www.intesys.it\/journal\/digital-transformation\/digital-transformation-trend-strategici\/#breadcrumb\",\"itemListElement\":[{\"@type\":\"ListItem\",\"position\":1,\"name\":\"Home\",\"item\":\"https:\/\/www.intesys.it\/journal\/\"},{\"@type\":\"ListItem\",\"position\":2,\"name\":\"I nuovi trend strategici della Digital Transformation\"}]},{\"@type\":\"WebSite\",\"@id\":\"https:\/\/www.intesys.it\/journal\/#website\",\"url\":\"https:\/\/www.intesys.it\/journal\/\",\"name\":\"Intesys\",\"description\":\"Ogni settimana nuovi articoli dedicati al mondo della trasformazione digitale!\",\"potentialAction\":[{\"@type\":\"SearchAction\",\"target\":{\"@type\":\"EntryPoint\",\"urlTemplate\":\"https:\/\/www.intesys.it\/journal\/?s={search_term_string}\"},\"query-input\":{\"@type\":\"PropertyValueSpecification\",\"valueRequired\":true,\"valueName\":\"search_term_string\"}}],\"inLanguage\":\"it-IT\"},{\"@type\":\"Person\",\"@id\":\"https:\/\/www.intesys.it\/journal\/#\/schema\/person\/6a1f62a7eb08f62cbf8c9ff76cdf5d80\",\"name\":\"Elisabetta Bissoli\",\"image\":{\"@type\":\"ImageObject\",\"inLanguage\":\"it-IT\",\"@id\":\"https:\/\/www.intesys.it\/journal\/#\/schema\/person\/image\/\",\"url\":\"https:\/\/secure.gravatar.com\/avatar\/66df4681126910ca85548abf2967c935165262928ddeba3aa0c6354fe43a1ed1?s=96&d=mm&r=g\",\"contentUrl\":\"https:\/\/secure.gravatar.com\/avatar\/66df4681126910ca85548abf2967c935165262928ddeba3aa0c6354fe43a1ed1?s=96&d=mm&r=g\",\"caption\":\"Elisabetta Bissoli\"},\"url\":\"https:\/\/www.intesys.it\/journal\/autore\/elisabetta-bissoli\/\"}]}<\/script>\n<!-- \/ Yoast SEO plugin. -->","yoast_head_json":{"title":"Digital Transformation: i nuovi trend strategici","description":"10 trend strategici che, secondo le conclusioni dell'evento Gartner 2016 in Italia, andranno seguiti per la Digital Transformation tra il 2016 e il 2017.","robots":{"index":"index","follow":"follow","max-snippet":"max-snippet:-1","max-image-preview":"max-image-preview:large","max-video-preview":"max-video-preview:-1"},"canonical":"https:\/\/www.intesys.it\/journal\/digital-transformation\/digital-transformation-trend-strategici\/","og_locale":"it_IT","og_type":"article","og_title":"Digital Transformation: i nuovi trend strategici","og_description":"10 trend strategici che, secondo le conclusioni dell'evento Gartner 2016 in Italia, andranno seguiti per la Digital Transformation tra il 2016 e il 2017.","og_url":"https:\/\/www.intesys.it\/journal\/digital-transformation\/digital-transformation-trend-strategici\/","og_site_name":"Intesys Journal","article_published_time":"2016-08-03T10:27:14+00:00","article_modified_time":"2022-02-28T14:50:42+00:00","og_image":[{"width":1280,"height":960,"url":"https:\/\/www.intesys.it\/journal\/wp-content\/uploads\/sites\/13\/2016\/08\/trend-digital-transformation.jpg","type":"image\/jpeg"}],"author":"Elisabetta Bissoli","twitter_card":"summary_large_image","twitter_misc":{"Scritto da":"Elisabetta Bissoli","Tempo di lettura stimato":"2 minuti"},"schema":{"@context":"https:\/\/schema.org","@graph":[{"@type":"WebPage","@id":"https:\/\/www.intesys.it\/journal\/digital-transformation\/digital-transformation-trend-strategici\/","url":"https:\/\/www.intesys.it\/journal\/digital-transformation\/digital-transformation-trend-strategici\/","name":"Digital Transformation: i nuovi trend strategici","isPartOf":{"@id":"https:\/\/www.intesys.it\/journal\/#website"},"primaryImageOfPage":{"@id":"https:\/\/www.intesys.it\/journal\/digital-transformation\/digital-transformation-trend-strategici\/#primaryimage"},"image":{"@id":"https:\/\/www.intesys.it\/journal\/digital-transformation\/digital-transformation-trend-strategici\/#primaryimage"},"thumbnailUrl":"https:\/\/www.intesys.it\/journal\/wp-content\/uploads\/sites\/13\/2016\/08\/trend-digital-transformation.jpg","datePublished":"2016-08-03T10:27:14+00:00","dateModified":"2022-02-28T14:50:42+00:00","author":{"@id":"https:\/\/www.intesys.it\/journal\/#\/schema\/person\/6a1f62a7eb08f62cbf8c9ff76cdf5d80"},"description":"10 trend strategici che, secondo le conclusioni dell'evento Gartner 2016 in Italia, andranno seguiti per la Digital Transformation tra il 2016 e il 2017.","breadcrumb":{"@id":"https:\/\/www.intesys.it\/journal\/digital-transformation\/digital-transformation-trend-strategici\/#breadcrumb"},"inLanguage":"it-IT","potentialAction":[{"@type":"ReadAction","target":["https:\/\/www.intesys.it\/journal\/digital-transformation\/digital-transformation-trend-strategici\/"]}]},{"@type":"ImageObject","inLanguage":"it-IT","@id":"https:\/\/www.intesys.it\/journal\/digital-transformation\/digital-transformation-trend-strategici\/#primaryimage","url":"https:\/\/www.intesys.it\/journal\/wp-content\/uploads\/sites\/13\/2016\/08\/trend-digital-transformation.jpg","contentUrl":"https:\/\/www.intesys.it\/journal\/wp-content\/uploads\/sites\/13\/2016\/08\/trend-digital-transformation.jpg","width":1280,"height":960},{"@type":"BreadcrumbList","@id":"https:\/\/www.intesys.it\/journal\/digital-transformation\/digital-transformation-trend-strategici\/#breadcrumb","itemListElement":[{"@type":"ListItem","position":1,"name":"Home","item":"https:\/\/www.intesys.it\/journal\/"},{"@type":"ListItem","position":2,"name":"I nuovi trend strategici della Digital Transformation"}]},{"@type":"WebSite","@id":"https:\/\/www.intesys.it\/journal\/#website","url":"https:\/\/www.intesys.it\/journal\/","name":"Intesys","description":"Ogni settimana nuovi articoli dedicati al mondo della trasformazione digitale!","potentialAction":[{"@type":"SearchAction","target":{"@type":"EntryPoint","urlTemplate":"https:\/\/www.intesys.it\/journal\/?s={search_term_string}"},"query-input":{"@type":"PropertyValueSpecification","valueRequired":true,"valueName":"search_term_string"}}],"inLanguage":"it-IT"},{"@type":"Person","@id":"https:\/\/www.intesys.it\/journal\/#\/schema\/person\/6a1f62a7eb08f62cbf8c9ff76cdf5d80","name":"Elisabetta Bissoli","image":{"@type":"ImageObject","inLanguage":"it-IT","@id":"https:\/\/www.intesys.it\/journal\/#\/schema\/person\/image\/","url":"https:\/\/secure.gravatar.com\/avatar\/66df4681126910ca85548abf2967c935165262928ddeba3aa0c6354fe43a1ed1?s=96&d=mm&r=g","contentUrl":"https:\/\/secure.gravatar.com\/avatar\/66df4681126910ca85548abf2967c935165262928ddeba3aa0c6354fe43a1ed1?s=96&d=mm&r=g","caption":"Elisabetta Bissoli"},"url":"https:\/\/www.intesys.it\/journal\/autore\/elisabetta-bissoli\/"}]}},"_links":{"self":[{"href":"https:\/\/www.intesys.it\/journal\/wp-json\/wp\/v2\/posts\/2525","targetHints":{"allow":["GET"]}}],"collection":[{"href":"https:\/\/www.intesys.it\/journal\/wp-json\/wp\/v2\/posts"}],"about":[{"href":"https:\/\/www.intesys.it\/journal\/wp-json\/wp\/v2\/types\/post"}],"author":[{"embeddable":true,"href":"https:\/\/www.intesys.it\/journal\/wp-json\/wp\/v2\/users\/64"}],"replies":[{"embeddable":true,"href":"https:\/\/www.intesys.it\/journal\/wp-json\/wp\/v2\/comments?post=2525"}],"version-history":[{"count":1,"href":"https:\/\/www.intesys.it\/journal\/wp-json\/wp\/v2\/posts\/2525\/revisions"}],"predecessor-version":[{"id":9807,"href":"https:\/\/www.intesys.it\/journal\/wp-json\/wp\/v2\/posts\/2525\/revisions\/9807"}],"wp:featuredmedia":[{"embeddable":true,"href":"https:\/\/www.intesys.it\/journal\/wp-json\/wp\/v2\/media\/2534"}],"wp:attachment":[{"href":"https:\/\/www.intesys.it\/journal\/wp-json\/wp\/v2\/media?parent=2525"}],"wp:term":[{"taxonomy":"category","embeddable":true,"href":"https:\/\/www.intesys.it\/journal\/wp-json\/wp\/v2\/categories?post=2525"},{"taxonomy":"post_tag","embeddable":true,"href":"https:\/\/www.intesys.it\/journal\/wp-json\/wp\/v2\/tags?post=2525"}],"curies":[{"name":"wp","href":"https:\/\/api.w.org\/{rel}","templated":true}]}}