{"id":3164,"date":"2017-01-19T09:00:59","date_gmt":"2017-01-19T08:00:59","guid":{"rendered":"https:\/\/www.intesys.it\/journal\/?p=3164"},"modified":"2022-02-28T15:32:40","modified_gmt":"2022-02-28T14:32:40","slug":"spazio-65-le-5-efficaci-fasi-pratiche","status":"publish","type":"post","link":"https:\/\/www.intesys.it\/journal\/design\/spazio-65-le-5-efficaci-fasi-pratiche\/","title":{"rendered":"Spazio 65+: le 5 efficaci fasi pratiche"},"content":{"rendered":"<p><\/p><p>Premessa &#8211; Nel precedente articolo pubblicato su Intesys Journal abbiamo affrontato il tema workshop applicato ad un reale caso di <a href=\"https:\/\/www.intesys.it\/journal\/analisi-e-ux\/spazio-65-esperienza-concreta-experience-mapping\/\">experience mapping<\/a>, quello di Spazio 65+, un progetto sulla realizzazione di <strong>uno sportello fisico ed uno digitale<\/strong>, in grado di erogare servizi di informazione per supportare il pubblico over 65 ed i loro familiari nell\u2019affrontare al meglio la fase della terza et\u00e0.<\/p>\n<p>Il compito di Intesys \u00e8 stato quello di <a href=\"https:\/\/www.intesys.it\/journal\/design\/indagine-con-gli-utenti-come-funziona-e-come-puo-migliorare-l-usabilita-di-un-area-clienti\/\"><strong>comprendere quali fossero i bisogni principali degli attori coinvolti<\/strong><\/a>, partendo da un\u2019esperienza da loro vissuta in prima persona. Abbiamo chiesto ad ogni partecipante dei due workshop di raccontare l\u2019ultima volta che hanno prenotato una visita medica per se stessi o per un\u2019altra persona.<\/p>\n<p>I due workshop, nonostante siano stati realizzati in momenti temporali differenti e con attori diversi (il primo con i familiari degli over 65, il secondo con gli stessi over 65), presentano la stessa struttura. Ecco, dunque spiegate, le 5 fasi dei <a href=\"https:\/\/www.intesys.it\/journal\/design\/workshop-di-design-thinking-5-consigli-utili\/\">workshop<\/a> avviati.<\/p>\n<p><strong>Prima fase &#8211; definisci ed ordina in fasi la tua esperienza<br \/>\n<\/strong><strong>Tempo<\/strong>: 10 minuti<br \/>\n<strong>Fase<\/strong>: individuale<br \/>\n<strong>Obiettivo<\/strong>: racconta scrivendo per esteso l\u2019ultima volta che hai prenotato una visita medica per un tuo parente o per te stesso.<\/p>\n<p>Durante questa prima fase, ogni persona aveva il compito di <strong>scrivere su una serie di post-it<\/strong> tutte le azioni svolte per prenotare una visita medica. Ad ogni azione corrispondeva un post-it. Per ogni aggiunta di dettagli, l&#8217;esperienza forniva indicazioni pi\u00f9 precise.<\/p>\n<p>Al termine di questa prima fase,&nbsp;i 15 soggetti sono stati divisi in <strong>due gruppi eterogenei<\/strong> ed \u00e8 stato chiesto loro di sistemare i propri post-it, in ordine cronologico, su un cartellone.<\/p>\n<p>Il compito che bisognava svolgere in questa fase era del tutto individuale e di brainstorming. Ogni soggetto doveva <strong>focalizzarsi su un problema<\/strong>&nbsp;e mettere a fuoco l\u2019esperienza vissuta e, attraverso una sintesi mnemonica, racchiudere ogni azione svolta in un post-it.<\/p>\n<p><strong>Seconda fase &#8211; Racconta la tua esperienza<br \/>\n<\/strong><strong>Tempo<\/strong>: 20 minuti<br \/>\n<strong>Fase<\/strong>: di gruppo<br \/>\n<strong>Obiettivo<\/strong>: racconta la tua esperienza al gruppo<\/p>\n<p>Durante questa seconda fase ogni persona ha raccontato, all\u2019interno del gruppo, la sua esperienza personale inserendo nuovi post-it quando ce n\u2019era bisogno. Spesso, durante il racconto, gli stakeholder si ricordavano di aver<strong> omesso o dimenticato alcuni passaggi della propria esperienza<\/strong>, andando poi a colmare i vuoti mancanti con altri bigliettini.<\/p>\n<p>Cos\u00ec, mentre veniva raccontata, ogni esperienza scritta si modificava ed aumentava di dettaglio attraverso l\u2019aggiunta di nuove parti.<\/p>\n<p><strong>Questo passaggio \u00e8 fondamentale<\/strong>, non solo per permettere alla persona che racconta nel gruppo di ricordare meglio l\u2019esperienza vissuta, ma anche per coloro che ascoltano, \u00e8 una possibilit\u00e0 in pi\u00f9 di \u201carricchire\u201d la propria esperienza pregressa. <strong>Un soggetto A pu\u00f2 essersi dimenticato particolari che un soggetto B invece ha raccontato e viceversa.<\/strong> Ogni esperienza \u00e8 utile all\u2019altra per completarsi e far ricordare al soggetto dettagli mancanti o non considerati nella propria storia.<\/p>\n<p><strong>Terza fase &#8211; suddividere i post-it tramite cluster tematici<br \/>\n<\/strong><strong>Tempo<\/strong>: 5 minuti<br \/>\n<strong>Fase<\/strong>: di gruppo<br \/>\n<strong>Obiettivo<\/strong>: creare delle macro categorie per suddividere tutti i post it<\/p>\n<p>Durante la terza fase,<strong> il lavoro svolto in gruppo era quello di suddividere i vari post-it in macro gruppi<\/strong> (es. di macro gruppi \u201cscelgo di prenotare una visita\u201d oppure \u201cmi reco in ospedale per fare la visita&#8221;).<\/p>\n<p>Una delle prime difficolt\u00e0 riscontrate nel portare a termine questa fase \u00e8 stata quella di decidere quali fossero i macro gruppi. Inevitabilmente la scelta di raggruppare post-it diversi, derivanti da esperienze diverse, scritti da persone diverse, ha portato ad una maggiore complessit\u00e0 nel comprendere quale categoria poteva essere pi\u00f9 adatta per racchiudere una serie di azioni simili. <strong>Alcune prenotazioni di visita medica erano state raccontate in maniera dettagliata<\/strong> (tante azioni=tanti post-it), <strong>altre invece in modo molto generico<\/strong> (poche azioni=pochi post-it). \u00c8 stato necessario quindi trovare un compromesso, quello di realizzare una serie di categorie generiche ma non troppo, che fossero in grado di raggruppare sia i post-it generici che quelli specifici.<\/p>\n<p><strong>Quarta fase &#8211; votare le azioni<br \/>\n<\/strong><strong>Tempo<\/strong>: 5 minuti<br \/>\n<strong>Fase<\/strong>: individuale<br \/>\n<strong>Obiettivo<\/strong>: attraverso l\u2019utilizzo di voti positivi e negativi arrivare a decretare, di tutti i post-it\/azione, il migliore e quello peggiore.<\/p>\n<p>La penultima fase ha visto coinvolte nuovamente le persone a livello individuale. Dopo aver categorizzato le varie azioni sotto macro gruppi, <strong>ogni persona ha dovuto votare<\/strong>, avendo un massimo di due voti positivi e due negativi a testa. Il post-it\/azione con maggiori voti positivi sarebbe stato decretato come migliore mentre, viceversa, il post-it\/azione con maggior voti negativi sarebbe stato classificato come&nbsp;peggior post-it\/azione.<\/p>\n<p>Essendo consapevoli dell&#8217;importanza della votazione, in quanto determinante a&nbsp;far passare l\u2019esperienza migliore e quella peggiore di tutto il flusso di lavoro svolto fino a quel momento, <strong>i soggetti sono stati tutti d\u2019accordo su quali fossero i due post-it da votare<\/strong> e <strong>far proseguire nella successiva ed ultima fase di processo<\/strong>.<\/p>\n<p><strong>Quinta fase &#8211; ideare soluzioni<br \/>\n<\/strong><strong>Tempo<\/strong>: 30 minuti<br \/>\n<strong>Fase<\/strong>: di gruppo<br \/>\n<strong>Obiettivo<\/strong>: pensare come migliorare l\u2019esperienza peggiore e come rendere fantastica l\u2019esperienza migliore.<\/p>\n<p>L\u2019<strong>ultima fase<\/strong> prevedeva il pensare come <strong>valorizzare, attraverso proposte migliorative, i post-it emersi<\/strong>. Pensare ad un qualcosa che fosse in grado di elevare l\u2019esperienza migliorandone il suo valore vissuto e percepito.<\/p>\n<p><strong>La conclusione di quest\u2019ultima fase \u00e8 stata molto interessante, <\/strong>in quanto l\u2019esperienza peggiore e quella migliore scelte dal gruppo A erano completamente differenti dalle scelte effettuate dal gruppo B.&nbsp; Attraverso un coinvolgimento attivo di tutti i componenti, dato dal numero ridotto dei partecipanti per ogni gruppo, i risultati derivanti dai due workshop sono stati molteplici ed utili.<\/p>\n<h3 id=\"stoc-i-risultati\" class=\"wpig-heading\">I risultati<\/h3>\n<p><strong>Tutti e due i <a href=\"https:\/\/www.intesys.it\/journal\/design\/design-thinking-workshop-caratteristiche-attivita-di-co-design-efficace\/\">workshop<\/a> sono stati di per s\u00e9 utilissimi<\/strong> in quanto hanno permesso a noi progettisti di entrare in contatto non solo con gli stakeholder del progetto, quindi con coloro che poi avrebbero utilizzato il sistema, ma anche con una serie di <strong>idee, problematiche e soluzioni a noi del tutto sconosciute<\/strong>; semplicemente perch\u00e9 mettersi nei panni di qualcuno \u00e8 un\u2019operazione complessa e non sempre fattibile.<\/p>\n<p>Uno degli aspetti pi\u00f9 importanti e difficili di un progettista, infatti, \u00e8 quello di sapersi calare in un contesto e vestirsi dei panni dell\u2019utente per capire cosa andare a realizzare per soddisfare un certo bisogno.<\/p>\n<h3 id=\"stoc-conclusioni\" class=\"wpig-heading\">Conclusioni<\/h3>\n<p>La scelta di <a href=\"https:\/\/www.intesys.it\/journal\/design\/perche-fare-un-co-desing-workshop\/\">realizzare due workshop<\/a> con i principali stakeholder del progetto si \u00e8 rivelata <strong>fondamentale per comprendere cosa e come andare a realizzare il progetto<\/strong> dello sportello online di Spazio 65+.<\/p>\n<p><strong>A target diversi corrispondono, infatti, esigenze differenti<\/strong> che portano alla realizzazione di interfacce tra le pi\u00f9 disparate ed inevitabilmente uniche perch\u00e9 progettate per permettere a quel particolare target, di trovare le informazioni che desidera nel pi\u00f9 breve tempo possibile e con il minore sforzo.<\/p>\n<p>Grazie all\u2019utilizzo dell\u2019<strong>experience mapping<\/strong>, in un lasso di tempo brevissimo i risultati ottenuti sono stati considerevolmente importanti.<\/p>\n<p><strong>La figura di leader<\/strong>, ovvero di colui che guida l\u2019intero flusso di lavoro del team <a href=\"https:\/\/www.intesys.it\/design\/user-experience-and-service-design\/\" target=\"_blank\" rel=\"noopener\">UX Design<\/a>, \u00e8 stata fondamentale, in quanto punto di riferimento e guida del team. Senza un buon UX designer che conosca i processi di progettazione e con una buona padronanza delle metodologie agile, la probabilit\u00e0 di fallire sarebbe stata molto pi\u00f9 elevata.<\/p>\n","protected":false},"excerpt":{"rendered":"<p>Ecco come si \u00e8 svolto il progetto di experience mapping svolto dal team UX di Intesys per la realizzazione di uno sportello fisico digitale per Spazio 65+<\/p>\n","protected":false},"author":58,"featured_media":3166,"comment_status":"closed","ping_status":"closed","sticky":false,"template":"","format":"standard","meta":{"_acf_changed":false,"inline_featured_image":false,"footnotes":""},"categories":[24],"tags":[200,211,689],"class_list":{"0":"post-3164","1":"post","2":"type-post","3":"status-publish","4":"format-standard","5":"has-post-thumbnail","7":"category-design","8":"tag-customer-experience","9":"tag-data-driven","10":"tag-user-experience"},"acf":[],"yoast_head":"<!-- This site is optimized with the Yoast SEO plugin v25.8 - https:\/\/yoast.com\/wordpress\/plugins\/seo\/ -->\n<title>Spazio 65+: le 5 efficaci fasi pratiche<\/title>\n<meta name=\"description\" content=\"Ecco come si \u00e8 svolto il progetto di experience mapping svolto dal team UX di Intesys per la realizzazione di uno sportello fisico digitale per Spazio 65+\" \/>\n<meta name=\"robots\" content=\"index, follow, max-snippet:-1, max-image-preview:large, max-video-preview:-1\" \/>\n<link rel=\"canonical\" href=\"https:\/\/www.intesys.it\/journal\/design\/spazio-65-le-5-efficaci-fasi-pratiche\/\" \/>\n<meta property=\"og:locale\" content=\"it_IT\" \/>\n<meta property=\"og:type\" content=\"article\" \/>\n<meta property=\"og:title\" content=\"Spazio 65+: le 5 efficaci fasi pratiche\" \/>\n<meta property=\"og:description\" content=\"Ecco come si \u00e8 svolto il progetto di experience mapping svolto dal team UX di Intesys per la realizzazione di uno sportello fisico digitale per Spazio 65+\" \/>\n<meta property=\"og:url\" content=\"https:\/\/www.intesys.it\/journal\/design\/spazio-65-le-5-efficaci-fasi-pratiche\/\" \/>\n<meta property=\"og:site_name\" content=\"Intesys Journal\" \/>\n<meta property=\"article:published_time\" content=\"2017-01-19T08:00:59+00:00\" \/>\n<meta property=\"article:modified_time\" content=\"2022-02-28T14:32:40+00:00\" \/>\n<meta property=\"og:image\" content=\"https:\/\/www.intesys.it\/journal\/wp-content\/uploads\/sites\/13\/2017\/01\/spazio65_img_seconda_parte.jpg\" \/>\n\t<meta property=\"og:image:width\" content=\"1280\" \/>\n\t<meta property=\"og:image:height\" content=\"960\" \/>\n\t<meta property=\"og:image:type\" content=\"image\/jpeg\" \/>\n<meta name=\"author\" content=\"Paola Avesani\" \/>\n<meta name=\"twitter:card\" content=\"summary_large_image\" \/>\n<meta name=\"twitter:label1\" content=\"Scritto da\" \/>\n\t<meta name=\"twitter:data1\" content=\"Paola Avesani\" \/>\n\t<meta name=\"twitter:label2\" content=\"Tempo di lettura stimato\" \/>\n\t<meta name=\"twitter:data2\" content=\"7 minuti\" \/>\n<script type=\"application\/ld+json\" class=\"yoast-schema-graph\">{\"@context\":\"https:\/\/schema.org\",\"@graph\":[{\"@type\":\"WebPage\",\"@id\":\"https:\/\/www.intesys.it\/journal\/design\/spazio-65-le-5-efficaci-fasi-pratiche\/\",\"url\":\"https:\/\/www.intesys.it\/journal\/design\/spazio-65-le-5-efficaci-fasi-pratiche\/\",\"name\":\"Spazio 65+: le 5 efficaci fasi pratiche\",\"isPartOf\":{\"@id\":\"https:\/\/www.intesys.it\/journal\/#website\"},\"primaryImageOfPage\":{\"@id\":\"https:\/\/www.intesys.it\/journal\/design\/spazio-65-le-5-efficaci-fasi-pratiche\/#primaryimage\"},\"image\":{\"@id\":\"https:\/\/www.intesys.it\/journal\/design\/spazio-65-le-5-efficaci-fasi-pratiche\/#primaryimage\"},\"thumbnailUrl\":\"https:\/\/www.intesys.it\/journal\/wp-content\/uploads\/sites\/13\/2017\/01\/spazio65_img_seconda_parte.jpg\",\"datePublished\":\"2017-01-19T08:00:59+00:00\",\"dateModified\":\"2022-02-28T14:32:40+00:00\",\"author\":{\"@id\":\"https:\/\/www.intesys.it\/journal\/#\/schema\/person\/25d1b11c87534ba03917cf1aac0ee9a2\"},\"description\":\"Ecco come si \u00e8 svolto il progetto di experience mapping svolto dal team UX di Intesys per la realizzazione di uno sportello fisico digitale per Spazio 65+\",\"breadcrumb\":{\"@id\":\"https:\/\/www.intesys.it\/journal\/design\/spazio-65-le-5-efficaci-fasi-pratiche\/#breadcrumb\"},\"inLanguage\":\"it-IT\",\"potentialAction\":[{\"@type\":\"ReadAction\",\"target\":[\"https:\/\/www.intesys.it\/journal\/design\/spazio-65-le-5-efficaci-fasi-pratiche\/\"]}]},{\"@type\":\"ImageObject\",\"inLanguage\":\"it-IT\",\"@id\":\"https:\/\/www.intesys.it\/journal\/design\/spazio-65-le-5-efficaci-fasi-pratiche\/#primaryimage\",\"url\":\"https:\/\/www.intesys.it\/journal\/wp-content\/uploads\/sites\/13\/2017\/01\/spazio65_img_seconda_parte.jpg\",\"contentUrl\":\"https:\/\/www.intesys.it\/journal\/wp-content\/uploads\/sites\/13\/2017\/01\/spazio65_img_seconda_parte.jpg\",\"width\":1280,\"height\":960},{\"@type\":\"BreadcrumbList\",\"@id\":\"https:\/\/www.intesys.it\/journal\/design\/spazio-65-le-5-efficaci-fasi-pratiche\/#breadcrumb\",\"itemListElement\":[{\"@type\":\"ListItem\",\"position\":1,\"name\":\"Home\",\"item\":\"https:\/\/www.intesys.it\/journal\/\"},{\"@type\":\"ListItem\",\"position\":2,\"name\":\"Spazio 65+: le 5 efficaci fasi pratiche\"}]},{\"@type\":\"WebSite\",\"@id\":\"https:\/\/www.intesys.it\/journal\/#website\",\"url\":\"https:\/\/www.intesys.it\/journal\/\",\"name\":\"Intesys\",\"description\":\"Ogni settimana nuovi articoli dedicati al mondo della trasformazione digitale!\",\"potentialAction\":[{\"@type\":\"SearchAction\",\"target\":{\"@type\":\"EntryPoint\",\"urlTemplate\":\"https:\/\/www.intesys.it\/journal\/?s={search_term_string}\"},\"query-input\":{\"@type\":\"PropertyValueSpecification\",\"valueRequired\":true,\"valueName\":\"search_term_string\"}}],\"inLanguage\":\"it-IT\"},{\"@type\":\"Person\",\"@id\":\"https:\/\/www.intesys.it\/journal\/#\/schema\/person\/25d1b11c87534ba03917cf1aac0ee9a2\",\"name\":\"Paola Avesani\",\"image\":{\"@type\":\"ImageObject\",\"inLanguage\":\"it-IT\",\"@id\":\"https:\/\/www.intesys.it\/journal\/#\/schema\/person\/image\/\",\"url\":\"https:\/\/secure.gravatar.com\/avatar\/31f985978bbfc9c3e96020247eb13eac45a458b30f8a52be6bb65277b0fdb908?s=96&d=mm&r=g\",\"contentUrl\":\"https:\/\/secure.gravatar.com\/avatar\/31f985978bbfc9c3e96020247eb13eac45a458b30f8a52be6bb65277b0fdb908?s=96&d=mm&r=g\",\"caption\":\"Paola Avesani\"},\"url\":\"https:\/\/www.intesys.it\/journal\/autore\/paola-avesani\/\"}]}<\/script>\n<!-- \/ Yoast SEO plugin. -->","yoast_head_json":{"title":"Spazio 65+: le 5 efficaci fasi pratiche","description":"Ecco come si \u00e8 svolto il progetto di experience mapping svolto dal team UX di Intesys per la realizzazione di uno sportello fisico digitale per Spazio 65+","robots":{"index":"index","follow":"follow","max-snippet":"max-snippet:-1","max-image-preview":"max-image-preview:large","max-video-preview":"max-video-preview:-1"},"canonical":"https:\/\/www.intesys.it\/journal\/design\/spazio-65-le-5-efficaci-fasi-pratiche\/","og_locale":"it_IT","og_type":"article","og_title":"Spazio 65+: le 5 efficaci fasi pratiche","og_description":"Ecco come si \u00e8 svolto il progetto di experience mapping svolto dal team UX di Intesys per la realizzazione di uno sportello fisico digitale per Spazio 65+","og_url":"https:\/\/www.intesys.it\/journal\/design\/spazio-65-le-5-efficaci-fasi-pratiche\/","og_site_name":"Intesys Journal","article_published_time":"2017-01-19T08:00:59+00:00","article_modified_time":"2022-02-28T14:32:40+00:00","og_image":[{"width":1280,"height":960,"url":"https:\/\/www.intesys.it\/journal\/wp-content\/uploads\/sites\/13\/2017\/01\/spazio65_img_seconda_parte.jpg","type":"image\/jpeg"}],"author":"Paola Avesani","twitter_card":"summary_large_image","twitter_misc":{"Scritto da":"Paola Avesani","Tempo di lettura stimato":"7 minuti"},"schema":{"@context":"https:\/\/schema.org","@graph":[{"@type":"WebPage","@id":"https:\/\/www.intesys.it\/journal\/design\/spazio-65-le-5-efficaci-fasi-pratiche\/","url":"https:\/\/www.intesys.it\/journal\/design\/spazio-65-le-5-efficaci-fasi-pratiche\/","name":"Spazio 65+: le 5 efficaci fasi pratiche","isPartOf":{"@id":"https:\/\/www.intesys.it\/journal\/#website"},"primaryImageOfPage":{"@id":"https:\/\/www.intesys.it\/journal\/design\/spazio-65-le-5-efficaci-fasi-pratiche\/#primaryimage"},"image":{"@id":"https:\/\/www.intesys.it\/journal\/design\/spazio-65-le-5-efficaci-fasi-pratiche\/#primaryimage"},"thumbnailUrl":"https:\/\/www.intesys.it\/journal\/wp-content\/uploads\/sites\/13\/2017\/01\/spazio65_img_seconda_parte.jpg","datePublished":"2017-01-19T08:00:59+00:00","dateModified":"2022-02-28T14:32:40+00:00","author":{"@id":"https:\/\/www.intesys.it\/journal\/#\/schema\/person\/25d1b11c87534ba03917cf1aac0ee9a2"},"description":"Ecco come si \u00e8 svolto il progetto di experience mapping svolto dal team UX di Intesys per la realizzazione di uno sportello fisico digitale per Spazio 65+","breadcrumb":{"@id":"https:\/\/www.intesys.it\/journal\/design\/spazio-65-le-5-efficaci-fasi-pratiche\/#breadcrumb"},"inLanguage":"it-IT","potentialAction":[{"@type":"ReadAction","target":["https:\/\/www.intesys.it\/journal\/design\/spazio-65-le-5-efficaci-fasi-pratiche\/"]}]},{"@type":"ImageObject","inLanguage":"it-IT","@id":"https:\/\/www.intesys.it\/journal\/design\/spazio-65-le-5-efficaci-fasi-pratiche\/#primaryimage","url":"https:\/\/www.intesys.it\/journal\/wp-content\/uploads\/sites\/13\/2017\/01\/spazio65_img_seconda_parte.jpg","contentUrl":"https:\/\/www.intesys.it\/journal\/wp-content\/uploads\/sites\/13\/2017\/01\/spazio65_img_seconda_parte.jpg","width":1280,"height":960},{"@type":"BreadcrumbList","@id":"https:\/\/www.intesys.it\/journal\/design\/spazio-65-le-5-efficaci-fasi-pratiche\/#breadcrumb","itemListElement":[{"@type":"ListItem","position":1,"name":"Home","item":"https:\/\/www.intesys.it\/journal\/"},{"@type":"ListItem","position":2,"name":"Spazio 65+: le 5 efficaci fasi pratiche"}]},{"@type":"WebSite","@id":"https:\/\/www.intesys.it\/journal\/#website","url":"https:\/\/www.intesys.it\/journal\/","name":"Intesys","description":"Ogni settimana nuovi articoli dedicati al mondo della trasformazione digitale!","potentialAction":[{"@type":"SearchAction","target":{"@type":"EntryPoint","urlTemplate":"https:\/\/www.intesys.it\/journal\/?s={search_term_string}"},"query-input":{"@type":"PropertyValueSpecification","valueRequired":true,"valueName":"search_term_string"}}],"inLanguage":"it-IT"},{"@type":"Person","@id":"https:\/\/www.intesys.it\/journal\/#\/schema\/person\/25d1b11c87534ba03917cf1aac0ee9a2","name":"Paola Avesani","image":{"@type":"ImageObject","inLanguage":"it-IT","@id":"https:\/\/www.intesys.it\/journal\/#\/schema\/person\/image\/","url":"https:\/\/secure.gravatar.com\/avatar\/31f985978bbfc9c3e96020247eb13eac45a458b30f8a52be6bb65277b0fdb908?s=96&d=mm&r=g","contentUrl":"https:\/\/secure.gravatar.com\/avatar\/31f985978bbfc9c3e96020247eb13eac45a458b30f8a52be6bb65277b0fdb908?s=96&d=mm&r=g","caption":"Paola Avesani"},"url":"https:\/\/www.intesys.it\/journal\/autore\/paola-avesani\/"}]}},"_links":{"self":[{"href":"https:\/\/www.intesys.it\/journal\/wp-json\/wp\/v2\/posts\/3164","targetHints":{"allow":["GET"]}}],"collection":[{"href":"https:\/\/www.intesys.it\/journal\/wp-json\/wp\/v2\/posts"}],"about":[{"href":"https:\/\/www.intesys.it\/journal\/wp-json\/wp\/v2\/types\/post"}],"author":[{"embeddable":true,"href":"https:\/\/www.intesys.it\/journal\/wp-json\/wp\/v2\/users\/58"}],"replies":[{"embeddable":true,"href":"https:\/\/www.intesys.it\/journal\/wp-json\/wp\/v2\/comments?post=3164"}],"version-history":[{"count":1,"href":"https:\/\/www.intesys.it\/journal\/wp-json\/wp\/v2\/posts\/3164\/revisions"}],"predecessor-version":[{"id":9759,"href":"https:\/\/www.intesys.it\/journal\/wp-json\/wp\/v2\/posts\/3164\/revisions\/9759"}],"wp:featuredmedia":[{"embeddable":true,"href":"https:\/\/www.intesys.it\/journal\/wp-json\/wp\/v2\/media\/3166"}],"wp:attachment":[{"href":"https:\/\/www.intesys.it\/journal\/wp-json\/wp\/v2\/media?parent=3164"}],"wp:term":[{"taxonomy":"category","embeddable":true,"href":"https:\/\/www.intesys.it\/journal\/wp-json\/wp\/v2\/categories?post=3164"},{"taxonomy":"post_tag","embeddable":true,"href":"https:\/\/www.intesys.it\/journal\/wp-json\/wp\/v2\/tags?post=3164"}],"curies":[{"name":"wp","href":"https:\/\/api.w.org\/{rel}","templated":true}]}}