{"id":3479,"date":"2017-04-20T08:45:57","date_gmt":"2017-04-20T06:45:57","guid":{"rendered":"https:\/\/www.intesys.it\/journal\/?p=3479"},"modified":"2022-06-28T12:35:33","modified_gmt":"2022-06-28T10:35:33","slug":"ente-digital-ready-pre-requisiti-prepararci-alla-trasformazione-digitale","status":"publish","type":"post","link":"https:\/\/www.intesys.it\/journal\/information-technology\/ente-digital-ready-pre-requisiti-prepararci-alla-trasformazione-digitale\/","title":{"rendered":"Ente Digital Ready. I pre-requisiti per prepararci alla trasformazione digitale"},"content":{"rendered":"<p><\/p>[vc_row type=&#8221;in_container&#8221; full_screen_row_position=&#8221;middle&#8221; column_margin=&#8221;default&#8221; column_direction=&#8221;default&#8221; column_direction_tablet=&#8221;default&#8221; column_direction_phone=&#8221;default&#8221; scene_position=&#8221;center&#8221; text_color=&#8221;dark&#8221; text_align=&#8221;left&#8221; row_border_radius=&#8221;none&#8221; row_border_radius_applies=&#8221;bg&#8221; overflow=&#8221;visible&#8221; overlay_strength=&#8221;0.3&#8243; gradient_direction=&#8221;left_to_right&#8221; shape_divider_position=&#8221;bottom&#8221; bg_image_animation=&#8221;none&#8221;][vc_column column_padding=&#8221;no-extra-padding&#8221; column_padding_tablet=&#8221;inherit&#8221; column_padding_phone=&#8221;inherit&#8221; column_padding_position=&#8221;all&#8221; column_element_spacing=&#8221;default&#8221; background_color_opacity=&#8221;1&#8243; background_hover_color_opacity=&#8221;1&#8243; column_shadow=&#8221;none&#8221; column_border_radius=&#8221;none&#8221; column_link_target=&#8221;_self&#8221; column_position=&#8221;default&#8221; gradient_direction=&#8221;left_to_right&#8221; overlay_strength=&#8221;0.3&#8243; width=&#8221;1\/1&#8243; tablet_width_inherit=&#8221;default&#8221; tablet_text_alignment=&#8221;default&#8221; phone_text_alignment=&#8221;default&#8221; animation_type=&#8221;default&#8221; bg_image_animation=&#8221;none&#8221; border_type=&#8221;simple&#8221; column_border_width=&#8221;none&#8221; column_border_style=&#8221;solid&#8221;][vc_column_text]Abbiamo partecipato al concorso indetto dal Forum PA &#8220;Premio 10&#215;10 = cento progetti per cambiare la PA&#8221; e, tra i diversi progetti di <a href=\"https:\/\/www.intesys.it\/journal\/information-technology\/paperless-la-digital-transformation-puo-finalmente-mantenere-la-promessa\/\" rel=\"noopener\">trasformazione digitale<\/a>, abbiamo scelto quello iniziato con L&#8217;Ente Nazionale Risi.<\/p>\n<p>Si tratta della nostra offerta &#8220;base&#8221;: il Protocollo Informatico innestato in una piattaforma di Enterprise Content Management e Business Process Management Open Source (Alfresco\/Activiti).<\/p>\n<p><strong>Perch\u00e8\u00a0un progetto cos\u00ec generico tra tanti progetti di digitalizzazione verticali e, apparentemente pi\u00f9 significativi?<\/strong><\/p>\n<p>Perch\u00e9 prima di intraprendere il viaggio verso la trasformazione digitale che rivoluzioner\u00e0, una ad una, tutte le nostre procedure \u00e8 necessario gettare le basi corrette, basi rappresentate, appunto, da questo progetto che indica i 2 pre-requisiti necessari (3 per la Pubblica Amministrazione) per essere &#8220;digital ready&#8221;:<\/p>\n<ol>\n<li>Una piattaforma di gestione per consolidare in un unico punto tutti i contenuti (tradizionali e digitali) ed evitare che ogni progetto &#8220;digital&#8221; generi un proprio silos chiuso di informazioni, fino all&#8217;archiviazione digitale e sostitutiva.<\/li>\n<li>Un efficiente sistema di Business Process Management per governare i flussi e i processi che devono essere necessariamente ripensati alla luce della scomparsa della carta.<\/li>\n<li>(per la Pubblica Amministrazione) un sistema di Protocollo Informatico integrato alle piattaforme di ECM e BPM quale punto di accesso e gestione dei contenuti tradizionali e digitali capace di automatizzare le procedure a scarso o nullo valore e pilotare i nuovi processi.<\/li>\n<\/ol>\n<p>Il progetto realizzato in collaborazione con L&#8217;Ente Nazionale Risi, che si trova a dover gestire il cambiamento imposto dall&#8217;Agenda Digitale: dalla fattura elettronica e relativi processi, ai nuovi strumenti di interazione attraverso il portale per la digitalizzazione del rapporto con la filiera produttiva, rappresenta proprio la volont\u00e0 dell&#8217;ente di dotarsi di quelle piattaforma in grado di supportare la gestione di tutti i nuovi contenuti e processi digitali parallelamente a quelli tradizionali e affrontare il cambiamento potendone cogliere i benefici di interazione multicanale e apertura senza aumentare la complessit\u00e0 della gestione tutto con la trasparenza, la flessibilit\u00e0 e il cost-saving proprio dell&#8217;open source.[\/vc_column_text][\/vc_column][\/vc_row]\n","protected":false},"excerpt":{"rendered":"<p>Abbiamo partecipato al concorso indetto dal Forum PA &#8220;Premio 10&#215;10 = cento progetti per cambiare la PA&#8221; e, tra i diversi progetti di trasformazione digitale, abbiamo scelto quello iniziato con L&#8217;Ente Nazionale Risi. Ecco il perch\u00e8 di questa scelta:<\/p>\n","protected":false},"author":43,"featured_media":3480,"comment_status":"closed","ping_status":"closed","sticky":false,"template":"","format":"standard","meta":{"_acf_changed":false,"inline_featured_image":false,"footnotes":""},"categories":[27],"tags":[40,250,256,548],"class_list":{"0":"post-3479","1":"post","2":"type-post","3":"status-publish","4":"format-standard","5":"has-post-thumbnail","7":"category-information-technology","8":"tag-alfresco","9":"tag-digital-pa","10":"tag-digital-transformation","11":"tag-protocollo-informatico"},"acf":[],"yoast_head":"<!-- This site is optimized with the Yoast SEO plugin v25.8 - https:\/\/yoast.com\/wordpress\/plugins\/seo\/ -->\n<title>Ente Digital Ready. I pre-requisiti per prepararci alla trasformazione digitale<\/title>\n<meta name=\"description\" content=\"Il progetto iniziato con L&#039;Ente Nazionale Risi \u00e8 significativo per capire come iniziare il viaggio verso la trasformazione digitale. Vediamo il perch\u00e9:\" \/>\n<meta name=\"robots\" content=\"index, follow, max-snippet:-1, max-image-preview:large, max-video-preview:-1\" \/>\n<link rel=\"canonical\" href=\"https:\/\/www.intesys.it\/journal\/information-technology\/ente-digital-ready-pre-requisiti-prepararci-alla-trasformazione-digitale\/\" \/>\n<meta property=\"og:locale\" content=\"it_IT\" \/>\n<meta property=\"og:type\" content=\"article\" \/>\n<meta property=\"og:title\" content=\"Ente Digital Ready. I pre-requisiti per prepararci alla trasformazione digitale\" \/>\n<meta property=\"og:description\" content=\"Il progetto iniziato con L&#039;Ente Nazionale Risi \u00e8 significativo per capire come iniziare il viaggio verso la trasformazione digitale. Vediamo il perch\u00e9:\" \/>\n<meta property=\"og:url\" content=\"https:\/\/www.intesys.it\/journal\/information-technology\/ente-digital-ready-pre-requisiti-prepararci-alla-trasformazione-digitale\/\" \/>\n<meta property=\"og:site_name\" content=\"Intesys Journal\" \/>\n<meta property=\"article:published_time\" content=\"2017-04-20T06:45:57+00:00\" \/>\n<meta property=\"article:modified_time\" content=\"2022-06-28T10:35:33+00:00\" \/>\n<meta property=\"og:image\" content=\"https:\/\/www.intesys.it\/journal\/wp-content\/uploads\/sites\/13\/2017\/04\/costruire-le-basi.jpg\" \/>\n\t<meta property=\"og:image:width\" content=\"1280\" \/>\n\t<meta property=\"og:image:height\" content=\"960\" \/>\n\t<meta property=\"og:image:type\" content=\"image\/jpeg\" \/>\n<meta name=\"author\" content=\"Alessandro Lavarra\" \/>\n<meta name=\"twitter:card\" content=\"summary_large_image\" \/>\n<meta name=\"twitter:label1\" content=\"Scritto da\" \/>\n\t<meta name=\"twitter:data1\" content=\"Alessandro Lavarra\" \/>\n\t<meta name=\"twitter:label2\" content=\"Tempo di lettura stimato\" \/>\n\t<meta name=\"twitter:data2\" content=\"2 minuti\" \/>\n<script type=\"application\/ld+json\" class=\"yoast-schema-graph\">{\"@context\":\"https:\/\/schema.org\",\"@graph\":[{\"@type\":\"WebPage\",\"@id\":\"https:\/\/www.intesys.it\/journal\/information-technology\/ente-digital-ready-pre-requisiti-prepararci-alla-trasformazione-digitale\/\",\"url\":\"https:\/\/www.intesys.it\/journal\/information-technology\/ente-digital-ready-pre-requisiti-prepararci-alla-trasformazione-digitale\/\",\"name\":\"Ente Digital Ready. I pre-requisiti per prepararci alla trasformazione digitale\",\"isPartOf\":{\"@id\":\"https:\/\/www.intesys.it\/journal\/#website\"},\"primaryImageOfPage\":{\"@id\":\"https:\/\/www.intesys.it\/journal\/information-technology\/ente-digital-ready-pre-requisiti-prepararci-alla-trasformazione-digitale\/#primaryimage\"},\"image\":{\"@id\":\"https:\/\/www.intesys.it\/journal\/information-technology\/ente-digital-ready-pre-requisiti-prepararci-alla-trasformazione-digitale\/#primaryimage\"},\"thumbnailUrl\":\"https:\/\/www.intesys.it\/journal\/wp-content\/uploads\/sites\/13\/2017\/04\/costruire-le-basi.jpg\",\"datePublished\":\"2017-04-20T06:45:57+00:00\",\"dateModified\":\"2022-06-28T10:35:33+00:00\",\"author\":{\"@id\":\"https:\/\/www.intesys.it\/journal\/#\/schema\/person\/f71f2ced4e09e6806354cf9e7f7edef5\"},\"description\":\"Il progetto iniziato con L'Ente Nazionale Risi \u00e8 significativo per capire come iniziare il viaggio verso la trasformazione digitale. Vediamo il perch\u00e9:\",\"breadcrumb\":{\"@id\":\"https:\/\/www.intesys.it\/journal\/information-technology\/ente-digital-ready-pre-requisiti-prepararci-alla-trasformazione-digitale\/#breadcrumb\"},\"inLanguage\":\"it-IT\",\"potentialAction\":[{\"@type\":\"ReadAction\",\"target\":[\"https:\/\/www.intesys.it\/journal\/information-technology\/ente-digital-ready-pre-requisiti-prepararci-alla-trasformazione-digitale\/\"]}]},{\"@type\":\"ImageObject\",\"inLanguage\":\"it-IT\",\"@id\":\"https:\/\/www.intesys.it\/journal\/information-technology\/ente-digital-ready-pre-requisiti-prepararci-alla-trasformazione-digitale\/#primaryimage\",\"url\":\"https:\/\/www.intesys.it\/journal\/wp-content\/uploads\/sites\/13\/2017\/04\/costruire-le-basi.jpg\",\"contentUrl\":\"https:\/\/www.intesys.it\/journal\/wp-content\/uploads\/sites\/13\/2017\/04\/costruire-le-basi.jpg\",\"width\":1280,\"height\":960},{\"@type\":\"BreadcrumbList\",\"@id\":\"https:\/\/www.intesys.it\/journal\/information-technology\/ente-digital-ready-pre-requisiti-prepararci-alla-trasformazione-digitale\/#breadcrumb\",\"itemListElement\":[{\"@type\":\"ListItem\",\"position\":1,\"name\":\"Home\",\"item\":\"https:\/\/www.intesys.it\/journal\/\"},{\"@type\":\"ListItem\",\"position\":2,\"name\":\"Ente Digital Ready. I pre-requisiti per prepararci alla trasformazione digitale\"}]},{\"@type\":\"WebSite\",\"@id\":\"https:\/\/www.intesys.it\/journal\/#website\",\"url\":\"https:\/\/www.intesys.it\/journal\/\",\"name\":\"Intesys\",\"description\":\"Ogni settimana nuovi articoli dedicati al mondo della trasformazione digitale!\",\"potentialAction\":[{\"@type\":\"SearchAction\",\"target\":{\"@type\":\"EntryPoint\",\"urlTemplate\":\"https:\/\/www.intesys.it\/journal\/?s={search_term_string}\"},\"query-input\":{\"@type\":\"PropertyValueSpecification\",\"valueRequired\":true,\"valueName\":\"search_term_string\"}}],\"inLanguage\":\"it-IT\"},{\"@type\":\"Person\",\"@id\":\"https:\/\/www.intesys.it\/journal\/#\/schema\/person\/f71f2ced4e09e6806354cf9e7f7edef5\",\"name\":\"Alessandro Lavarra\",\"image\":{\"@type\":\"ImageObject\",\"inLanguage\":\"it-IT\",\"@id\":\"https:\/\/www.intesys.it\/journal\/#\/schema\/person\/image\/\",\"url\":\"https:\/\/secure.gravatar.com\/avatar\/7f9992e77f40f0ddefceb9fcb2766c3500ea2000cb6066325de503836bf3c40d?s=96&d=mm&r=g\",\"contentUrl\":\"https:\/\/secure.gravatar.com\/avatar\/7f9992e77f40f0ddefceb9fcb2766c3500ea2000cb6066325de503836bf3c40d?s=96&d=mm&r=g\",\"caption\":\"Alessandro Lavarra\"},\"url\":\"https:\/\/www.intesys.it\/journal\/autore\/alessandro-lavarra\/\"}]}<\/script>\n<!-- \/ Yoast SEO plugin. -->","yoast_head_json":{"title":"Ente Digital Ready. I pre-requisiti per prepararci alla trasformazione digitale","description":"Il progetto iniziato con L'Ente Nazionale Risi \u00e8 significativo per capire come iniziare il viaggio verso la trasformazione digitale. Vediamo il perch\u00e9:","robots":{"index":"index","follow":"follow","max-snippet":"max-snippet:-1","max-image-preview":"max-image-preview:large","max-video-preview":"max-video-preview:-1"},"canonical":"https:\/\/www.intesys.it\/journal\/information-technology\/ente-digital-ready-pre-requisiti-prepararci-alla-trasformazione-digitale\/","og_locale":"it_IT","og_type":"article","og_title":"Ente Digital Ready. I pre-requisiti per prepararci alla trasformazione digitale","og_description":"Il progetto iniziato con L'Ente Nazionale Risi \u00e8 significativo per capire come iniziare il viaggio verso la trasformazione digitale. Vediamo il perch\u00e9:","og_url":"https:\/\/www.intesys.it\/journal\/information-technology\/ente-digital-ready-pre-requisiti-prepararci-alla-trasformazione-digitale\/","og_site_name":"Intesys Journal","article_published_time":"2017-04-20T06:45:57+00:00","article_modified_time":"2022-06-28T10:35:33+00:00","og_image":[{"width":1280,"height":960,"url":"https:\/\/www.intesys.it\/journal\/wp-content\/uploads\/sites\/13\/2017\/04\/costruire-le-basi.jpg","type":"image\/jpeg"}],"author":"Alessandro Lavarra","twitter_card":"summary_large_image","twitter_misc":{"Scritto da":"Alessandro Lavarra","Tempo di lettura stimato":"2 minuti"},"schema":{"@context":"https:\/\/schema.org","@graph":[{"@type":"WebPage","@id":"https:\/\/www.intesys.it\/journal\/information-technology\/ente-digital-ready-pre-requisiti-prepararci-alla-trasformazione-digitale\/","url":"https:\/\/www.intesys.it\/journal\/information-technology\/ente-digital-ready-pre-requisiti-prepararci-alla-trasformazione-digitale\/","name":"Ente Digital Ready. I pre-requisiti per prepararci alla trasformazione digitale","isPartOf":{"@id":"https:\/\/www.intesys.it\/journal\/#website"},"primaryImageOfPage":{"@id":"https:\/\/www.intesys.it\/journal\/information-technology\/ente-digital-ready-pre-requisiti-prepararci-alla-trasformazione-digitale\/#primaryimage"},"image":{"@id":"https:\/\/www.intesys.it\/journal\/information-technology\/ente-digital-ready-pre-requisiti-prepararci-alla-trasformazione-digitale\/#primaryimage"},"thumbnailUrl":"https:\/\/www.intesys.it\/journal\/wp-content\/uploads\/sites\/13\/2017\/04\/costruire-le-basi.jpg","datePublished":"2017-04-20T06:45:57+00:00","dateModified":"2022-06-28T10:35:33+00:00","author":{"@id":"https:\/\/www.intesys.it\/journal\/#\/schema\/person\/f71f2ced4e09e6806354cf9e7f7edef5"},"description":"Il progetto iniziato con L'Ente Nazionale Risi \u00e8 significativo per capire come iniziare il viaggio verso la trasformazione digitale. Vediamo il perch\u00e9:","breadcrumb":{"@id":"https:\/\/www.intesys.it\/journal\/information-technology\/ente-digital-ready-pre-requisiti-prepararci-alla-trasformazione-digitale\/#breadcrumb"},"inLanguage":"it-IT","potentialAction":[{"@type":"ReadAction","target":["https:\/\/www.intesys.it\/journal\/information-technology\/ente-digital-ready-pre-requisiti-prepararci-alla-trasformazione-digitale\/"]}]},{"@type":"ImageObject","inLanguage":"it-IT","@id":"https:\/\/www.intesys.it\/journal\/information-technology\/ente-digital-ready-pre-requisiti-prepararci-alla-trasformazione-digitale\/#primaryimage","url":"https:\/\/www.intesys.it\/journal\/wp-content\/uploads\/sites\/13\/2017\/04\/costruire-le-basi.jpg","contentUrl":"https:\/\/www.intesys.it\/journal\/wp-content\/uploads\/sites\/13\/2017\/04\/costruire-le-basi.jpg","width":1280,"height":960},{"@type":"BreadcrumbList","@id":"https:\/\/www.intesys.it\/journal\/information-technology\/ente-digital-ready-pre-requisiti-prepararci-alla-trasformazione-digitale\/#breadcrumb","itemListElement":[{"@type":"ListItem","position":1,"name":"Home","item":"https:\/\/www.intesys.it\/journal\/"},{"@type":"ListItem","position":2,"name":"Ente Digital Ready. I pre-requisiti per prepararci alla trasformazione digitale"}]},{"@type":"WebSite","@id":"https:\/\/www.intesys.it\/journal\/#website","url":"https:\/\/www.intesys.it\/journal\/","name":"Intesys","description":"Ogni settimana nuovi articoli dedicati al mondo della trasformazione digitale!","potentialAction":[{"@type":"SearchAction","target":{"@type":"EntryPoint","urlTemplate":"https:\/\/www.intesys.it\/journal\/?s={search_term_string}"},"query-input":{"@type":"PropertyValueSpecification","valueRequired":true,"valueName":"search_term_string"}}],"inLanguage":"it-IT"},{"@type":"Person","@id":"https:\/\/www.intesys.it\/journal\/#\/schema\/person\/f71f2ced4e09e6806354cf9e7f7edef5","name":"Alessandro Lavarra","image":{"@type":"ImageObject","inLanguage":"it-IT","@id":"https:\/\/www.intesys.it\/journal\/#\/schema\/person\/image\/","url":"https:\/\/secure.gravatar.com\/avatar\/7f9992e77f40f0ddefceb9fcb2766c3500ea2000cb6066325de503836bf3c40d?s=96&d=mm&r=g","contentUrl":"https:\/\/secure.gravatar.com\/avatar\/7f9992e77f40f0ddefceb9fcb2766c3500ea2000cb6066325de503836bf3c40d?s=96&d=mm&r=g","caption":"Alessandro Lavarra"},"url":"https:\/\/www.intesys.it\/journal\/autore\/alessandro-lavarra\/"}]}},"_links":{"self":[{"href":"https:\/\/www.intesys.it\/journal\/wp-json\/wp\/v2\/posts\/3479","targetHints":{"allow":["GET"]}}],"collection":[{"href":"https:\/\/www.intesys.it\/journal\/wp-json\/wp\/v2\/posts"}],"about":[{"href":"https:\/\/www.intesys.it\/journal\/wp-json\/wp\/v2\/types\/post"}],"author":[{"embeddable":true,"href":"https:\/\/www.intesys.it\/journal\/wp-json\/wp\/v2\/users\/43"}],"replies":[{"embeddable":true,"href":"https:\/\/www.intesys.it\/journal\/wp-json\/wp\/v2\/comments?post=3479"}],"version-history":[{"count":2,"href":"https:\/\/www.intesys.it\/journal\/wp-json\/wp\/v2\/posts\/3479\/revisions"}],"predecessor-version":[{"id":11099,"href":"https:\/\/www.intesys.it\/journal\/wp-json\/wp\/v2\/posts\/3479\/revisions\/11099"}],"wp:featuredmedia":[{"embeddable":true,"href":"https:\/\/www.intesys.it\/journal\/wp-json\/wp\/v2\/media\/3480"}],"wp:attachment":[{"href":"https:\/\/www.intesys.it\/journal\/wp-json\/wp\/v2\/media?parent=3479"}],"wp:term":[{"taxonomy":"category","embeddable":true,"href":"https:\/\/www.intesys.it\/journal\/wp-json\/wp\/v2\/categories?post=3479"},{"taxonomy":"post_tag","embeddable":true,"href":"https:\/\/www.intesys.it\/journal\/wp-json\/wp\/v2\/tags?post=3479"}],"curies":[{"name":"wp","href":"https:\/\/api.w.org\/{rel}","templated":true}]}}