{"id":352,"date":"2015-07-02T09:00:44","date_gmt":"2015-07-02T07:00:44","guid":{"rendered":"https:\/\/www.intesys.it\/journal\/?p=352"},"modified":"2024-01-10T18:06:35","modified_gmt":"2024-01-10T17:06:35","slug":"facebook-ancora-nuovi-update-dove-ci-porteranno","status":"publish","type":"post","link":"https:\/\/www.intesys.it\/journal\/marketing-e-commerce\/facebook-ancora-nuovi-update-dove-ci-porteranno\/","title":{"rendered":"3 nuovi update per Facebook: dove ci porteranno"},"content":{"rendered":"<p><\/p><p>Sono passate solo alcune settimane dall&#8217;ultimo update, ed il noto social network introduce ulteriori evoluzioni alla piattaforma.<\/p>\n<p>Questa volta non si tratta solo della <a href=\"https:\/\/www.intesys.it\/journal\/web-marketing\/nuovo-algoritmo-facebook-pochi-amici-ma-buoni\">variazione dell&#8217;Edge Rank<\/a>, l&#8217;algoritmo di Facebook, ma di cambiamenti che potrebbero <strong>mutare il modo di fare <a href=\"https:\/\/www.intesys.it\/digital-marketing\/\" target=\"_blank\" rel=\"noopener\">web marketing<\/a><\/strong> sul social network.<\/p>\n<p>Ma facciamo ordine. I 3 update in arrivo sono:<\/p>\n<h3 id=\"stoc-1-fattore-temporale\" class=\"wpig-heading\"><strong>1.<\/strong> <strong>FATTORE TEMPORALE<\/strong><\/h3>\n<p>Tra le novit\u00e0 &nbsp;applicative ce n&#8217;\u00e8 una che riguarda nuovamente il <strong>modo in cui l&#8217;utente vede apparire le notizie nel news feed<\/strong>. I principali fattori che hanno inciso fino ad oggi si possono riassumere cos\u00ec:<\/p>\n<ul>\n<li>Qualit\u00e0 &nbsp;e quantit\u00e0 &nbsp;delle interazioni degli utenti con gli altri profili personali e con le pagine brand.<\/li>\n<li>Fattore temporale, in termini di attualit\u00e0 &nbsp;delle notizie.<\/li>\n<\/ul>\n<p>\u00e8 proprio sul fattore temporale che Facebook ha deciso di intervenire ancora una volta. Stavolta per\u00f2 non si considerano i minuti, le ore o i giorni trascorsi dalla pubblicazione di un post, ma <strong>il tempo impiegato da un utente a leggere una notizia.<\/strong><\/p>\n<p>Obiettivo costante del team di Zuckerberg \u00e8 mostrare agli utenti ci\u00f2 che realmente interessa. Cos\u00ec, dopo aver indagato per alcuni mesi sulla soddisfazione degli iscritti, si \u00e8 capito che spesso <strong>una notizia coinvolge il lettore<\/strong> anche se il contenuto non viene commentato o cliccato.<\/p>\n<p>Per questo, come annunciato nella <a href=\"http:\/\/newsroom.fb.com\/news\/2015\/06\/news-feed-fyi-taking-into-account-time-spent-on-stories\/\" target=\"_blank\" rel=\"noopener\">News Room di Facebook<\/a>, a partire dalle prossime settimane il tempo impiegato da un utente a leggere un post sar\u00e0 &nbsp;un fattore influente a determinare il ranking dei post nel news feed.<\/p>\n<p>L&#8217; aggiornamento \u00e8 volto a migliorare l&#8217;esperienza dell&#8217;utente sulla piattaforma e ad aprire le porte agli <a href=\"http:\/\/media.fb.com\/2015\/05\/12\/instantarticles\/\" target=\"_blank\" rel=\"noopener\">Istant Article<\/a>, articoli caricati direttamente su Facebook senza condividere link esterni.<\/p>\n<h3 id=\"stoc-2-tag\" class=\"wpig-heading\"><strong>2.<\/strong> <strong>TAG<\/strong><\/h3>\n<p>L&#8217;altra novit\u00e0 &nbsp;preannunciata alla <a href=\"http:\/\/www.pamitc.org\/cvpr15\/\" target=\"_blank\" rel=\"noopener\"><em>Computer Vision and Pattern Recognition Conference<\/em><\/a> di Boston ci coglie ancor pi\u00f9 di sorpresa.<\/p>\n<p>Yann LeCun, direttore del Facebook Artificial Intelligence Research Lab, ha presentato durante la conferenza l&#8217;algoritmo che utilizzer\u00e0 &nbsp;il <strong>riconoscimento facciale<\/strong> per suggerire i tag: baster\u00e0 &nbsp;inserire una foto sul social e il sistema (tramite la postura, l&#8217;acconciatura e anche l&#8217;abbigliamento) riconoscer\u00e0 &nbsp;l&#8217;utente, anche con il volto coperto, suggerendone il tag.<\/p>\n<h3 id=\"stoc-3-lead-ads\" class=\"wpig-heading\"><strong>3.<\/strong> <strong>LEAD ADS<\/strong><\/h3>\n<p>Il futuro di Facebook non riguarda solamente l&#8217;avanguardia tecnologica, ma anche <strong>il modo di fare marketing<\/strong>. Si preannuncia l&#8217;arrivo di un grande cambiamento sul mobile: i Facebook <a href=\"https:\/\/www.facebook.com\/business\/news\/lead-ads\" target=\"_blank\" rel=\"noopener\">Lead Ads<\/a>.<\/p>\n<p><strong>Perch\u00e8 cambieranno il modo di fare Web Marketing?<\/strong><\/p>\n<p>Perch\u00e8 andranno ad incidere in maniera considerevole sul <a href=\"https:\/\/www.intesys.it\/soluzioni\/lead-generation-nel-b2b-con-inbound-marketing\/\" target=\"_blank\" rel=\"noopener\">processo di Lead Generation<\/a>. Le lunghe Form che devono essere compilate in tutti, o quasi, i loro campi per ultimare le procedure di iscrizione, verranno sostituite da due pulsanti: &#8220;Subscribe e Submit&#8221;.<\/p>\n<p><strong>Come \u00e8 possibile?<\/strong><\/p>\n<p>Facebook, utilizzando i dati del suo database di iscritti, sar\u00e0 &nbsp;in grado di compilare, una volta ricevuto il consenso (Submit), campi quali: Nome, Cognome, Email, numero di telefono, indirizzo ecc.<\/p>\n<p>Una grande novit\u00e0 &nbsp;che potrebbe agevolare molto gli inserzionisti. <strong>Non dover compilare una Form<\/strong>, si sa, rende pi\u00f9 immediato il click dell&#8217;utente. Soprattutto in situazioni di mobilit\u00e0 .<\/p>\n<p>Ovviamente i dubbi in materia di privacy su questo argomento sono gi\u00e0 &nbsp;tantissimi. Sembra che l&#8217;inserzionista dovr\u00e0 &nbsp;inserire un banner sui termini della privacy e che le aziende dovranno rispettare il trattamento dei dati.<\/p>\n<p>Dunque non ci resta che osservare attoniti l&#8217;ascesa di un social, che pi\u00f9 solo social non \u00e8. Infatti, nonostante alcune delle novit\u00e0 &nbsp;preannunciate non siano ancora reali, <strong>tecnologia e innovazione<\/strong> rimangono le parole d&#8217;ordine per una piattaforma forte e inarrestabile.<\/p>\n<p>Che il desiderio espresso da Mark Zuckerberg nel 2014 &#8220;Vogliamo creare una comunicazione globale&#8221; stia prendendo forma?<\/p>\n","protected":false},"excerpt":{"rendered":"<p>Dopo poche settimane dagli ultimi update, Facebook preannuncia altri cambiamenti. Questa volta non riguardano solo il suo algoritmo, l&#8217;Edge Rank, ma anche il modo di fare web marketing e di acquisire lead sulla piattaforma.<\/p>\n","protected":false},"author":49,"featured_media":391,"comment_status":"closed","ping_status":"open","sticky":false,"template":"","format":"standard","meta":{"_acf_changed":false,"inline_featured_image":false,"footnotes":""},"categories":[26],"tags":[624],"class_list":{"0":"post-352","1":"post","2":"type-post","3":"status-publish","4":"format-standard","5":"has-post-thumbnail","7":"category-marketing-e-commerce","8":"tag-social-media-marketing"},"acf":[],"yoast_head":"<!-- This site is optimized with the Yoast SEO plugin v25.8 - https:\/\/yoast.com\/wordpress\/plugins\/seo\/ -->\n<title>3 nuovi update per Facebook: dove ci porteranno<\/title>\n<meta name=\"description\" content=\"Sono passate solo alcune settimane dall\u2019ultimo update e Facebook introduce ulteriori evoluzioni alla piattaforma.\" \/>\n<meta name=\"robots\" content=\"index, follow, max-snippet:-1, max-image-preview:large, max-video-preview:-1\" \/>\n<link rel=\"canonical\" href=\"https:\/\/www.intesys.it\/journal\/marketing-e-commerce\/facebook-ancora-nuovi-update-dove-ci-porteranno\/\" \/>\n<meta property=\"og:locale\" content=\"it_IT\" \/>\n<meta property=\"og:type\" content=\"article\" \/>\n<meta property=\"og:title\" content=\"3 nuovi update per Facebook: dove ci porteranno\" \/>\n<meta property=\"og:description\" content=\"Sono passate solo alcune settimane dall\u2019ultimo update e Facebook introduce ulteriori evoluzioni alla piattaforma.\" \/>\n<meta property=\"og:url\" content=\"https:\/\/www.intesys.it\/journal\/marketing-e-commerce\/facebook-ancora-nuovi-update-dove-ci-porteranno\/\" \/>\n<meta property=\"og:site_name\" content=\"Intesys Journal\" \/>\n<meta property=\"article:published_time\" content=\"2015-07-02T07:00:44+00:00\" \/>\n<meta property=\"article:modified_time\" content=\"2024-01-10T17:06:35+00:00\" \/>\n<meta property=\"og:image\" content=\"https:\/\/www.intesys.it\/journal\/wp-content\/uploads\/sites\/13\/2015\/07\/Ascesa-di-facebook.jpg\" \/>\n\t<meta property=\"og:image:width\" content=\"1280\" \/>\n\t<meta property=\"og:image:height\" content=\"960\" \/>\n\t<meta property=\"og:image:type\" content=\"image\/jpeg\" \/>\n<meta name=\"author\" content=\"Letizia Vallini\" \/>\n<meta name=\"twitter:card\" content=\"summary_large_image\" \/>\n<meta name=\"twitter:label1\" content=\"Scritto da\" \/>\n\t<meta name=\"twitter:data1\" content=\"Letizia Vallini\" \/>\n\t<meta name=\"twitter:label2\" content=\"Tempo di lettura stimato\" \/>\n\t<meta name=\"twitter:data2\" content=\"4 minuti\" \/>\n<script type=\"application\/ld+json\" class=\"yoast-schema-graph\">{\"@context\":\"https:\/\/schema.org\",\"@graph\":[{\"@type\":\"WebPage\",\"@id\":\"https:\/\/www.intesys.it\/journal\/marketing-e-commerce\/facebook-ancora-nuovi-update-dove-ci-porteranno\/\",\"url\":\"https:\/\/www.intesys.it\/journal\/marketing-e-commerce\/facebook-ancora-nuovi-update-dove-ci-porteranno\/\",\"name\":\"3 nuovi update per Facebook: dove ci porteranno\",\"isPartOf\":{\"@id\":\"https:\/\/www.intesys.it\/journal\/#website\"},\"primaryImageOfPage\":{\"@id\":\"https:\/\/www.intesys.it\/journal\/marketing-e-commerce\/facebook-ancora-nuovi-update-dove-ci-porteranno\/#primaryimage\"},\"image\":{\"@id\":\"https:\/\/www.intesys.it\/journal\/marketing-e-commerce\/facebook-ancora-nuovi-update-dove-ci-porteranno\/#primaryimage\"},\"thumbnailUrl\":\"https:\/\/www.intesys.it\/journal\/wp-content\/uploads\/sites\/13\/2015\/07\/Ascesa-di-facebook.jpg\",\"datePublished\":\"2015-07-02T07:00:44+00:00\",\"dateModified\":\"2024-01-10T17:06:35+00:00\",\"author\":{\"@id\":\"https:\/\/www.intesys.it\/journal\/#\/schema\/person\/94a9b60ebf7485edaf7a811555c95578\"},\"description\":\"Sono passate solo alcune settimane dall\u2019ultimo update e Facebook introduce ulteriori evoluzioni alla piattaforma.\",\"breadcrumb\":{\"@id\":\"https:\/\/www.intesys.it\/journal\/marketing-e-commerce\/facebook-ancora-nuovi-update-dove-ci-porteranno\/#breadcrumb\"},\"inLanguage\":\"it-IT\",\"potentialAction\":[{\"@type\":\"ReadAction\",\"target\":[\"https:\/\/www.intesys.it\/journal\/marketing-e-commerce\/facebook-ancora-nuovi-update-dove-ci-porteranno\/\"]}]},{\"@type\":\"ImageObject\",\"inLanguage\":\"it-IT\",\"@id\":\"https:\/\/www.intesys.it\/journal\/marketing-e-commerce\/facebook-ancora-nuovi-update-dove-ci-porteranno\/#primaryimage\",\"url\":\"https:\/\/www.intesys.it\/journal\/wp-content\/uploads\/sites\/13\/2015\/07\/Ascesa-di-facebook.jpg\",\"contentUrl\":\"https:\/\/www.intesys.it\/journal\/wp-content\/uploads\/sites\/13\/2015\/07\/Ascesa-di-facebook.jpg\",\"width\":1280,\"height\":960,\"caption\":\"Ascesa di facebook\"},{\"@type\":\"BreadcrumbList\",\"@id\":\"https:\/\/www.intesys.it\/journal\/marketing-e-commerce\/facebook-ancora-nuovi-update-dove-ci-porteranno\/#breadcrumb\",\"itemListElement\":[{\"@type\":\"ListItem\",\"position\":1,\"name\":\"Home\",\"item\":\"https:\/\/www.intesys.it\/journal\/\"},{\"@type\":\"ListItem\",\"position\":2,\"name\":\"3 nuovi update per Facebook: dove ci porteranno\"}]},{\"@type\":\"WebSite\",\"@id\":\"https:\/\/www.intesys.it\/journal\/#website\",\"url\":\"https:\/\/www.intesys.it\/journal\/\",\"name\":\"Intesys\",\"description\":\"Ogni settimana nuovi articoli dedicati al mondo della trasformazione digitale!\",\"potentialAction\":[{\"@type\":\"SearchAction\",\"target\":{\"@type\":\"EntryPoint\",\"urlTemplate\":\"https:\/\/www.intesys.it\/journal\/?s={search_term_string}\"},\"query-input\":{\"@type\":\"PropertyValueSpecification\",\"valueRequired\":true,\"valueName\":\"search_term_string\"}}],\"inLanguage\":\"it-IT\"},{\"@type\":\"Person\",\"@id\":\"https:\/\/www.intesys.it\/journal\/#\/schema\/person\/94a9b60ebf7485edaf7a811555c95578\",\"name\":\"Letizia Vallini\",\"image\":{\"@type\":\"ImageObject\",\"inLanguage\":\"it-IT\",\"@id\":\"https:\/\/www.intesys.it\/journal\/#\/schema\/person\/image\/\",\"url\":\"https:\/\/secure.gravatar.com\/avatar\/097e894859cf00284b1e8daceeacaaa7d6602dfdfbc0d5eee5c5080093566560?s=96&d=mm&r=g\",\"contentUrl\":\"https:\/\/secure.gravatar.com\/avatar\/097e894859cf00284b1e8daceeacaaa7d6602dfdfbc0d5eee5c5080093566560?s=96&d=mm&r=g\",\"caption\":\"Letizia Vallini\"},\"url\":\"https:\/\/www.intesys.it\/journal\/autore\/letizia-vallini\/\"}]}<\/script>\n<!-- \/ Yoast SEO plugin. -->","yoast_head_json":{"title":"3 nuovi update per Facebook: dove ci porteranno","description":"Sono passate solo alcune settimane dall\u2019ultimo update e Facebook introduce ulteriori evoluzioni alla piattaforma.","robots":{"index":"index","follow":"follow","max-snippet":"max-snippet:-1","max-image-preview":"max-image-preview:large","max-video-preview":"max-video-preview:-1"},"canonical":"https:\/\/www.intesys.it\/journal\/marketing-e-commerce\/facebook-ancora-nuovi-update-dove-ci-porteranno\/","og_locale":"it_IT","og_type":"article","og_title":"3 nuovi update per Facebook: dove ci porteranno","og_description":"Sono passate solo alcune settimane dall\u2019ultimo update e Facebook introduce ulteriori evoluzioni alla piattaforma.","og_url":"https:\/\/www.intesys.it\/journal\/marketing-e-commerce\/facebook-ancora-nuovi-update-dove-ci-porteranno\/","og_site_name":"Intesys Journal","article_published_time":"2015-07-02T07:00:44+00:00","article_modified_time":"2024-01-10T17:06:35+00:00","og_image":[{"width":1280,"height":960,"url":"https:\/\/www.intesys.it\/journal\/wp-content\/uploads\/sites\/13\/2015\/07\/Ascesa-di-facebook.jpg","type":"image\/jpeg"}],"author":"Letizia Vallini","twitter_card":"summary_large_image","twitter_misc":{"Scritto da":"Letizia Vallini","Tempo di lettura stimato":"4 minuti"},"schema":{"@context":"https:\/\/schema.org","@graph":[{"@type":"WebPage","@id":"https:\/\/www.intesys.it\/journal\/marketing-e-commerce\/facebook-ancora-nuovi-update-dove-ci-porteranno\/","url":"https:\/\/www.intesys.it\/journal\/marketing-e-commerce\/facebook-ancora-nuovi-update-dove-ci-porteranno\/","name":"3 nuovi update per Facebook: dove ci porteranno","isPartOf":{"@id":"https:\/\/www.intesys.it\/journal\/#website"},"primaryImageOfPage":{"@id":"https:\/\/www.intesys.it\/journal\/marketing-e-commerce\/facebook-ancora-nuovi-update-dove-ci-porteranno\/#primaryimage"},"image":{"@id":"https:\/\/www.intesys.it\/journal\/marketing-e-commerce\/facebook-ancora-nuovi-update-dove-ci-porteranno\/#primaryimage"},"thumbnailUrl":"https:\/\/www.intesys.it\/journal\/wp-content\/uploads\/sites\/13\/2015\/07\/Ascesa-di-facebook.jpg","datePublished":"2015-07-02T07:00:44+00:00","dateModified":"2024-01-10T17:06:35+00:00","author":{"@id":"https:\/\/www.intesys.it\/journal\/#\/schema\/person\/94a9b60ebf7485edaf7a811555c95578"},"description":"Sono passate solo alcune settimane dall\u2019ultimo update e Facebook introduce ulteriori evoluzioni alla piattaforma.","breadcrumb":{"@id":"https:\/\/www.intesys.it\/journal\/marketing-e-commerce\/facebook-ancora-nuovi-update-dove-ci-porteranno\/#breadcrumb"},"inLanguage":"it-IT","potentialAction":[{"@type":"ReadAction","target":["https:\/\/www.intesys.it\/journal\/marketing-e-commerce\/facebook-ancora-nuovi-update-dove-ci-porteranno\/"]}]},{"@type":"ImageObject","inLanguage":"it-IT","@id":"https:\/\/www.intesys.it\/journal\/marketing-e-commerce\/facebook-ancora-nuovi-update-dove-ci-porteranno\/#primaryimage","url":"https:\/\/www.intesys.it\/journal\/wp-content\/uploads\/sites\/13\/2015\/07\/Ascesa-di-facebook.jpg","contentUrl":"https:\/\/www.intesys.it\/journal\/wp-content\/uploads\/sites\/13\/2015\/07\/Ascesa-di-facebook.jpg","width":1280,"height":960,"caption":"Ascesa di facebook"},{"@type":"BreadcrumbList","@id":"https:\/\/www.intesys.it\/journal\/marketing-e-commerce\/facebook-ancora-nuovi-update-dove-ci-porteranno\/#breadcrumb","itemListElement":[{"@type":"ListItem","position":1,"name":"Home","item":"https:\/\/www.intesys.it\/journal\/"},{"@type":"ListItem","position":2,"name":"3 nuovi update per Facebook: dove ci porteranno"}]},{"@type":"WebSite","@id":"https:\/\/www.intesys.it\/journal\/#website","url":"https:\/\/www.intesys.it\/journal\/","name":"Intesys","description":"Ogni settimana nuovi articoli dedicati al mondo della trasformazione digitale!","potentialAction":[{"@type":"SearchAction","target":{"@type":"EntryPoint","urlTemplate":"https:\/\/www.intesys.it\/journal\/?s={search_term_string}"},"query-input":{"@type":"PropertyValueSpecification","valueRequired":true,"valueName":"search_term_string"}}],"inLanguage":"it-IT"},{"@type":"Person","@id":"https:\/\/www.intesys.it\/journal\/#\/schema\/person\/94a9b60ebf7485edaf7a811555c95578","name":"Letizia Vallini","image":{"@type":"ImageObject","inLanguage":"it-IT","@id":"https:\/\/www.intesys.it\/journal\/#\/schema\/person\/image\/","url":"https:\/\/secure.gravatar.com\/avatar\/097e894859cf00284b1e8daceeacaaa7d6602dfdfbc0d5eee5c5080093566560?s=96&d=mm&r=g","contentUrl":"https:\/\/secure.gravatar.com\/avatar\/097e894859cf00284b1e8daceeacaaa7d6602dfdfbc0d5eee5c5080093566560?s=96&d=mm&r=g","caption":"Letizia Vallini"},"url":"https:\/\/www.intesys.it\/journal\/autore\/letizia-vallini\/"}]}},"_links":{"self":[{"href":"https:\/\/www.intesys.it\/journal\/wp-json\/wp\/v2\/posts\/352","targetHints":{"allow":["GET"]}}],"collection":[{"href":"https:\/\/www.intesys.it\/journal\/wp-json\/wp\/v2\/posts"}],"about":[{"href":"https:\/\/www.intesys.it\/journal\/wp-json\/wp\/v2\/types\/post"}],"author":[{"embeddable":true,"href":"https:\/\/www.intesys.it\/journal\/wp-json\/wp\/v2\/users\/49"}],"replies":[{"embeddable":true,"href":"https:\/\/www.intesys.it\/journal\/wp-json\/wp\/v2\/comments?post=352"}],"version-history":[{"count":1,"href":"https:\/\/www.intesys.it\/journal\/wp-json\/wp\/v2\/posts\/352\/revisions"}],"predecessor-version":[{"id":9842,"href":"https:\/\/www.intesys.it\/journal\/wp-json\/wp\/v2\/posts\/352\/revisions\/9842"}],"wp:featuredmedia":[{"embeddable":true,"href":"https:\/\/www.intesys.it\/journal\/wp-json\/wp\/v2\/media\/391"}],"wp:attachment":[{"href":"https:\/\/www.intesys.it\/journal\/wp-json\/wp\/v2\/media?parent=352"}],"wp:term":[{"taxonomy":"category","embeddable":true,"href":"https:\/\/www.intesys.it\/journal\/wp-json\/wp\/v2\/categories?post=352"},{"taxonomy":"post_tag","embeddable":true,"href":"https:\/\/www.intesys.it\/journal\/wp-json\/wp\/v2\/tags?post=352"}],"curies":[{"name":"wp","href":"https:\/\/api.w.org\/{rel}","templated":true}]}}