{"id":3736,"date":"2017-10-24T09:00:51","date_gmt":"2017-10-24T07:00:51","guid":{"rendered":"https:\/\/www.intesys.it\/journal\/?p=3736"},"modified":"2022-03-02T17:31:00","modified_gmt":"2022-03-02T16:31:00","slug":"trasformazione-digitale","status":"publish","type":"post","link":"https:\/\/www.intesys.it\/journal\/digital-transformation\/trasformazione-digitale\/","title":{"rendered":"La nostra Tras-for-ma-zio-ne"},"content":{"rendered":"<p><\/p><p>Formare in modo pi\u00f9 profondo qualcosa che gi\u00e0 esiste: cos\u00ec interpreto la trasformazione che stiamo vivendo all\u2019interno di Intesys, risalendo al significato etimologico di \u201cdare forma\u201d (-formare) \u201coltre\u201d (trans-) la forma stessa.<\/p>\n<p>In Intesys siamo partiti da questo concetto, <strong>plasmando la sostanza, alla ricerca di una nuova \u201cforma\u201d<\/strong> capace di ispirarci e di aderire ai <strong>mutevoli bisogni del mercato digitale ed IT<\/strong>.<\/p>\n<p>Cambiare paradigma ed innovare un modello che funziona non \u00e8 semplice: se manca la motivazione \u201cesogena\u201d, <strong>il momento <em>disruptive<\/em> della crisi che mette in discussione lo \u201cstatus quo\u201d, <\/strong>viene meno anche la necessit\u00e0 di cambiare drasticamente le regole del gioco.<\/p>\n<p>Ritengo che, spesso, noi esseri umani troviamo il coraggio di cambiare solo nel momento in cui accade qualcosa nella nostra vita che ci impone di farlo, poich\u00e9 \u00e8 quasi sempre uno stimolo esterno che porta come conseguenza una trasformazione.<\/p>\n<p>Ma non \u00e8 questo il caso.<\/p>\n<p>Abbiamo lavorato per superare questo limite, condividendo spunti ed idee, discutendo a volte, ma scontrandoci sempre in maniera proficua.<\/p>\n<p>Il risultato si \u00e8 tradotto nella <strong>definizione della <em>buzz word<\/em> del momento<\/strong>, dando una forma ed una sostanza alla <strong>Digital Transformation<\/strong>.<\/p>\n<p>\u00c8 stato un lavoro lungo, ispirato dalla nostra passione per il digitale e dal valore delle <strong>nostre persone, vero motore di competenza e qualit\u00e0 dei nostri progetti.<\/strong><\/p>\n<p>Cinquantaquattro collaboratori che sono, insieme a noi soci, il cuore pulsante di Intesys, che soffrono, che spingono, che pensano ai nostri clienti anche fuori dal perimetro lavorativo.<\/p>\n<p><strong>Persone che amano quello che fanno e lo fanno bene.<\/strong><\/p>\n<p>Dopo circa un anno di lavoro siamo arrivati <strong>a definire la nostra proposta di valore<\/strong> riconoscendo l\u2019importanza di <strong>tre ingredienti fondamentali <\/strong>per la ricetta di Digital Transformation che abbiamo in mente.<\/p>\n<ul>\n<li><a href=\"https:\/\/www.intesys.it\/design\/\" target=\"_blank\" rel=\"noopener\">Design<\/a> per portare servizi digitali agli utenti <strong>costruiti intorno alle loro reali esigenze di utilizzo.<\/strong><\/li>\n<li><a href=\"https:\/\/www.intesys.it\/information-technology\/\" target=\"_blank\" rel=\"noopener\">Platform e Tecnologia<\/a> per fornire soluzioni applicative <strong>solide, performanti e scalabili<\/strong>.<\/li>\n<li><a href=\"https:\/\/www.intesys.it\/marketing-e-commerce\/\" target=\"_blank\" rel=\"noopener\">Marketing e Commerce<\/a> per ricondurre le performance di utilizzo e applicative agli <strong>obiettivi di business, sviluppo e crescita<\/strong> dell\u2019azienda nostra cliente.<\/li>\n<\/ul>\n<p>Crediamo che il successo dei progetti digitali si basi su questi elementi, sui quali stiamo costruendo il nostro percorso di evoluzione.<\/p>\n<p><strong>La nostra proposta \u00e8 pronta ed evolver\u00e0 nel tempo assieme al nostro mercato e all\u2019insieme dei suoi bisogni.<\/strong><\/p>\n<p>Oggi <strong>siamo live<\/strong> con il nostro nuovo progetto di comunicazione Web basato sulle nostre <strong>Storie di Trasformazione Digitale<\/strong>: valorizziamo le esperienze e lasciamo che i nostri clienti parlino a voi di ci\u00f2 che noi sappiamo fare e di quello che abbiamo fatto.<\/p>\n<p>&nbsp;<\/p>\n<p style=\"text-align: right;\"><a href=\"https:\/\/www.intesys.it\">www.intesys.it<br \/>\n<\/a>Your Digital Transformation Partner<\/p>\n<pre style=\"text-align: left;\">(Secondary Creator Credit: NASA\/JPL-Caltech)<\/pre>\n","protected":false},"excerpt":{"rendered":"<p>Oggi siamo live con il nostro nuovo progetto di comunicazione Web basato sulle nostre Storie di Trasformazione Digitale: valorizziamo le esperienze e lasciamo che i nostri clienti parlino a voi di ci\u00f2 che noi sappiamo fare.<\/p>\n","protected":false},"author":32,"featured_media":3742,"comment_status":"closed","ping_status":"closed","sticky":false,"template":"","format":"standard","meta":{"_acf_changed":false,"inline_featured_image":false,"footnotes":""},"categories":[25],"tags":[248,256],"class_list":{"0":"post-3736","1":"post","2":"type-post","3":"status-publish","4":"format-standard","5":"has-post-thumbnail","7":"category-digital-transformation","8":"tag-digital-marketing","9":"tag-digital-transformation"},"acf":[],"yoast_head":"<!-- This site is optimized with the Yoast SEO plugin v25.8 - https:\/\/yoast.com\/wordpress\/plugins\/seo\/ -->\n<title>La trasformazione digitale di Intesys<\/title>\n<meta name=\"description\" content=\"Formare in modo pi\u00f9 profondo qualcosa che gi\u00e0 esiste: la trasformazione di Intesys passa da una proposta di valore che unisce Design, Marketing e Tecnologia\" \/>\n<meta name=\"robots\" content=\"index, follow, max-snippet:-1, max-image-preview:large, max-video-preview:-1\" \/>\n<link rel=\"canonical\" href=\"https:\/\/www.intesys.it\/journal\/digital-transformation\/trasformazione-digitale\/\" \/>\n<meta property=\"og:locale\" content=\"it_IT\" \/>\n<meta property=\"og:type\" content=\"article\" \/>\n<meta property=\"og:title\" content=\"La trasformazione digitale di Intesys\" \/>\n<meta property=\"og:description\" content=\"Formare in modo pi\u00f9 profondo qualcosa che gi\u00e0 esiste: la trasformazione di Intesys passa da una proposta di valore che unisce Design, Marketing e Tecnologia\" \/>\n<meta property=\"og:url\" content=\"https:\/\/www.intesys.it\/journal\/digital-transformation\/trasformazione-digitale\/\" \/>\n<meta property=\"og:site_name\" content=\"Intesys Journal\" \/>\n<meta property=\"article:published_time\" content=\"2017-10-24T07:00:51+00:00\" \/>\n<meta property=\"article:modified_time\" content=\"2022-03-02T16:31:00+00:00\" \/>\n<meta property=\"og:image\" content=\"https:\/\/www.intesys.it\/journal\/wp-content\/uploads\/sites\/13\/2017\/10\/digital_transformation.jpg\" \/>\n\t<meta property=\"og:image:width\" content=\"1280\" \/>\n\t<meta property=\"og:image:height\" content=\"960\" \/>\n\t<meta property=\"og:image:type\" content=\"image\/jpeg\" \/>\n<meta name=\"author\" content=\"Alessandro Caso\" \/>\n<meta name=\"twitter:card\" content=\"summary_large_image\" \/>\n<meta name=\"twitter:label1\" content=\"Scritto da\" \/>\n\t<meta name=\"twitter:data1\" content=\"Alessandro Caso\" \/>\n\t<meta name=\"twitter:label2\" content=\"Tempo di lettura stimato\" \/>\n\t<meta name=\"twitter:data2\" content=\"3 minuti\" \/>\n<script type=\"application\/ld+json\" class=\"yoast-schema-graph\">{\"@context\":\"https:\/\/schema.org\",\"@graph\":[{\"@type\":\"WebPage\",\"@id\":\"https:\/\/www.intesys.it\/journal\/digital-transformation\/trasformazione-digitale\/\",\"url\":\"https:\/\/www.intesys.it\/journal\/digital-transformation\/trasformazione-digitale\/\",\"name\":\"La trasformazione digitale di Intesys\",\"isPartOf\":{\"@id\":\"https:\/\/www.intesys.it\/journal\/#website\"},\"primaryImageOfPage\":{\"@id\":\"https:\/\/www.intesys.it\/journal\/digital-transformation\/trasformazione-digitale\/#primaryimage\"},\"image\":{\"@id\":\"https:\/\/www.intesys.it\/journal\/digital-transformation\/trasformazione-digitale\/#primaryimage\"},\"thumbnailUrl\":\"https:\/\/www.intesys.it\/journal\/wp-content\/uploads\/sites\/13\/2017\/10\/digital_transformation.jpg\",\"datePublished\":\"2017-10-24T07:00:51+00:00\",\"dateModified\":\"2022-03-02T16:31:00+00:00\",\"author\":{\"@id\":\"https:\/\/www.intesys.it\/journal\/#\/schema\/person\/a954224dfa09e16cad8efcdea8a31b42\"},\"description\":\"Formare in modo pi\u00f9 profondo qualcosa che gi\u00e0 esiste: la trasformazione di Intesys passa da una proposta di valore che unisce Design, Marketing e Tecnologia\",\"breadcrumb\":{\"@id\":\"https:\/\/www.intesys.it\/journal\/digital-transformation\/trasformazione-digitale\/#breadcrumb\"},\"inLanguage\":\"it-IT\",\"potentialAction\":[{\"@type\":\"ReadAction\",\"target\":[\"https:\/\/www.intesys.it\/journal\/digital-transformation\/trasformazione-digitale\/\"]}]},{\"@type\":\"ImageObject\",\"inLanguage\":\"it-IT\",\"@id\":\"https:\/\/www.intesys.it\/journal\/digital-transformation\/trasformazione-digitale\/#primaryimage\",\"url\":\"https:\/\/www.intesys.it\/journal\/wp-content\/uploads\/sites\/13\/2017\/10\/digital_transformation.jpg\",\"contentUrl\":\"https:\/\/www.intesys.it\/journal\/wp-content\/uploads\/sites\/13\/2017\/10\/digital_transformation.jpg\",\"width\":1280,\"height\":960,\"caption\":\"Digital Transformation\"},{\"@type\":\"BreadcrumbList\",\"@id\":\"https:\/\/www.intesys.it\/journal\/digital-transformation\/trasformazione-digitale\/#breadcrumb\",\"itemListElement\":[{\"@type\":\"ListItem\",\"position\":1,\"name\":\"Home\",\"item\":\"https:\/\/www.intesys.it\/journal\/\"},{\"@type\":\"ListItem\",\"position\":2,\"name\":\"La nostra Tras-for-ma-zio-ne\"}]},{\"@type\":\"WebSite\",\"@id\":\"https:\/\/www.intesys.it\/journal\/#website\",\"url\":\"https:\/\/www.intesys.it\/journal\/\",\"name\":\"Intesys\",\"description\":\"Ogni settimana nuovi articoli dedicati al mondo della trasformazione digitale!\",\"potentialAction\":[{\"@type\":\"SearchAction\",\"target\":{\"@type\":\"EntryPoint\",\"urlTemplate\":\"https:\/\/www.intesys.it\/journal\/?s={search_term_string}\"},\"query-input\":{\"@type\":\"PropertyValueSpecification\",\"valueRequired\":true,\"valueName\":\"search_term_string\"}}],\"inLanguage\":\"it-IT\"},{\"@type\":\"Person\",\"@id\":\"https:\/\/www.intesys.it\/journal\/#\/schema\/person\/a954224dfa09e16cad8efcdea8a31b42\",\"name\":\"Alessandro Caso\",\"image\":{\"@type\":\"ImageObject\",\"inLanguage\":\"it-IT\",\"@id\":\"https:\/\/www.intesys.it\/journal\/#\/schema\/person\/image\/\",\"url\":\"https:\/\/secure.gravatar.com\/avatar\/56f04b2f04b7db3143d45cee87bb86a78240f5e24dcbdcbd388c945a4e9a5c53?s=96&d=mm&r=g\",\"contentUrl\":\"https:\/\/secure.gravatar.com\/avatar\/56f04b2f04b7db3143d45cee87bb86a78240f5e24dcbdcbd388c945a4e9a5c53?s=96&d=mm&r=g\",\"caption\":\"Alessandro Caso\"},\"description\":\"Chief Digital Officer e Partner di Intesys, Alessandro unisce il mondo del business e dell'IT accompagnando le aziende in percorsi di trasformazione digitale.\",\"url\":\"https:\/\/www.intesys.it\/journal\/autore\/alessandro-caso\/\"}]}<\/script>\n<!-- \/ Yoast SEO plugin. -->","yoast_head_json":{"title":"La trasformazione digitale di Intesys","description":"Formare in modo pi\u00f9 profondo qualcosa che gi\u00e0 esiste: la trasformazione di Intesys passa da una proposta di valore che unisce Design, Marketing e Tecnologia","robots":{"index":"index","follow":"follow","max-snippet":"max-snippet:-1","max-image-preview":"max-image-preview:large","max-video-preview":"max-video-preview:-1"},"canonical":"https:\/\/www.intesys.it\/journal\/digital-transformation\/trasformazione-digitale\/","og_locale":"it_IT","og_type":"article","og_title":"La trasformazione digitale di Intesys","og_description":"Formare in modo pi\u00f9 profondo qualcosa che gi\u00e0 esiste: la trasformazione di Intesys passa da una proposta di valore che unisce Design, Marketing e Tecnologia","og_url":"https:\/\/www.intesys.it\/journal\/digital-transformation\/trasformazione-digitale\/","og_site_name":"Intesys Journal","article_published_time":"2017-10-24T07:00:51+00:00","article_modified_time":"2022-03-02T16:31:00+00:00","og_image":[{"width":1280,"height":960,"url":"https:\/\/www.intesys.it\/journal\/wp-content\/uploads\/sites\/13\/2017\/10\/digital_transformation.jpg","type":"image\/jpeg"}],"author":"Alessandro Caso","twitter_card":"summary_large_image","twitter_misc":{"Scritto da":"Alessandro Caso","Tempo di lettura stimato":"3 minuti"},"schema":{"@context":"https:\/\/schema.org","@graph":[{"@type":"WebPage","@id":"https:\/\/www.intesys.it\/journal\/digital-transformation\/trasformazione-digitale\/","url":"https:\/\/www.intesys.it\/journal\/digital-transformation\/trasformazione-digitale\/","name":"La trasformazione digitale di Intesys","isPartOf":{"@id":"https:\/\/www.intesys.it\/journal\/#website"},"primaryImageOfPage":{"@id":"https:\/\/www.intesys.it\/journal\/digital-transformation\/trasformazione-digitale\/#primaryimage"},"image":{"@id":"https:\/\/www.intesys.it\/journal\/digital-transformation\/trasformazione-digitale\/#primaryimage"},"thumbnailUrl":"https:\/\/www.intesys.it\/journal\/wp-content\/uploads\/sites\/13\/2017\/10\/digital_transformation.jpg","datePublished":"2017-10-24T07:00:51+00:00","dateModified":"2022-03-02T16:31:00+00:00","author":{"@id":"https:\/\/www.intesys.it\/journal\/#\/schema\/person\/a954224dfa09e16cad8efcdea8a31b42"},"description":"Formare in modo pi\u00f9 profondo qualcosa che gi\u00e0 esiste: la trasformazione di Intesys passa da una proposta di valore che unisce Design, Marketing e Tecnologia","breadcrumb":{"@id":"https:\/\/www.intesys.it\/journal\/digital-transformation\/trasformazione-digitale\/#breadcrumb"},"inLanguage":"it-IT","potentialAction":[{"@type":"ReadAction","target":["https:\/\/www.intesys.it\/journal\/digital-transformation\/trasformazione-digitale\/"]}]},{"@type":"ImageObject","inLanguage":"it-IT","@id":"https:\/\/www.intesys.it\/journal\/digital-transformation\/trasformazione-digitale\/#primaryimage","url":"https:\/\/www.intesys.it\/journal\/wp-content\/uploads\/sites\/13\/2017\/10\/digital_transformation.jpg","contentUrl":"https:\/\/www.intesys.it\/journal\/wp-content\/uploads\/sites\/13\/2017\/10\/digital_transformation.jpg","width":1280,"height":960,"caption":"Digital Transformation"},{"@type":"BreadcrumbList","@id":"https:\/\/www.intesys.it\/journal\/digital-transformation\/trasformazione-digitale\/#breadcrumb","itemListElement":[{"@type":"ListItem","position":1,"name":"Home","item":"https:\/\/www.intesys.it\/journal\/"},{"@type":"ListItem","position":2,"name":"La nostra Tras-for-ma-zio-ne"}]},{"@type":"WebSite","@id":"https:\/\/www.intesys.it\/journal\/#website","url":"https:\/\/www.intesys.it\/journal\/","name":"Intesys","description":"Ogni settimana nuovi articoli dedicati al mondo della trasformazione digitale!","potentialAction":[{"@type":"SearchAction","target":{"@type":"EntryPoint","urlTemplate":"https:\/\/www.intesys.it\/journal\/?s={search_term_string}"},"query-input":{"@type":"PropertyValueSpecification","valueRequired":true,"valueName":"search_term_string"}}],"inLanguage":"it-IT"},{"@type":"Person","@id":"https:\/\/www.intesys.it\/journal\/#\/schema\/person\/a954224dfa09e16cad8efcdea8a31b42","name":"Alessandro Caso","image":{"@type":"ImageObject","inLanguage":"it-IT","@id":"https:\/\/www.intesys.it\/journal\/#\/schema\/person\/image\/","url":"https:\/\/secure.gravatar.com\/avatar\/56f04b2f04b7db3143d45cee87bb86a78240f5e24dcbdcbd388c945a4e9a5c53?s=96&d=mm&r=g","contentUrl":"https:\/\/secure.gravatar.com\/avatar\/56f04b2f04b7db3143d45cee87bb86a78240f5e24dcbdcbd388c945a4e9a5c53?s=96&d=mm&r=g","caption":"Alessandro Caso"},"description":"Chief Digital Officer e Partner di Intesys, Alessandro unisce il mondo del business e dell'IT accompagnando le aziende in percorsi di trasformazione digitale.","url":"https:\/\/www.intesys.it\/journal\/autore\/alessandro-caso\/"}]}},"_links":{"self":[{"href":"https:\/\/www.intesys.it\/journal\/wp-json\/wp\/v2\/posts\/3736","targetHints":{"allow":["GET"]}}],"collection":[{"href":"https:\/\/www.intesys.it\/journal\/wp-json\/wp\/v2\/posts"}],"about":[{"href":"https:\/\/www.intesys.it\/journal\/wp-json\/wp\/v2\/types\/post"}],"author":[{"embeddable":true,"href":"https:\/\/www.intesys.it\/journal\/wp-json\/wp\/v2\/users\/32"}],"replies":[{"embeddable":true,"href":"https:\/\/www.intesys.it\/journal\/wp-json\/wp\/v2\/comments?post=3736"}],"version-history":[{"count":1,"href":"https:\/\/www.intesys.it\/journal\/wp-json\/wp\/v2\/posts\/3736\/revisions"}],"predecessor-version":[{"id":9692,"href":"https:\/\/www.intesys.it\/journal\/wp-json\/wp\/v2\/posts\/3736\/revisions\/9692"}],"wp:featuredmedia":[{"embeddable":true,"href":"https:\/\/www.intesys.it\/journal\/wp-json\/wp\/v2\/media\/3742"}],"wp:attachment":[{"href":"https:\/\/www.intesys.it\/journal\/wp-json\/wp\/v2\/media?parent=3736"}],"wp:term":[{"taxonomy":"category","embeddable":true,"href":"https:\/\/www.intesys.it\/journal\/wp-json\/wp\/v2\/categories?post=3736"},{"taxonomy":"post_tag","embeddable":true,"href":"https:\/\/www.intesys.it\/journal\/wp-json\/wp\/v2\/tags?post=3736"}],"curies":[{"name":"wp","href":"https:\/\/api.w.org\/{rel}","templated":true}]}}