{"id":4410,"date":"2018-05-11T08:45:01","date_gmt":"2018-05-11T06:45:01","guid":{"rendered":"https:\/\/www.intesys.it\/journal\/?p=4410"},"modified":"2024-04-15T15:36:39","modified_gmt":"2024-04-15T13:36:39","slug":"checklist-con-i-12-punti-per-essere-in-regola","status":"publish","type":"post","link":"https:\/\/www.intesys.it\/journal\/digital-transformation\/checklist-con-i-12-punti-per-essere-in-regola\/","title":{"rendered":"GDPR checklist: i 12 punti per adeguarsi alla normativa"},"content":{"rendered":"<p><\/p>[vc_row type=&#8221;in_container&#8221; full_screen_row_position=&#8221;middle&#8221; column_margin=&#8221;default&#8221; column_direction=&#8221;default&#8221; column_direction_tablet=&#8221;default&#8221; column_direction_phone=&#8221;default&#8221; scene_position=&#8221;center&#8221; text_color=&#8221;dark&#8221; text_align=&#8221;left&#8221; row_border_radius=&#8221;none&#8221; row_border_radius_applies=&#8221;bg&#8221; overflow=&#8221;visible&#8221; overlay_strength=&#8221;0.3&#8243; gradient_direction=&#8221;left_to_right&#8221; shape_divider_position=&#8221;bottom&#8221; bg_image_animation=&#8221;none&#8221;][vc_column column_padding=&#8221;no-extra-padding&#8221; column_padding_tablet=&#8221;inherit&#8221; column_padding_phone=&#8221;inherit&#8221; column_padding_position=&#8221;all&#8221; column_element_direction_desktop=&#8221;default&#8221; column_element_spacing=&#8221;default&#8221; desktop_text_alignment=&#8221;default&#8221; tablet_text_alignment=&#8221;default&#8221; phone_text_alignment=&#8221;default&#8221; background_color_opacity=&#8221;1&#8243; background_hover_color_opacity=&#8221;1&#8243; column_backdrop_filter=&#8221;none&#8221; column_shadow=&#8221;none&#8221; column_border_radius=&#8221;none&#8221; column_link_target=&#8221;_self&#8221; column_position=&#8221;default&#8221; gradient_direction=&#8221;left_to_right&#8221; overlay_strength=&#8221;0.3&#8243; width=&#8221;1\/1&#8243; tablet_width_inherit=&#8221;default&#8221; animation_type=&#8221;default&#8221; bg_image_animation=&#8221;none&#8221; border_type=&#8221;simple&#8221; column_border_width=&#8221;none&#8221; column_border_style=&#8221;solid&#8221;][vc_column_text]\n<p style=\"text-align: left\">Pi\u00f9 si avvicina e pi\u00f9 le aziende si chiedono se veramente sono preparate alla novit\u00e0 in arrivo: il GDPR, acronimo di\u00a0<strong>General Data Protection Regulation, diventer\u00e0 pienamente operativo dal 25 maggio 2018.<\/strong> A partire da questa data sar\u00e0 direttamente\u00a0applicato in tutti gli stati membri dell\u2019Unione Europea il Regolamento UE 2016\/679 .<\/p>\n<p><span style=\"font-weight: 400\">Vediamo brevemente\u00a0di cosa si tratta e come raggiungere la conformit\u00e0 con la normativa in 12 punti; al termine di questo articolo potrete scaricare la nostra <strong>Guida GDPR: cosa sapere e cosa fare.<\/strong><\/span><\/p>\n<h2 id=\"stoc-cose-il-gdpr\" class=\"wpig-heading\"><b>Cos\u2019\u00e8 il GDPR?<\/b><\/h2>\n<p><span style=\"font-weight: 400\">Il GDPR \u00e8 una legge Europea che stabilisce norme relative alla protezione delle persone fisiche con riguardo al <strong>trattamento dei Dati personali<\/strong>, nonch\u00e9 norme relative alla circolazione di tali dati.<\/span><\/p>\n<p><span style=\"font-weight: 400\">L\u2019impianto normativo del GDPR prevede una fase preparatoria per essere in linea con il Regolamento europeo, e suggerisce i criteri da adottare per attivare un processo di miglioramento continuo nel tempo.<\/span><\/p>\n<p><span style=\"font-weight: 400\">Nell\u2019approcciare il GDPR vanno tenuti sempre presenti i tre cardini fondamentali del Regolamento e i diritti dell\u2019Interessato.<\/span><\/p>\n<h3 id=\"stoc-i-tre-cardini-del-gdpr\" class=\"wpig-heading\"><b>I TRE CARDINI DEL GDPR<\/b><\/h3>\n<p><span style=\"font-weight: 400\">Il GDPR, nell\u2019intenzione dei legislatori europei, \u00e8 ispirato a tre cardini fondamentali che ogni impresa \u2013 in tutta la sua vita \u2013 dovr\u00e0 sempre tenere ben presenti ed applicare in ogni scelta:<\/span><\/p>\n<ol>\n<li><b>Privacy by Default <\/b><span style=\"font-weight: 400\">ovvero: ogni impresa \u00e8 tenuta a tutelare la vita privata dei cittadini \u201c<\/span><i><span style=\"font-weight: 400\">di default\u201d<\/span><\/i><span style=\"font-weight: 400\"> e cio\u00e8 dev\u2019essere una scelta di base, cosciente, predefinita e continuativa nel tempo che l\u2019impresa deve trattare come valore fondante nel suo operare.<\/span><\/li>\n<li><b>Privacy by Design <\/b><span style=\"font-weight: 400\">ovvero: la protezione dei dati dei privati cittadini deve partire dalla progettazione di ogni processo aziendale, deve esser parte del disegno iniziale e non un \u201cadeguamento\u201d postumo.<\/span><\/li>\n<li><b>Accountability<\/b>,<span style=\"font-weight: 400\">\u00a0termine anglosassone che letteralmente significa \u201cresponsabilit\u00e0\u201d: potrebbe esser tradotto con \u201crendicontazione\u201d, nell\u2019accezione &#8211; affine alla responsabilit\u00e0 sociale &#8211; di dover \u201crender conto a terzi delle scelte compiute\u201d. Nell\u2019intenzione dei legislatori europei, l\u2019accountability indica aspetti quali l\u2019affidabilit\u00e0, la capacit\u00e0 e la competenza aziendale nella gestione dei dati personali.<\/span><\/li>\n<\/ol>\n<h3 id=\"stoc-diritti-dellinteressato\" class=\"wpig-heading\"><b>DIRITTI DELL\u2019INTERESSATO<\/b><\/h3>\n<p><span style=\"font-weight: 400\">I diritti fondamentali dell\u2019Interessato, colui al quale si riferiscono i dati e che ne \u00e8 l&#8217;unico proprietario, sono:<\/span><\/p>\n<ul>\n<li><b>Diritto all\u2019Oblio<\/b><span style=\"font-weight: 400\"> \u2013 impone che, su semplice richiesta dell&#8217;Interessato, l\u2019azienda elimini qualsiasi traccia dei dati raccolti (al posto della rimozione totale \u00e8 consentita l&#8217;anonimizzazione).<\/span><\/li>\n<li><b>Diritto all\u2019Accesso <\/b><span style=\"font-weight: 400\">\u2013 assicura all\u2019Interessato di poter ricevere una copia dei propri dati che sono noti ed in possesso del Titolare.\u00a0Contestualmente all&#8217;Accesso il GDPR prevede l\u2019obbligo, in capo al Responsabile, di dare risposta all\u2019Interessato entro 1 mese dalla richiesta (fino a 3 mesi in casi di particolare complessit\u00e0).\u00a0<\/span>Assieme all&#8217;Accesso \u00e8 stato previsto anche il diritto alla Modifica e\/o alla Rettifica.<\/li>\n<li><b>Diritto alla Portabilit\u00e0<\/b><span style=\"font-weight: 400\"> \u2013 \u00e8 il diritto concesso all\u2019Interessato di far trasferire i suoi dati personali ad una terza parte ottenendone su semplice richiesta una copia o, se previsto dal Titolale, di ottenere il trasferimento diretto ed automatico da un Titolare ad un altro.<\/span><\/li>\n<li><b>Diritto alla Limitazione del trattamento<\/b><span style=\"font-weight: 400\"> \u2013 \u00e8 il diritto di far sospendere il trattamento dei propri dati personali per bloccarne l\u2019utilizzo da parte del Titolare.<\/span><\/li>\n<\/ul>\n<h3 id=\"stoc-checklist-di-autovalutazione\" class=\"wpig-heading\"><strong>CHECKLIST DI AUTOVALUTAZIONE<\/strong><\/h3>\n<p>Con il GDPR dietro l\u2019angolo, molte aziende sono alle prese con ci\u00f2 che devono fare per garantire la conformit\u00e0 con la complessa normativa.\u00a0<span style=\"font-weight: 400\">Ecco, secondo noi, una pratica sequenza di punti da considerare in un processo di autovalutazione:<\/span><\/p>\n<ol>\n<li><b>Identificare tutti i Trattamenti di dati personali<\/b><span style=\"font-weight: 400\"> esistenti in azienda.<\/span><\/li>\n<li><b>Identificare Titolare e Responsabile del trattamento<\/b><span style=\"font-weight: 400\"> dei dati personali (per ogni trattamento definire Titolare e Responsabile).<\/span><\/li>\n<li><b>Istituire il Registro dei Trattamenti<\/b><span style=\"font-weight: 400\"> contenente tutti i Trattamenti di dati dell\u2019azienda (in realt\u00e0 avremo un Registro del Responsabile dei trattamenti ed un Registro del Titolare, che insieme riportano tutte le informazioni necessarie sui diversi trattamenti).<\/span><\/li>\n<li><b>Aggiornare Privacy Policy<\/b><span style=\"font-weight: 400\"> con una informativa completa, corretta, semplice e di facile consultazione.<\/span><\/li>\n<li><b>Adeguare la raccolta dei consensi al trattamento <\/b><span style=\"font-weight: 400\">per ogni singola raccolta dati personali esistente (intervenire su testo dell\u2019informativa e meccanismi di raccolta del consenso).<\/span><\/li>\n<li><b>Verificare per ogni trattamento e dato pre-esistente <\/b><span style=\"font-weight: 400\">se il consenso al trattamento acquisito (se \u00e8 stato acquisito) all\u2019atto della registrazione dei dati \u00e8 sufficiente, oppure se \u00e8 necessario\u00a0<\/span><b>procedere nuovamente all\u2019acquisizione del consenso<\/b><span style=\"font-weight: 400\"> rispetto al trattamento previsto.<\/span><\/li>\n<li><b>Far valere i diritti dell\u2019Interessato<\/b><span style=\"font-weight: 400\"> ovvero rendere disponibili adeguati servizi che garantiscano di ottenere: oblio, accesso\/modifica, portabilit\u00e0 e limitazione del trattamento; tali funzioni dovranno essere accessibili in modo semplice, veloce ed intuitivo \u2026 almeno quanto lo \u00e8 stato la fase di raccolta. Nel caso sia necessario, le risposte dovute agli Interessati dovranno essere concise, trasparenti ed utilizzare un linguaggio semplice e di facile comprensione.<\/span><\/li>\n<li><b>Proteggere i Dati personali <\/b><span style=\"font-weight: 400\">degli Interessati osservando le buone pratiche di qualit\u00e0 e sicurezza dei sistemi e delle procedure di trattamento dei Dati personali indipendentemente dalla loro forma (numerico\/testuale\/immagine\/audio\/video, logica\/fisica) e dal supporto di memorizzazione (cartaceo, magnetico, elettronico, cloud\u2026).<\/span><\/li>\n<li><b>Compiere il Risk Assessment per ogni trattamento identificato<\/b><span style=\"font-weight: 400\"> al fine di rilevare il livello di rischio per lo stesso.<\/span><\/li>\n<li><b>Eseguire tutte le azioni necessarie alla Mitigazione del rischio<\/b><span style=\"font-weight: 400\"> per tutti i trattamenti che hanno rivelato un livello di Rischio elevato (High Risk).<\/span><\/li>\n<li><b>Progettare ed erogare un Piano formativo<\/b><span style=\"font-weight: 400\"> a tutti gli Stakeholder per assicurare una corretta conoscenza del Regolamento al fine di consentire a ciascuno di gestire e compiere le proprie attivit\u00e0 lavorative in modo informato.<\/span><\/li>\n<li><b>Predisporre il Piano di azione da attivare in caso di Data Breach<\/b><span style=\"font-weight: 400\"> ovvero quando si verificasse una violazione di dati personali.<\/span><\/li>\n<\/ol>\n<p style=\"text-align: center\"><span style=\"font-weight: 400\">\u00a0\u00a0\u00a0\u00a0<\/span><\/p>\n[\/vc_column_text][\/vc_column][\/vc_row]\n","protected":false},"excerpt":{"rendered":"<p>Dal 25 maggio 2018 sar\u00e0 direttamente applicabile il nuovo Regolamento UE sulla protezione dei dati personali. Garantisci per tutte le azioni future della tua azienda il 100% di conformit\u00e0 al Regolamento, scarica gratuitamente la nostra Guida al GDPR contenente la Checklist con i 12 punti per essere in regola.<\/p>\n","protected":false},"author":34,"featured_media":4417,"comment_status":"closed","ping_status":"closed","sticky":false,"template":"","format":"standard","meta":{"_acf_changed":false,"inline_featured_image":false,"footnotes":""},"categories":[25],"tags":[322,533],"class_list":{"0":"post-4410","1":"post","2":"type-post","3":"status-publish","4":"format-standard","5":"has-post-thumbnail","7":"category-digital-transformation","8":"tag-gdpr","9":"tag-privacy"},"acf":[],"yoast_head":"<!-- This site is optimized with the Yoast SEO plugin v25.8 - https:\/\/yoast.com\/wordpress\/plugins\/seo\/ -->\n<title>Adeguarsi al GDPR: i 12 punti per essere conformi alla normativa<\/title>\n<meta name=\"description\" content=\"Il 25 maggio 2018 il Regolamento dell\u2019UE su privacy e dati \u00e8 applicabile direttamente in tutti gli stati dell\u2019Unione Europea. Scopri I 12 passi per garantire la conformit\u00e0 con la normativa GDPR.\" \/>\n<meta name=\"robots\" content=\"index, follow, max-snippet:-1, max-image-preview:large, max-video-preview:-1\" \/>\n<link rel=\"canonical\" href=\"https:\/\/www.intesys.it\/journal\/digital-transformation\/checklist-con-i-12-punti-per-essere-in-regola\/\" \/>\n<meta property=\"og:locale\" content=\"it_IT\" \/>\n<meta property=\"og:type\" content=\"article\" \/>\n<meta property=\"og:title\" content=\"Adeguarsi al GDPR: i 12 punti per essere conformi alla normativa\" \/>\n<meta property=\"og:description\" content=\"Il 25 maggio 2018 il Regolamento dell\u2019UE su privacy e dati \u00e8 applicabile direttamente in tutti gli stati dell\u2019Unione Europea. Scopri I 12 passi per garantire la conformit\u00e0 con la normativa GDPR.\" \/>\n<meta property=\"og:url\" content=\"https:\/\/www.intesys.it\/journal\/digital-transformation\/checklist-con-i-12-punti-per-essere-in-regola\/\" \/>\n<meta property=\"og:site_name\" content=\"Intesys Journal\" \/>\n<meta property=\"article:published_time\" content=\"2018-05-11T06:45:01+00:00\" \/>\n<meta property=\"article:modified_time\" content=\"2024-04-15T13:36:39+00:00\" \/>\n<meta property=\"og:image\" content=\"https:\/\/www.intesys.it\/journal\/wp-content\/uploads\/sites\/13\/2018\/05\/GDPR-1.png\" \/>\n\t<meta property=\"og:image:width\" content=\"1280\" \/>\n\t<meta property=\"og:image:height\" content=\"960\" \/>\n\t<meta property=\"og:image:type\" content=\"image\/png\" \/>\n<meta name=\"author\" content=\"Alberto Gaiga\" \/>\n<meta name=\"twitter:card\" content=\"summary_large_image\" \/>\n<meta name=\"twitter:label1\" content=\"Scritto da\" \/>\n\t<meta name=\"twitter:data1\" content=\"Alberto Gaiga\" \/>\n\t<meta name=\"twitter:label2\" content=\"Tempo di lettura stimato\" \/>\n\t<meta name=\"twitter:data2\" content=\"6 minuti\" \/>\n<script type=\"application\/ld+json\" class=\"yoast-schema-graph\">{\"@context\":\"https:\/\/schema.org\",\"@graph\":[{\"@type\":\"WebPage\",\"@id\":\"https:\/\/www.intesys.it\/journal\/digital-transformation\/checklist-con-i-12-punti-per-essere-in-regola\/\",\"url\":\"https:\/\/www.intesys.it\/journal\/digital-transformation\/checklist-con-i-12-punti-per-essere-in-regola\/\",\"name\":\"Adeguarsi al GDPR: i 12 punti per essere conformi alla normativa\",\"isPartOf\":{\"@id\":\"https:\/\/www.intesys.it\/journal\/#website\"},\"primaryImageOfPage\":{\"@id\":\"https:\/\/www.intesys.it\/journal\/digital-transformation\/checklist-con-i-12-punti-per-essere-in-regola\/#primaryimage\"},\"image\":{\"@id\":\"https:\/\/www.intesys.it\/journal\/digital-transformation\/checklist-con-i-12-punti-per-essere-in-regola\/#primaryimage\"},\"thumbnailUrl\":\"https:\/\/www.intesys.it\/journal\/wp-content\/uploads\/sites\/13\/2018\/05\/GDPR-1.png\",\"datePublished\":\"2018-05-11T06:45:01+00:00\",\"dateModified\":\"2024-04-15T13:36:39+00:00\",\"author\":{\"@id\":\"https:\/\/www.intesys.it\/journal\/#\/schema\/person\/f8c9b43c602ce7e9f077699da626bcef\"},\"description\":\"Il 25 maggio 2018 il Regolamento dell\u2019UE su privacy e dati \u00e8 applicabile direttamente in tutti gli stati dell\u2019Unione Europea. Scopri I 12 passi per garantire la conformit\u00e0 con la normativa GDPR.\",\"breadcrumb\":{\"@id\":\"https:\/\/www.intesys.it\/journal\/digital-transformation\/checklist-con-i-12-punti-per-essere-in-regola\/#breadcrumb\"},\"inLanguage\":\"it-IT\",\"potentialAction\":[{\"@type\":\"ReadAction\",\"target\":[\"https:\/\/www.intesys.it\/journal\/digital-transformation\/checklist-con-i-12-punti-per-essere-in-regola\/\"]}]},{\"@type\":\"ImageObject\",\"inLanguage\":\"it-IT\",\"@id\":\"https:\/\/www.intesys.it\/journal\/digital-transformation\/checklist-con-i-12-punti-per-essere-in-regola\/#primaryimage\",\"url\":\"https:\/\/www.intesys.it\/journal\/wp-content\/uploads\/sites\/13\/2018\/05\/GDPR-1.png\",\"contentUrl\":\"https:\/\/www.intesys.it\/journal\/wp-content\/uploads\/sites\/13\/2018\/05\/GDPR-1.png\",\"width\":1280,\"height\":960},{\"@type\":\"BreadcrumbList\",\"@id\":\"https:\/\/www.intesys.it\/journal\/digital-transformation\/checklist-con-i-12-punti-per-essere-in-regola\/#breadcrumb\",\"itemListElement\":[{\"@type\":\"ListItem\",\"position\":1,\"name\":\"Home\",\"item\":\"https:\/\/www.intesys.it\/journal\/\"},{\"@type\":\"ListItem\",\"position\":2,\"name\":\"GDPR checklist: i 12 punti per adeguarsi alla normativa\"}]},{\"@type\":\"WebSite\",\"@id\":\"https:\/\/www.intesys.it\/journal\/#website\",\"url\":\"https:\/\/www.intesys.it\/journal\/\",\"name\":\"Intesys\",\"description\":\"Ogni settimana nuovi articoli dedicati al mondo della trasformazione digitale!\",\"potentialAction\":[{\"@type\":\"SearchAction\",\"target\":{\"@type\":\"EntryPoint\",\"urlTemplate\":\"https:\/\/www.intesys.it\/journal\/?s={search_term_string}\"},\"query-input\":{\"@type\":\"PropertyValueSpecification\",\"valueRequired\":true,\"valueName\":\"search_term_string\"}}],\"inLanguage\":\"it-IT\"},{\"@type\":\"Person\",\"@id\":\"https:\/\/www.intesys.it\/journal\/#\/schema\/person\/f8c9b43c602ce7e9f077699da626bcef\",\"name\":\"Alberto Gaiga\",\"image\":{\"@type\":\"ImageObject\",\"inLanguage\":\"it-IT\",\"@id\":\"https:\/\/www.intesys.it\/journal\/#\/schema\/person\/image\/\",\"url\":\"https:\/\/secure.gravatar.com\/avatar\/4ef42b4b9e5cbfbff95aae08e954a58774bbd3b922206bfa7208ea5d54199b92?s=96&d=mm&r=g\",\"contentUrl\":\"https:\/\/secure.gravatar.com\/avatar\/4ef42b4b9e5cbfbff95aae08e954a58774bbd3b922206bfa7208ea5d54199b92?s=96&d=mm&r=g\",\"caption\":\"Alberto Gaiga\"},\"description\":\"Alberto Gaiga \u00e8 AD e co-fondatore di Intesys. Il suo tratto distintivo \u00e8 l'irrefrenabile entusiasmo per le strategie multicanale e la creazione di touchpoint lungo tutta la Customer Journey degli utenti.\",\"url\":\"https:\/\/www.intesys.it\/journal\/autore\/alberto-gaiga\/\"}]}<\/script>\n<!-- \/ Yoast SEO plugin. -->","yoast_head_json":{"title":"Adeguarsi al GDPR: i 12 punti per essere conformi alla normativa","description":"Il 25 maggio 2018 il Regolamento dell\u2019UE su privacy e dati \u00e8 applicabile direttamente in tutti gli stati dell\u2019Unione Europea. Scopri I 12 passi per garantire la conformit\u00e0 con la normativa GDPR.","robots":{"index":"index","follow":"follow","max-snippet":"max-snippet:-1","max-image-preview":"max-image-preview:large","max-video-preview":"max-video-preview:-1"},"canonical":"https:\/\/www.intesys.it\/journal\/digital-transformation\/checklist-con-i-12-punti-per-essere-in-regola\/","og_locale":"it_IT","og_type":"article","og_title":"Adeguarsi al GDPR: i 12 punti per essere conformi alla normativa","og_description":"Il 25 maggio 2018 il Regolamento dell\u2019UE su privacy e dati \u00e8 applicabile direttamente in tutti gli stati dell\u2019Unione Europea. Scopri I 12 passi per garantire la conformit\u00e0 con la normativa GDPR.","og_url":"https:\/\/www.intesys.it\/journal\/digital-transformation\/checklist-con-i-12-punti-per-essere-in-regola\/","og_site_name":"Intesys Journal","article_published_time":"2018-05-11T06:45:01+00:00","article_modified_time":"2024-04-15T13:36:39+00:00","og_image":[{"width":1280,"height":960,"url":"https:\/\/www.intesys.it\/journal\/wp-content\/uploads\/sites\/13\/2018\/05\/GDPR-1.png","type":"image\/png"}],"author":"Alberto Gaiga","twitter_card":"summary_large_image","twitter_misc":{"Scritto da":"Alberto Gaiga","Tempo di lettura stimato":"6 minuti"},"schema":{"@context":"https:\/\/schema.org","@graph":[{"@type":"WebPage","@id":"https:\/\/www.intesys.it\/journal\/digital-transformation\/checklist-con-i-12-punti-per-essere-in-regola\/","url":"https:\/\/www.intesys.it\/journal\/digital-transformation\/checklist-con-i-12-punti-per-essere-in-regola\/","name":"Adeguarsi al GDPR: i 12 punti per essere conformi alla normativa","isPartOf":{"@id":"https:\/\/www.intesys.it\/journal\/#website"},"primaryImageOfPage":{"@id":"https:\/\/www.intesys.it\/journal\/digital-transformation\/checklist-con-i-12-punti-per-essere-in-regola\/#primaryimage"},"image":{"@id":"https:\/\/www.intesys.it\/journal\/digital-transformation\/checklist-con-i-12-punti-per-essere-in-regola\/#primaryimage"},"thumbnailUrl":"https:\/\/www.intesys.it\/journal\/wp-content\/uploads\/sites\/13\/2018\/05\/GDPR-1.png","datePublished":"2018-05-11T06:45:01+00:00","dateModified":"2024-04-15T13:36:39+00:00","author":{"@id":"https:\/\/www.intesys.it\/journal\/#\/schema\/person\/f8c9b43c602ce7e9f077699da626bcef"},"description":"Il 25 maggio 2018 il Regolamento dell\u2019UE su privacy e dati \u00e8 applicabile direttamente in tutti gli stati dell\u2019Unione Europea. Scopri I 12 passi per garantire la conformit\u00e0 con la normativa GDPR.","breadcrumb":{"@id":"https:\/\/www.intesys.it\/journal\/digital-transformation\/checklist-con-i-12-punti-per-essere-in-regola\/#breadcrumb"},"inLanguage":"it-IT","potentialAction":[{"@type":"ReadAction","target":["https:\/\/www.intesys.it\/journal\/digital-transformation\/checklist-con-i-12-punti-per-essere-in-regola\/"]}]},{"@type":"ImageObject","inLanguage":"it-IT","@id":"https:\/\/www.intesys.it\/journal\/digital-transformation\/checklist-con-i-12-punti-per-essere-in-regola\/#primaryimage","url":"https:\/\/www.intesys.it\/journal\/wp-content\/uploads\/sites\/13\/2018\/05\/GDPR-1.png","contentUrl":"https:\/\/www.intesys.it\/journal\/wp-content\/uploads\/sites\/13\/2018\/05\/GDPR-1.png","width":1280,"height":960},{"@type":"BreadcrumbList","@id":"https:\/\/www.intesys.it\/journal\/digital-transformation\/checklist-con-i-12-punti-per-essere-in-regola\/#breadcrumb","itemListElement":[{"@type":"ListItem","position":1,"name":"Home","item":"https:\/\/www.intesys.it\/journal\/"},{"@type":"ListItem","position":2,"name":"GDPR checklist: i 12 punti per adeguarsi alla normativa"}]},{"@type":"WebSite","@id":"https:\/\/www.intesys.it\/journal\/#website","url":"https:\/\/www.intesys.it\/journal\/","name":"Intesys","description":"Ogni settimana nuovi articoli dedicati al mondo della trasformazione digitale!","potentialAction":[{"@type":"SearchAction","target":{"@type":"EntryPoint","urlTemplate":"https:\/\/www.intesys.it\/journal\/?s={search_term_string}"},"query-input":{"@type":"PropertyValueSpecification","valueRequired":true,"valueName":"search_term_string"}}],"inLanguage":"it-IT"},{"@type":"Person","@id":"https:\/\/www.intesys.it\/journal\/#\/schema\/person\/f8c9b43c602ce7e9f077699da626bcef","name":"Alberto Gaiga","image":{"@type":"ImageObject","inLanguage":"it-IT","@id":"https:\/\/www.intesys.it\/journal\/#\/schema\/person\/image\/","url":"https:\/\/secure.gravatar.com\/avatar\/4ef42b4b9e5cbfbff95aae08e954a58774bbd3b922206bfa7208ea5d54199b92?s=96&d=mm&r=g","contentUrl":"https:\/\/secure.gravatar.com\/avatar\/4ef42b4b9e5cbfbff95aae08e954a58774bbd3b922206bfa7208ea5d54199b92?s=96&d=mm&r=g","caption":"Alberto Gaiga"},"description":"Alberto Gaiga \u00e8 AD e co-fondatore di Intesys. Il suo tratto distintivo \u00e8 l'irrefrenabile entusiasmo per le strategie multicanale e la creazione di touchpoint lungo tutta la Customer Journey degli utenti.","url":"https:\/\/www.intesys.it\/journal\/autore\/alberto-gaiga\/"}]}},"_links":{"self":[{"href":"https:\/\/www.intesys.it\/journal\/wp-json\/wp\/v2\/posts\/4410","targetHints":{"allow":["GET"]}}],"collection":[{"href":"https:\/\/www.intesys.it\/journal\/wp-json\/wp\/v2\/posts"}],"about":[{"href":"https:\/\/www.intesys.it\/journal\/wp-json\/wp\/v2\/types\/post"}],"author":[{"embeddable":true,"href":"https:\/\/www.intesys.it\/journal\/wp-json\/wp\/v2\/users\/34"}],"replies":[{"embeddable":true,"href":"https:\/\/www.intesys.it\/journal\/wp-json\/wp\/v2\/comments?post=4410"}],"version-history":[{"count":2,"href":"https:\/\/www.intesys.it\/journal\/wp-json\/wp\/v2\/posts\/4410\/revisions"}],"predecessor-version":[{"id":13862,"href":"https:\/\/www.intesys.it\/journal\/wp-json\/wp\/v2\/posts\/4410\/revisions\/13862"}],"wp:featuredmedia":[{"embeddable":true,"href":"https:\/\/www.intesys.it\/journal\/wp-json\/wp\/v2\/media\/4417"}],"wp:attachment":[{"href":"https:\/\/www.intesys.it\/journal\/wp-json\/wp\/v2\/media?parent=4410"}],"wp:term":[{"taxonomy":"category","embeddable":true,"href":"https:\/\/www.intesys.it\/journal\/wp-json\/wp\/v2\/categories?post=4410"},{"taxonomy":"post_tag","embeddable":true,"href":"https:\/\/www.intesys.it\/journal\/wp-json\/wp\/v2\/tags?post=4410"}],"curies":[{"name":"wp","href":"https:\/\/api.w.org\/{rel}","templated":true}]}}