{"id":6316,"date":"2019-08-01T11:52:18","date_gmt":"2019-08-01T09:52:18","guid":{"rendered":"https:\/\/www.intesys.it\/journal\/?p=6316"},"modified":"2022-06-06T15:50:59","modified_gmt":"2022-06-06T13:50:59","slug":"business-continuity-cosa-succede-se-la-tua-azienda-si-ferma-24-ore","status":"publish","type":"post","link":"https:\/\/www.intesys.it\/journal\/digital-transformation\/business-continuity-cosa-succede-se-la-tua-azienda-si-ferma-24-ore\/","title":{"rendered":"Business Continuity: cosa succede se la tua azienda si ferma per 24 ore?"},"content":{"rendered":"<p><div id='wpig-contents' class='wpig-contents wpig-number-list wpig-no-hierarachy wpig-sidebar-widget wpig-style-1'><span class='wpig-headline'>Indice dei contenuti<\/span><!-- Table of Contents --><div id='wpig-table-of-content' class='wpig-table-of-content' ><ol><li class='stoc-3-fattori-da-considerare-per-garantire-la-continuita-del-tuo-business'><a href='#stoc-3-fattori-da-considerare-per-garantire-la-continuita-del-tuo-business'>3 fattori da considerare per garantire la continuit\u00e0 del tuo business<\/a><\/li><li class='stoc-qual-e-limpatto-di-uno-stop-di-24-ore-alla-tua-attivita'><a href='#stoc-qual-e-limpatto-di-uno-stop-di-24-ore-alla-tua-attivita'>Qual \u00e8 l\u2019impatto di uno stop di 24 ore alla tua attivit\u00e0?<\/a><\/li><\/ol><\/div><!-- END OF Table of Contents --><\/div><\/p>[vc_row type=&#8221;in_container&#8221; full_screen_row_position=&#8221;middle&#8221; column_margin=&#8221;default&#8221; column_direction=&#8221;default&#8221; column_direction_tablet=&#8221;default&#8221; column_direction_phone=&#8221;default&#8221; scene_position=&#8221;center&#8221; text_color=&#8221;dark&#8221; text_align=&#8221;left&#8221; row_border_radius=&#8221;none&#8221; row_border_radius_applies=&#8221;bg&#8221; overflow=&#8221;visible&#8221; overlay_strength=&#8221;0.3&#8243; gradient_direction=&#8221;left_to_right&#8221; shape_divider_position=&#8221;bottom&#8221; bg_image_animation=&#8221;none&#8221;][vc_column column_padding=&#8221;no-extra-padding&#8221; column_padding_tablet=&#8221;inherit&#8221; column_padding_phone=&#8221;inherit&#8221; column_padding_position=&#8221;all&#8221; column_element_spacing=&#8221;default&#8221; background_color_opacity=&#8221;1&#8243; background_hover_color_opacity=&#8221;1&#8243; column_shadow=&#8221;none&#8221; column_border_radius=&#8221;none&#8221; column_link_target=&#8221;_self&#8221; column_position=&#8221;default&#8221; gradient_direction=&#8221;left_to_right&#8221; overlay_strength=&#8221;0.3&#8243; width=&#8221;1\/1&#8243; tablet_width_inherit=&#8221;default&#8221; tablet_text_alignment=&#8221;default&#8221; phone_text_alignment=&#8221;default&#8221; animation_type=&#8221;default&#8221; bg_image_animation=&#8221;none&#8221; border_type=&#8221;simple&#8221; column_border_width=&#8221;none&#8221; column_border_style=&#8221;solid&#8221;][vc_column_text]La\u00a0<strong>digitalizzazione dei processi aziendali<\/strong>\u00a0migliora le performance delle attivit\u00e0 lavorative, crea maggiori\u00a0<strong>opportunit\u00e0 di business<\/strong>\u00a0e stimola la competitivit\u00e0 tra le aziende, che riescono ad offrire servizi a maggiore valore aggiunto. Nonostante i numerosi vantaggi, la trasformazione digitale genera anche una maggiore complessit\u00e0 informativa e un\u2019importante\u00a0<strong>proliferazione di dati<\/strong>\u00a0che rendono le aziende sempre pi\u00f9\u00a0<strong>esposte a fenomeni<\/strong>\u00a0in grado di\u00a0<strong>compromettere la loro sicurezza e continuit\u00e0 operativa<\/strong>.<\/p>\n<p>Ti sei mai chiesto quanto potrebbe valere in termini economici per la vostra azienda uno stop di 24 ore?<br \/>\nCome potete immaginare, le conseguenze in termini di performance sono importanti: ogni <strong>stop alla continuit\u00e0 di servizio genera costi<\/strong>\u00a0per la soluzione dei problemi e incide negativamente sull\u2019immagine dell&#8217;azienda, trasformandosi in un vero e proprio danno economico.<\/p>\n<blockquote>\n<p><span style=\"font-size: 12pt;\">Entro il 2020, il 60% delle aziende digitali subir\u00e0 gravi perdite dal punto di vista dei servizi dovute all\u2019incapacit\u00e0 di gestire il rischio digitale. (Gartner)<\/span><\/p>\n<\/blockquote>\n<p>Questa affermazione attribuisce un ruolo centrale al tema della <strong>sicurezza in ambito ICT<\/strong>, sensibilizza le aziende verso misure appropriate e sottolinea un <strong>legame<\/strong> significativo tra <strong><a href=\"https:\/\/www.inetworking.it\/infrastruttura-it-e-cloud\/quidata-data-protection-e-backup\/\" target=\"_blank\" rel=\"noopener\">Data Protection<\/a> e Business Continuity.<\/strong><\/p>\n<h2 id=\"stoc-3-fattori-da-considerare-per-garantire-la-continuita-del-tuo-business\" class=\"wpig-heading\">3 fattori da considerare per garantire la continuit\u00e0 del tuo business<\/h2>\n<p>Proteggere i dati aziendali ed archiviarli in modo ottimale non \u00e8 sufficiente per rispondere alle esigenze di business per garantire continuit\u00e0 operativa.\u00a0 Adottare un <strong>approccio innovativo<\/strong> ti aiuter\u00e0 non solo a proteggere i dati ma a gestirli in modo intelligente <strong>accelerando l\u2019innovazione<\/strong> dei nuovi servizi digitali. Di seguito ti ricordiamo i principali fattori per dare continuit\u00e0 ai tuoi servizi.<\/p>\n<p><strong>1. Dedica risorse alla sicurezza dei tuoi dati con una strategia di Data Protection<br \/>\n<\/strong>\u201cQuanto sono sicuri i nostri dati?\u201d \u00c8\u00a0la domanda che i Top Manager si pongono in modo sempre pi\u00f9 ricorrente.\u00a0Tra le principali<a href=\"https:\/\/www.intesys.it\/journal\/information-technology\/data-protection-l-importanza-di-proteggere-dati-aziendali\/\"> cause di violazione della sicurezza dati<\/a> abbiamo citato le anomalie hardware, gli errori umani, la corruzione di software e diverse tipologie di malware.<br \/>\nGrazie a efficaci misure di <strong>protezione dei dati<\/strong> potrai gestire situazioni impreviste: evitare perdite o danni ai dati a favore della continuit\u00e0 operativa delle attivit\u00e0 della tua azienda.<\/p>\n<p><strong>2. Predisponi un piano di<a href=\"https:\/\/www.inetworking.it\/infrastruttura-it-e-cloud\/quicloud-servizi-iaas\/\" target=\"_blank\" rel=\"noopener\"> Disaster Recovery<\/a> sulla base delle esigenze aziendali<br \/>\n<\/strong>\u201cCome affrontiamo un\u2019eventuale situazione imprevista?\u201d\u00a0Rispondere a questa domanda ti aiuter\u00e0 a identificare l\u2019insieme delle misure tecnologiche e organizzative utili a <strong>ripristinare l\u2019intera infrastruttura informatica<\/strong> a seguito di un\u2019emergenza. L\u2019obiettivo \u00e8 avvicinare il pi\u00f9 possibile allo zero i dati relativi a RPO, ossia il tempo massimo che serve per mettere in sicurezza un dato, e RTO, ossia la massima durata del downtime previsto.<\/p>\n<p><strong>3. Assicura l\u2019High Availability dei dati<br \/>\n<\/strong>\u201cCome possiamo evitare uno stop alla disponibilit\u00e0 dei nostri dati?\u201d\u00a0A differenza del piano di Disaster Recovery che si concentra sulle procedure da attuare una volta che l\u2019evento imprevisto si \u00e8 verificato, l\u2019High Availability pone l\u2019accento su <strong>misure e procedure di prevenzione<\/strong> che riguardano la disponibilit\u00e0 dei dati in caso di interruzioni.<\/p>\n<p style=\"text-align: center;\">\u00a0[nectar_btn size=\"large\" open_new_tab=\"true\" button_style=\"regular\" button_color_2=\"Accent-Color\" color_override=\"#0f33ce\" solid_text_color_override=\"#ffffff\" icon_family=\"none\" button_id=\"\" text=\"Iscriviti all'evento sulla Data Protection\" margin_top=\"30\" url=\"https:\/\/www.inetworking.it\/evento-veeam-data-protection\/?utm_source=journal&amp;utm_medium=cta&amp;utm_campaign=business_continuity\"]\n<h2 id=\"stoc-qual-e-limpatto-di-uno-stop-di-24-ore-alla-tua-attivita\" class=\"wpig-heading\"><strong>Qual \u00e8 l\u2019impatto di uno stop di 24 ore alla tua attivit\u00e0?<\/strong><\/h2>\n<p>Forse ti \u00e8 gi\u00e0 capitato di assistere ad un\u2019<strong>interruzione della tua attivit\u00e0<\/strong> per pi\u00f9 di qualche ora a causa di eventi imprevisti: un virus all\u2019interno del sistema? Un blackout? Un danno ai server? L\u2019errore di un collaboratore?<\/p>\n<p>Certamente il reparto IT della tua azienda sar\u00e0 intervenuto con rapidit\u00e0 e competenza ma \u00e8 riuscito ad evitare danni costosi?<br \/>\n<strong>Quantifica l\u2019impatto di un\u2019interruzione<\/strong> di servizio nella tua azienda:<\/p>\n<ul>\n<li><strong>Hai perso dati preziosi?<br \/>\n<\/strong>Un evento esterno che interviene sulla tua infrastruttura pu\u00f2 limitare, temporaneamente, la disponibilit\u00e0 dei tuoi dati o addirittura eliminarli causando perdite ingenti. Quali informazioni sono state penalizzate nel tuo caso? Anagrafiche clienti, ordini, documentazione interna?<\/li>\n<\/ul>\n<ul>\n<li><strong>Quanto ti \u00e8 costato il danno?<br \/>\n<\/strong>Se hai gi\u00e0 affrontato un imprevisto di questo genere, hai sostenuto costi aggiuntivi? La perdita di informazioni o l\u2019interruzione imprevista dell\u2019attivit\u00e0 di un\u2019azienda pu\u00f2 causare calo di produttivit\u00e0 e mancati ricavi. Nel tuo caso un fenomeno imprevisto ostacolerebbe il raggiungimento degli obiettivi di business nel breve-medio termine?<\/li>\n<\/ul>\n<ul>\n<li><strong>Come hanno reagito i tuoi clienti al disservizio?<br \/>\n<\/strong>Una mancata risposta, un ritardo nell\u2019evasione dell\u2019ordine o un accesso non consentito ai servizi? Come reagirebbero o hanno reagito i tuoi contatti? Un down imprevisto del sistema ha indubbie ripercussioni non solo sulla tua azienda ma anche sulla tua offerta.<\/li>\n<\/ul>\n<ul>\n<li><strong>Hai riscontrato effetti indesiderati sull\u2019immagine aziendale?<br \/>\n<\/strong>A prescindere dalla causa, un disservizio condiziona l\u2019immagine dell\u2019azienda generando una percepita mancanza di affidabilit\u00e0 e sicurezza con possibili conseguenze sulla relazione con i clienti. Hai messo in atto un piano d\u2019azione per porre rimedio alla situazione che si \u00e8 creata?<\/li>\n<\/ul>\n<p>Tutte queste considerazioni si pongono un unico obiettivo: riflettere sull\u2019opportunit\u00e0 e sull\u2019importanza di una <a href=\"https:\/\/www.inetworking.it\/veeam-data-protection\/?utm_source=journal&amp;utm_medium=cta&amp;utm_campaign=business_continuity\" target=\"_blank\" rel=\"noopener\">strategia di Data Protection<\/a>. <strong>Prevenire<\/strong> ed essere pronti a fronteggiare situazioni di crisi \u00e8 certamente possibile grazie ad una <strong>strategia strutturata<\/strong>.<\/p>\n<p>Se la tua azienda non \u00e8 ancora dotata di misure di prevenzione \u00e8 necessario chiedersi: come non farsi trovare impreparati?<br \/>\nSe al contrario hai gi\u00e0 un piano di Business Continuity, \u00e8 comunque importante riflettere sulla sua efficacia e identificare eventuali aree di miglioramento attraverso un\u2019analisi delle misure gi\u00e0 disponibili<\/p>\n<p>Rispondi ad alcune domande per valutare se la tua infrastruttura di protezione dei dati \u00e8 sufficientemente strutturata per garantirti massima sicurezza e continuit\u00e0 operativa.<\/p>\n<p style=\"text-align: center;\">[nectar_btn size=\"large\" open_new_tab=\"true\" button_style=\"regular\" button_color_2=\"Accent-Color\" color_override=\"#0f33ce\" solid_text_color_override=\"#ffffff\" icon_family=\"none\" button_id=\"\" text=\"Valuta la sicurezza dei tuoi dati aziendali\" margin_top=\"30\" url=\"https:\/\/www.inetworking.it\/veeam-data-protection\/?utm_source=journal&amp;utm_medium=cta&amp;utm_campaign=business_continuity\"]\n<p><a href=\"https:\/\/www.inetworking.it\/evento-veeam-data-protection\/?utm_source=journal&amp;utm_medium=cta&amp;utm_campaign=business_continuity\" target=\"\u201d_blank\u201d\" rel=\"noopener\"><img loading=\"lazy\" decoding=\"async\" class=\"aligncenter wp-image-6093 size-medium\" src=\"https:\/\/www.intesys.it\/journal\/wp-content\/uploads\/sites\/13\/2019\/07\/Banner_IN_journal-600x246.png\" width=\"600\" height=\"268\" \/><\/a>[\/vc_column_text][\/vc_column][\/vc_row]\n","protected":false},"excerpt":{"rendered":"<p>[vc_row type=&#8221;in_container&#8221; full_screen_row_position=&#8221;middle&#8221; column_margin=&#8221;default&#8221; column_direction=&#8221;default&#8221; column_direction_tablet=&#8221;default&#8221; column_direction_phone=&#8221;default&#8221; scene_position=&#8221;center&#8221; text_color=&#8221;dark&#8221; text_align=&#8221;left&#8221; row_border_radius=&#8221;none&#8221; row_border_radius_applies=&#8221;bg&#8221; overflow=&#8221;visible&#8221; overlay_strength=&#8221;0.3&#8243; gradient_direction=&#8221;left_to_right&#8221;&#8230;<\/p>\n","protected":false},"author":57,"featured_media":6358,"comment_status":"closed","ping_status":"closed","sticky":false,"template":"","format":"standard","meta":{"_acf_changed":false,"inline_featured_image":false,"footnotes":""},"categories":[25,27],"tags":[113,206,213,256],"class_list":{"0":"post-6316","1":"post","2":"type-post","3":"status-publish","4":"format-standard","5":"has-post-thumbnail","7":"category-digital-transformation","8":"category-information-technology","9":"tag-business-continuity","10":"tag-cybersecurity","11":"tag-data-protection","12":"tag-digital-transformation"},"acf":[],"yoast_head":"<!-- This site is optimized with the Yoast SEO plugin v25.8 - https:\/\/yoast.com\/wordpress\/plugins\/seo\/ -->\n<title>Business Continuity: cosa succede se la tua azienda si ferma per 24 ore?<\/title>\n<meta name=\"description\" content=\"Data Protection e Business Continuity: hai mai pensato alle conseguenze di uno stop improvviso alla tua operativit\u00e0 aziendale? Non farti trovare impreparato\" \/>\n<meta name=\"robots\" content=\"index, follow, max-snippet:-1, max-image-preview:large, max-video-preview:-1\" \/>\n<link rel=\"canonical\" href=\"https:\/\/www.intesys.it\/journal\/digital-transformation\/business-continuity-cosa-succede-se-la-tua-azienda-si-ferma-24-ore\/\" \/>\n<meta property=\"og:locale\" content=\"it_IT\" \/>\n<meta property=\"og:type\" content=\"article\" \/>\n<meta property=\"og:title\" content=\"Business Continuity: cosa succede se la tua azienda si ferma per 24 ore?\" \/>\n<meta property=\"og:description\" content=\"Data Protection e Business Continuity: hai mai pensato alle conseguenze di uno stop improvviso alla tua operativit\u00e0 aziendale? Non farti trovare impreparato\" \/>\n<meta property=\"og:url\" content=\"https:\/\/www.intesys.it\/journal\/digital-transformation\/business-continuity-cosa-succede-se-la-tua-azienda-si-ferma-24-ore\/\" \/>\n<meta property=\"og:site_name\" content=\"Intesys Journal\" \/>\n<meta property=\"article:published_time\" content=\"2019-08-01T09:52:18+00:00\" \/>\n<meta property=\"article:modified_time\" content=\"2022-06-06T13:50:59+00:00\" \/>\n<meta property=\"og:image\" content=\"https:\/\/www.intesys.it\/journal\/wp-content\/uploads\/sites\/13\/2019\/07\/business-continuity-attivita.png\" \/>\n\t<meta property=\"og:image:width\" content=\"1280\" \/>\n\t<meta property=\"og:image:height\" content=\"960\" \/>\n\t<meta property=\"og:image:type\" content=\"image\/png\" \/>\n<meta name=\"author\" content=\"Massimo Recchia\" \/>\n<meta name=\"twitter:card\" content=\"summary_large_image\" \/>\n<meta name=\"twitter:label1\" content=\"Scritto da\" \/>\n\t<meta name=\"twitter:data1\" content=\"Massimo Recchia\" \/>\n\t<meta name=\"twitter:label2\" content=\"Tempo di lettura stimato\" \/>\n\t<meta name=\"twitter:data2\" content=\"5 minuti\" \/>\n<script type=\"application\/ld+json\" class=\"yoast-schema-graph\">{\"@context\":\"https:\/\/schema.org\",\"@graph\":[{\"@type\":\"WebPage\",\"@id\":\"https:\/\/www.intesys.it\/journal\/digital-transformation\/business-continuity-cosa-succede-se-la-tua-azienda-si-ferma-24-ore\/\",\"url\":\"https:\/\/www.intesys.it\/journal\/digital-transformation\/business-continuity-cosa-succede-se-la-tua-azienda-si-ferma-24-ore\/\",\"name\":\"Business Continuity: cosa succede se la tua azienda si ferma per 24 ore?\",\"isPartOf\":{\"@id\":\"https:\/\/www.intesys.it\/journal\/#website\"},\"primaryImageOfPage\":{\"@id\":\"https:\/\/www.intesys.it\/journal\/digital-transformation\/business-continuity-cosa-succede-se-la-tua-azienda-si-ferma-24-ore\/#primaryimage\"},\"image\":{\"@id\":\"https:\/\/www.intesys.it\/journal\/digital-transformation\/business-continuity-cosa-succede-se-la-tua-azienda-si-ferma-24-ore\/#primaryimage\"},\"thumbnailUrl\":\"https:\/\/www.intesys.it\/journal\/wp-content\/uploads\/sites\/13\/2019\/07\/business-continuity-attivita.png\",\"datePublished\":\"2019-08-01T09:52:18+00:00\",\"dateModified\":\"2022-06-06T13:50:59+00:00\",\"author\":{\"@id\":\"https:\/\/www.intesys.it\/journal\/#\/schema\/person\/c45a778b1788b5ec14f8de2108976f1a\"},\"description\":\"Data Protection e Business Continuity: hai mai pensato alle conseguenze di uno stop improvviso alla tua operativit\u00e0 aziendale? Non farti trovare impreparato\",\"breadcrumb\":{\"@id\":\"https:\/\/www.intesys.it\/journal\/digital-transformation\/business-continuity-cosa-succede-se-la-tua-azienda-si-ferma-24-ore\/#breadcrumb\"},\"inLanguage\":\"it-IT\",\"potentialAction\":[{\"@type\":\"ReadAction\",\"target\":[\"https:\/\/www.intesys.it\/journal\/digital-transformation\/business-continuity-cosa-succede-se-la-tua-azienda-si-ferma-24-ore\/\"]}]},{\"@type\":\"ImageObject\",\"inLanguage\":\"it-IT\",\"@id\":\"https:\/\/www.intesys.it\/journal\/digital-transformation\/business-continuity-cosa-succede-se-la-tua-azienda-si-ferma-24-ore\/#primaryimage\",\"url\":\"https:\/\/www.intesys.it\/journal\/wp-content\/uploads\/sites\/13\/2019\/07\/business-continuity-attivita.png\",\"contentUrl\":\"https:\/\/www.intesys.it\/journal\/wp-content\/uploads\/sites\/13\/2019\/07\/business-continuity-attivita.png\",\"width\":1280,\"height\":960},{\"@type\":\"BreadcrumbList\",\"@id\":\"https:\/\/www.intesys.it\/journal\/digital-transformation\/business-continuity-cosa-succede-se-la-tua-azienda-si-ferma-24-ore\/#breadcrumb\",\"itemListElement\":[{\"@type\":\"ListItem\",\"position\":1,\"name\":\"Home\",\"item\":\"https:\/\/www.intesys.it\/journal\/\"},{\"@type\":\"ListItem\",\"position\":2,\"name\":\"Business Continuity: cosa succede se la tua azienda si ferma per 24 ore?\"}]},{\"@type\":\"WebSite\",\"@id\":\"https:\/\/www.intesys.it\/journal\/#website\",\"url\":\"https:\/\/www.intesys.it\/journal\/\",\"name\":\"Intesys\",\"description\":\"Ogni settimana nuovi articoli dedicati al mondo della trasformazione digitale!\",\"potentialAction\":[{\"@type\":\"SearchAction\",\"target\":{\"@type\":\"EntryPoint\",\"urlTemplate\":\"https:\/\/www.intesys.it\/journal\/?s={search_term_string}\"},\"query-input\":{\"@type\":\"PropertyValueSpecification\",\"valueRequired\":true,\"valueName\":\"search_term_string\"}}],\"inLanguage\":\"it-IT\"},{\"@type\":\"Person\",\"@id\":\"https:\/\/www.intesys.it\/journal\/#\/schema\/person\/c45a778b1788b5ec14f8de2108976f1a\",\"name\":\"Massimo Recchia\",\"image\":{\"@type\":\"ImageObject\",\"inLanguage\":\"it-IT\",\"@id\":\"https:\/\/www.intesys.it\/journal\/#\/schema\/person\/image\/\",\"url\":\"https:\/\/secure.gravatar.com\/avatar\/3feef0fe5efe5ed954e763c4327ddc713266bb471a25bf6d76a545d758f9e617?s=96&d=mm&r=g\",\"contentUrl\":\"https:\/\/secure.gravatar.com\/avatar\/3feef0fe5efe5ed954e763c4327ddc713266bb471a25bf6d76a545d758f9e617?s=96&d=mm&r=g\",\"caption\":\"Massimo Recchia\"},\"description\":\"Massimo era Cloud Solution Architect in Intesys\",\"url\":\"https:\/\/www.intesys.it\/journal\/autore\/massimo-recchia\/\"}]}<\/script>\n<!-- \/ Yoast SEO plugin. -->","yoast_head_json":{"title":"Business Continuity: cosa succede se la tua azienda si ferma per 24 ore?","description":"Data Protection e Business Continuity: hai mai pensato alle conseguenze di uno stop improvviso alla tua operativit\u00e0 aziendale? Non farti trovare impreparato","robots":{"index":"index","follow":"follow","max-snippet":"max-snippet:-1","max-image-preview":"max-image-preview:large","max-video-preview":"max-video-preview:-1"},"canonical":"https:\/\/www.intesys.it\/journal\/digital-transformation\/business-continuity-cosa-succede-se-la-tua-azienda-si-ferma-24-ore\/","og_locale":"it_IT","og_type":"article","og_title":"Business Continuity: cosa succede se la tua azienda si ferma per 24 ore?","og_description":"Data Protection e Business Continuity: hai mai pensato alle conseguenze di uno stop improvviso alla tua operativit\u00e0 aziendale? Non farti trovare impreparato","og_url":"https:\/\/www.intesys.it\/journal\/digital-transformation\/business-continuity-cosa-succede-se-la-tua-azienda-si-ferma-24-ore\/","og_site_name":"Intesys Journal","article_published_time":"2019-08-01T09:52:18+00:00","article_modified_time":"2022-06-06T13:50:59+00:00","og_image":[{"width":1280,"height":960,"url":"https:\/\/www.intesys.it\/journal\/wp-content\/uploads\/sites\/13\/2019\/07\/business-continuity-attivita.png","type":"image\/png"}],"author":"Massimo Recchia","twitter_card":"summary_large_image","twitter_misc":{"Scritto da":"Massimo Recchia","Tempo di lettura stimato":"5 minuti"},"schema":{"@context":"https:\/\/schema.org","@graph":[{"@type":"WebPage","@id":"https:\/\/www.intesys.it\/journal\/digital-transformation\/business-continuity-cosa-succede-se-la-tua-azienda-si-ferma-24-ore\/","url":"https:\/\/www.intesys.it\/journal\/digital-transformation\/business-continuity-cosa-succede-se-la-tua-azienda-si-ferma-24-ore\/","name":"Business Continuity: cosa succede se la tua azienda si ferma per 24 ore?","isPartOf":{"@id":"https:\/\/www.intesys.it\/journal\/#website"},"primaryImageOfPage":{"@id":"https:\/\/www.intesys.it\/journal\/digital-transformation\/business-continuity-cosa-succede-se-la-tua-azienda-si-ferma-24-ore\/#primaryimage"},"image":{"@id":"https:\/\/www.intesys.it\/journal\/digital-transformation\/business-continuity-cosa-succede-se-la-tua-azienda-si-ferma-24-ore\/#primaryimage"},"thumbnailUrl":"https:\/\/www.intesys.it\/journal\/wp-content\/uploads\/sites\/13\/2019\/07\/business-continuity-attivita.png","datePublished":"2019-08-01T09:52:18+00:00","dateModified":"2022-06-06T13:50:59+00:00","author":{"@id":"https:\/\/www.intesys.it\/journal\/#\/schema\/person\/c45a778b1788b5ec14f8de2108976f1a"},"description":"Data Protection e Business Continuity: hai mai pensato alle conseguenze di uno stop improvviso alla tua operativit\u00e0 aziendale? Non farti trovare impreparato","breadcrumb":{"@id":"https:\/\/www.intesys.it\/journal\/digital-transformation\/business-continuity-cosa-succede-se-la-tua-azienda-si-ferma-24-ore\/#breadcrumb"},"inLanguage":"it-IT","potentialAction":[{"@type":"ReadAction","target":["https:\/\/www.intesys.it\/journal\/digital-transformation\/business-continuity-cosa-succede-se-la-tua-azienda-si-ferma-24-ore\/"]}]},{"@type":"ImageObject","inLanguage":"it-IT","@id":"https:\/\/www.intesys.it\/journal\/digital-transformation\/business-continuity-cosa-succede-se-la-tua-azienda-si-ferma-24-ore\/#primaryimage","url":"https:\/\/www.intesys.it\/journal\/wp-content\/uploads\/sites\/13\/2019\/07\/business-continuity-attivita.png","contentUrl":"https:\/\/www.intesys.it\/journal\/wp-content\/uploads\/sites\/13\/2019\/07\/business-continuity-attivita.png","width":1280,"height":960},{"@type":"BreadcrumbList","@id":"https:\/\/www.intesys.it\/journal\/digital-transformation\/business-continuity-cosa-succede-se-la-tua-azienda-si-ferma-24-ore\/#breadcrumb","itemListElement":[{"@type":"ListItem","position":1,"name":"Home","item":"https:\/\/www.intesys.it\/journal\/"},{"@type":"ListItem","position":2,"name":"Business Continuity: cosa succede se la tua azienda si ferma per 24 ore?"}]},{"@type":"WebSite","@id":"https:\/\/www.intesys.it\/journal\/#website","url":"https:\/\/www.intesys.it\/journal\/","name":"Intesys","description":"Ogni settimana nuovi articoli dedicati al mondo della trasformazione digitale!","potentialAction":[{"@type":"SearchAction","target":{"@type":"EntryPoint","urlTemplate":"https:\/\/www.intesys.it\/journal\/?s={search_term_string}"},"query-input":{"@type":"PropertyValueSpecification","valueRequired":true,"valueName":"search_term_string"}}],"inLanguage":"it-IT"},{"@type":"Person","@id":"https:\/\/www.intesys.it\/journal\/#\/schema\/person\/c45a778b1788b5ec14f8de2108976f1a","name":"Massimo Recchia","image":{"@type":"ImageObject","inLanguage":"it-IT","@id":"https:\/\/www.intesys.it\/journal\/#\/schema\/person\/image\/","url":"https:\/\/secure.gravatar.com\/avatar\/3feef0fe5efe5ed954e763c4327ddc713266bb471a25bf6d76a545d758f9e617?s=96&d=mm&r=g","contentUrl":"https:\/\/secure.gravatar.com\/avatar\/3feef0fe5efe5ed954e763c4327ddc713266bb471a25bf6d76a545d758f9e617?s=96&d=mm&r=g","caption":"Massimo Recchia"},"description":"Massimo era Cloud Solution Architect in Intesys","url":"https:\/\/www.intesys.it\/journal\/autore\/massimo-recchia\/"}]}},"_links":{"self":[{"href":"https:\/\/www.intesys.it\/journal\/wp-json\/wp\/v2\/posts\/6316","targetHints":{"allow":["GET"]}}],"collection":[{"href":"https:\/\/www.intesys.it\/journal\/wp-json\/wp\/v2\/posts"}],"about":[{"href":"https:\/\/www.intesys.it\/journal\/wp-json\/wp\/v2\/types\/post"}],"author":[{"embeddable":true,"href":"https:\/\/www.intesys.it\/journal\/wp-json\/wp\/v2\/users\/57"}],"replies":[{"embeddable":true,"href":"https:\/\/www.intesys.it\/journal\/wp-json\/wp\/v2\/comments?post=6316"}],"version-history":[{"count":2,"href":"https:\/\/www.intesys.it\/journal\/wp-json\/wp\/v2\/posts\/6316\/revisions"}],"predecessor-version":[{"id":10922,"href":"https:\/\/www.intesys.it\/journal\/wp-json\/wp\/v2\/posts\/6316\/revisions\/10922"}],"wp:featuredmedia":[{"embeddable":true,"href":"https:\/\/www.intesys.it\/journal\/wp-json\/wp\/v2\/media\/6358"}],"wp:attachment":[{"href":"https:\/\/www.intesys.it\/journal\/wp-json\/wp\/v2\/media?parent=6316"}],"wp:term":[{"taxonomy":"category","embeddable":true,"href":"https:\/\/www.intesys.it\/journal\/wp-json\/wp\/v2\/categories?post=6316"},{"taxonomy":"post_tag","embeddable":true,"href":"https:\/\/www.intesys.it\/journal\/wp-json\/wp\/v2\/tags?post=6316"}],"curies":[{"name":"wp","href":"https:\/\/api.w.org\/{rel}","templated":true}]}}