{"id":9287,"date":"2021-07-29T11:36:33","date_gmt":"2021-07-29T09:36:33","guid":{"rendered":"https:\/\/www.intesys.it\/journal\/?p=9287"},"modified":"2021-07-29T11:36:33","modified_gmt":"2021-07-29T09:36:33","slug":"coinvolgere-l-it-con-la-co-progettazione-la-chiave-per-un-progetto-digitale-di-successo","status":"publish","type":"post","link":"https:\/\/www.intesys.it\/journal\/design\/coinvolgere-l-it-con-la-co-progettazione-la-chiave-per-un-progetto-digitale-di-successo\/","title":{"rendered":"Coinvolgere l\u2019IT con la co-progettazione: la chiave per un progetto digitale di successo"},"content":{"rendered":"<p><div id='wpig-contents' class='wpig-contents wpig-number-list wpig-no-hierarachy wpig-sidebar-widget wpig-style-1'><span class='wpig-headline'>Indice dei contenuti<\/span><!-- Table of Contents --><div id='wpig-table-of-content' class='wpig-table-of-content' ><ol><li class='stoc-perche-e-fondamentale-coinvolgere-attivamente-i-ruoli-it'><a href='#stoc-perche-e-fondamentale-coinvolgere-attivamente-i-ruoli-it'>Perch\u00e9 \u00e8 fondamentale coinvolgere attivamente i ruoli IT?<\/a><\/li><li class='stoc-coinvolgere-lit-nella-co-progettazione-da-esecutore-a-problem-solver'><a href='#stoc-coinvolgere-lit-nella-co-progettazione-da-esecutore-a-problem-solver'>Coinvolgere l\u2019IT nella co-progettazione: da esecutore a problem solver<\/a><\/li><li class='stoc-avviare-un-progetto-digitale-partendo-da-un-workshop-di-co-design'><a href='#stoc-avviare-un-progetto-digitale-partendo-da-un-workshop-di-co-design'>Avviare un progetto digitale partendo da un workshop di co-design<\/a><\/li><\/ol><\/div><!-- END OF Table of Contents --><\/div><\/p>\n<p>Le modalit\u00e0 di sviluppo di un <strong>progetto digitale<\/strong> sono evolute nel corso del tempo, alla ricerca di approcci sempre pi\u00f9 efficaci. Negli ultimi anni \u00e8 maturata la consapevolezza che la <strong>funzione IT<\/strong> non pu\u00f2 essere limitata al mero ruolo di esecutore, ma deve invece essere coinvolta attivamente in un processo di <strong>co-progettazione<\/strong> per ottimizzare le risorse investite e soddisfare le esigenze di business nel lungo periodo. Scopriamo come l\u2019IT pu\u00f2 diventare un contributor chiave nel supportare la realizzazione di un progetto digitale innovativo ed efficace.<\/p>\n\n\n\n<h2 class=\"wp-block-heading\" class=\"wp-block-heading\" id=\"stoc-perche-e-fondamentale-coinvolgere-attivamente-i-ruoli-it\" class=\"wpig-heading\">Perch\u00e9 \u00e8 fondamentale coinvolgere attivamente i ruoli IT?<\/h2>\n\n\n\n<p>Anche se ormai ci sembrano molto lontani i tempi in cui all\u2019IT veniva demandato il ruolo di mero esecutore di una serie di requisiti funzionali, non \u00e8 raro incontrare ancora oggi aziende che preferiscono bypassare alcuni passaggi strategici nella <strong>progettazione di una nuova soluzione digitale<\/strong>, pensando erroneamente di velocizzare il processo. Ebbene s\u00ec, perch\u00e9 ci\u00f2 che accade solitamente in questi casi \u00e8 tutto il contrario.<\/p>\n\n\n\n<p>Soluzioni iper-tecniche e poco usabili, che non soddisfano le esigenze degli stakeholder o degli utenti finali, sono il risultato di un processo in cui non vengono prese in considerazione le necessit\u00e0 di tutti gli attori coinvolti in un progetto digitale.<\/p>\n\n\n\n<p>Con la forte ondata di digitalizzazione che sta investendo oggi le aziende di qualsiasi settore, avviare la progettazione di una nuova soluzione software senza coinvolgere attivamente IT e design pu\u00f2 esporre a <strong>molteplici rischi<\/strong>, quali:<\/p>\n\n\n\n<ul class=\"wp-block-list\"><li><strong>Investimenti sbagliati<\/strong>, realizzando soluzioni che poi non vengono utilizzate;<\/li><li><strong>Processi non ottimizzati<\/strong> perch\u00e9 non capaci di supportare effettivamente il lavoro;<\/li><li><strong>Nessun beneficio reale<\/strong> per l\u2019experience dell\u2019utente finale;<\/li><li><strong>Penalizzazione del business e dell\u2019appeal<\/strong> sul mercato, rispetto a competitor che investono su una user experience differenziante;<\/li><li><strong>Spreco di risorse<\/strong>, spesso gi\u00e0 molto limitate.<\/li><\/ul>\n\n\n\n<p>Quando arriva il momento di scegliere un fornitore per realizzare un progetto digitale, \u00e8 importante valutare la sua predisposizione a non fermarsi alla sola esecuzione di una richiesta, ma piuttosto a <strong>capire i bisogni e gli obiettivi di business dell\u2019azienda per disegnare e progettare insieme una soluzione tecnologica di successo<\/strong>. Teniamo presente anche che i progetti digitali possono avere tempi di realizzazione molto lunghi: iniziare mettendo tutte le funzioni aziendali e gli stakeholder coinvolti allo stesso tavolo e trovare un accordo prima dell\u2019implementazione tecnica \u00e8 cruciale per risparmiare tempo.<\/p>\n\n\n\n<blockquote class=\"wp-block-quote is-layout-flow wp-block-quote-is-layout-flow\"><p><span class=\"TextRun SCXW144836542 BCX0\" lang=\"IT-IT\" xml:lang=\"IT-IT\" data-contrast=\"auto\"><span class=\"NormalTextRun SCXW144836542 BCX0\">\u201c<\/span><\/span>Se avessi solamente un\u2019ora per salvare il mondo, passerei 55 minuti a definire bene il problema e 5 a trovare la soluzione.<span class=\"TextRun SCXW203778328 BCX0\" lang=\"IT-IT\" xml:lang=\"IT-IT\" data-contrast=\"auto\"><span class=\"NormalTextRun SCXW203778328 BCX0\">\u201d <strong><em>\u2013 <\/em><\/strong><em><span class=\"TextRun SCXW95278965 BCX0\" lang=\"IT-IT\" xml:lang=\"IT-IT\" data-contrast=\"none\"><span class=\"NormalTextRun SCXW95278965 BCX0\" data-ccp-parastyle=\"heading 4\">Albert Einstein<\/span><\/span><\/em><\/span><\/span><\/p><\/blockquote>\n\n\n\n<h2 class=\"wp-block-heading\" class=\"wp-block-heading\" id=\"stoc-coinvolgere-lit-nella-co-progettazione-da-esecutore-a-problem-solver\" class=\"wpig-heading\">Coinvolgere l\u2019IT nella co-progettazione: da esecutore a problem solver<\/h2>\n\n\n\n<p><strong>I progetti IT coinvolgono sempre pi\u00f9 spesso le esigenze di un\u2019azienda a 360\u00b0<\/strong>: dal business all\u2019amministrazione aziendale, dal marketing fino al dipartimento acquisti (seppur con pesi diversi). Le nuove soluzioni digitali devono essere sempre pi\u00f9 personalizzate in base alle esigenze della realt\u00e0 in cui vengono inserite, alla sua struttura e al suo mercato di riferimento.<\/p>\n\n\n\n<p>A tale scopo, la <a href=\"https:\/\/www.intesys.it\/journal\/design\/perche-fare-un-co-desing-workshop\/\">co-progettazione<\/a> viene riconosciuta come uno strumento indispensabile per <strong>rispondere in modo efficace a queste esigenze<\/strong>, che altrimenti sorgerebbero in corso, dando vita a molteplici adattamenti che potrebbero compromettere la validit\u00e0 di un progetto.<\/p>\n\n\n\n<p>Oltre a facilitare il dialogo ed evidenziare nuove opportunit\u00e0, la co-progettazione permette di:<\/p>\n\n\n\n<ul class=\"wp-block-list\"><li><strong>creare nuove funzionalit\u00e0<\/strong>, capaci di risolvere le criticit\u00e0 attuali e orientate alle esigenze degli utenti;<\/li><li>valutare preventivamente con l\u2019IT la <strong>fattibilit\u00e0 tecnica di una soluzione<\/strong>, senza incorrere in grosse complicazioni tecniche;<\/li><li>comprendere le diverse <strong>esigenze e peculiarit\u00e0<\/strong> all\u2019interno dell\u2019azienda;<\/li><li><strong>creare una visione unica<\/strong> grazie alla facilitazione del dialogo tra le diverse funzioni aziendali, che altrimenti non avverrebbe;<\/li><li><strong>identificare le priorit\u00e0 e una roadmap di progetto<\/strong>.<\/li><\/ul>\n\n\n\n<p>Questo si traduce in un <strong>risparmio di tempo<\/strong> non indifferente, perch\u00e9 il coinvolgimento dell\u2019IT nella co-progettazione consente di indentificare le aree su cui investire, anzich\u00e9 accumulare rework e aprire numerose commesse con tempi di sviluppo e time to market spesso molto lunghi.<\/p>\n\n\n\n<blockquote class=\"wp-block-quote is-layout-flow wp-block-quote-is-layout-flow\"><p>L\u2019IT coinvolto nella co-progettazione passa da esecutore a problem solver per l\u2019azienda, predisponendo tecnologie flessibili ed evolvibili.<\/p><\/blockquote>\n\n\n\n<h2 class=\"wp-block-heading\" class=\"wp-block-heading\" id=\"stoc-avviare-un-progetto-digitale-partendo-da-un-workshop-di-co-design\" class=\"wpig-heading\">Avviare un progetto digitale partendo da un workshop di co-design<\/h2>\n\n\n\n<p>Per rendere la progettazione collaborativa il punto di partenza di un progetto digitale occorre essere disposti a mettersi in gioco con nuove tecniche, nuovi metodi di lavoro e soprattutto con un <a href=\"https:\/\/www.intesys.it\/journal\/design\/workshop-di-design-thinking-5-consigli-utili\/\">cambio di mentalit\u00e0<\/a>.<\/p>\n\n\n\n<p>Nella pratica il processo si concretizza in un <a href=\"https:\/\/www.intesys.it\/co-design-workshop\/\" target=\"_blank\" rel=\"noopener\">workshop di co-design<\/a>, che pu\u00f2 prevedere diverse sessioni, ciascuna con un obiettivo specifico e tempistiche ben ritmate da un facilitatore, che guida strategicamente i partecipanti favorendo il loro contributo e il loro coinvolgimento.<\/p>\n\n\n\n<p>Il processo parte dalla definizione dei problemi e arriva a progettare un nuovo prodotto o servizio passando dall\u2019analisi del contesto, dall\u2019ascolto degli stakeholder fino ad arrivare all\u2019<strong>ideazione e alla prototipazione di una soluzione<\/strong>. In tutto questo, il classico modello di progettazione top-down viene ribaltato a favore di una maggiore <strong>focalizzazione sulle esigenze delle persone e sugli obiettivi di business<\/strong>, la cui soddisfazione porter\u00e0 ad un naturale sviluppo del progetto.<\/p>\n\n\n\n<p class=\"has-text-align-center\"><strong>Parti dal co-design per far decollare i tuoi progetti di trasformazione digitale<\/strong><\/p>\n\n\n\n<p><a href=\"https:\/\/www.intesys.it\/co-design-workshop\/\" target=\"_blank\" rel=\"noopener\"><img loading=\"lazy\" decoding=\"async\" class=\"aligncenter wp-image-9625 size-medium\" src=\"https:\/\/www.intesys.it\/journal\/wp-content\/uploads\/sites\/13\/2022\/02\/Prenota-workshop-co-design-600x300.png\" alt=\"\" width=\"600\" height=\"300\" \/><\/a><\/p>\n\n\n\n<p class=\"has-text-align-center\"><\/p>\n","protected":false},"excerpt":{"rendered":"<p>Le modalit\u00e0 di sviluppo di un progetto digitale sono evolute nel corso del tempo, alla&#8230;<\/p>\n","protected":false},"author":82,"featured_media":9291,"comment_status":"closed","ping_status":"closed","sticky":false,"template":"","format":"standard","meta":{"_acf_changed":false,"inline_featured_image":false,"footnotes":""},"categories":[24],"tags":[144,145],"class_list":{"0":"post-9287","1":"post","2":"type-post","3":"status-publish","4":"format-standard","5":"has-post-thumbnail","7":"category-design","8":"tag-co-design","9":"tag-co-design-workshop"},"acf":[],"yoast_head":"<!-- This site is optimized with the Yoast SEO plugin v25.8 - https:\/\/yoast.com\/wordpress\/plugins\/seo\/ -->\n<title>Coinvolgere l\u2019IT con la co-progettazione: la chiave per un progetto digitale di successo<\/title>\n<meta name=\"description\" content=\"L&#039;IT \u00e8 uno contributor fondamentale per realizzare un progetto digitale innovativo ed efficace: ecco perch\u00e9 coinvolgerlo con il co-design.\" \/>\n<meta name=\"robots\" content=\"index, follow, max-snippet:-1, max-image-preview:large, max-video-preview:-1\" \/>\n<link rel=\"canonical\" href=\"https:\/\/www.intesys.it\/journal\/design\/coinvolgere-l-it-con-la-co-progettazione-la-chiave-per-un-progetto-digitale-di-successo\/\" \/>\n<meta property=\"og:locale\" content=\"it_IT\" \/>\n<meta property=\"og:type\" content=\"article\" \/>\n<meta property=\"og:title\" content=\"Coinvolgere l\u2019IT con la co-progettazione: la chiave per un progetto digitale di successo\" \/>\n<meta property=\"og:description\" content=\"L&#039;IT \u00e8 uno contributor fondamentale per realizzare un progetto digitale innovativo ed efficace: ecco perch\u00e9 coinvolgerlo con il co-design.\" \/>\n<meta property=\"og:url\" content=\"https:\/\/www.intesys.it\/journal\/design\/coinvolgere-l-it-con-la-co-progettazione-la-chiave-per-un-progetto-digitale-di-successo\/\" \/>\n<meta property=\"og:site_name\" content=\"Intesys Journal\" \/>\n<meta property=\"article:published_time\" content=\"2021-07-29T09:36:33+00:00\" \/>\n<meta property=\"og:image\" content=\"https:\/\/www.intesys.it\/journal\/wp-content\/uploads\/sites\/13\/2021\/07\/IT-co-progettazione_journal.png\" \/>\n\t<meta property=\"og:image:width\" content=\"1280\" \/>\n\t<meta property=\"og:image:height\" content=\"960\" \/>\n\t<meta property=\"og:image:type\" content=\"image\/png\" \/>\n<meta name=\"author\" content=\"Alessandro Falezza\" \/>\n<meta name=\"twitter:card\" content=\"summary_large_image\" \/>\n<meta name=\"twitter:label1\" content=\"Scritto da\" \/>\n\t<meta name=\"twitter:data1\" content=\"Alessandro Falezza\" \/>\n\t<meta name=\"twitter:label2\" content=\"Tempo di lettura stimato\" \/>\n\t<meta name=\"twitter:data2\" content=\"4 minuti\" \/>\n<script type=\"application\/ld+json\" class=\"yoast-schema-graph\">{\"@context\":\"https:\/\/schema.org\",\"@graph\":[{\"@type\":\"WebPage\",\"@id\":\"https:\/\/www.intesys.it\/journal\/design\/coinvolgere-l-it-con-la-co-progettazione-la-chiave-per-un-progetto-digitale-di-successo\/\",\"url\":\"https:\/\/www.intesys.it\/journal\/design\/coinvolgere-l-it-con-la-co-progettazione-la-chiave-per-un-progetto-digitale-di-successo\/\",\"name\":\"Coinvolgere l\u2019IT con la co-progettazione: la chiave per un progetto digitale di successo\",\"isPartOf\":{\"@id\":\"https:\/\/www.intesys.it\/journal\/#website\"},\"primaryImageOfPage\":{\"@id\":\"https:\/\/www.intesys.it\/journal\/design\/coinvolgere-l-it-con-la-co-progettazione-la-chiave-per-un-progetto-digitale-di-successo\/#primaryimage\"},\"image\":{\"@id\":\"https:\/\/www.intesys.it\/journal\/design\/coinvolgere-l-it-con-la-co-progettazione-la-chiave-per-un-progetto-digitale-di-successo\/#primaryimage\"},\"thumbnailUrl\":\"https:\/\/www.intesys.it\/journal\/wp-content\/uploads\/sites\/13\/2021\/07\/IT-co-progettazione_journal.png\",\"datePublished\":\"2021-07-29T09:36:33+00:00\",\"author\":{\"@id\":\"https:\/\/www.intesys.it\/journal\/#\/schema\/person\/a0c02a5dad474b9b5d000e75da8eff44\"},\"description\":\"L'IT \u00e8 uno contributor fondamentale per realizzare un progetto digitale innovativo ed efficace: ecco perch\u00e9 coinvolgerlo con il co-design.\",\"breadcrumb\":{\"@id\":\"https:\/\/www.intesys.it\/journal\/design\/coinvolgere-l-it-con-la-co-progettazione-la-chiave-per-un-progetto-digitale-di-successo\/#breadcrumb\"},\"inLanguage\":\"it-IT\",\"potentialAction\":[{\"@type\":\"ReadAction\",\"target\":[\"https:\/\/www.intesys.it\/journal\/design\/coinvolgere-l-it-con-la-co-progettazione-la-chiave-per-un-progetto-digitale-di-successo\/\"]}]},{\"@type\":\"ImageObject\",\"inLanguage\":\"it-IT\",\"@id\":\"https:\/\/www.intesys.it\/journal\/design\/coinvolgere-l-it-con-la-co-progettazione-la-chiave-per-un-progetto-digitale-di-successo\/#primaryimage\",\"url\":\"https:\/\/www.intesys.it\/journal\/wp-content\/uploads\/sites\/13\/2021\/07\/IT-co-progettazione_journal.png\",\"contentUrl\":\"https:\/\/www.intesys.it\/journal\/wp-content\/uploads\/sites\/13\/2021\/07\/IT-co-progettazione_journal.png\",\"width\":1280,\"height\":960},{\"@type\":\"BreadcrumbList\",\"@id\":\"https:\/\/www.intesys.it\/journal\/design\/coinvolgere-l-it-con-la-co-progettazione-la-chiave-per-un-progetto-digitale-di-successo\/#breadcrumb\",\"itemListElement\":[{\"@type\":\"ListItem\",\"position\":1,\"name\":\"Home\",\"item\":\"https:\/\/www.intesys.it\/journal\/\"},{\"@type\":\"ListItem\",\"position\":2,\"name\":\"Coinvolgere l\u2019IT con la co-progettazione: la chiave per un progetto digitale di successo\"}]},{\"@type\":\"WebSite\",\"@id\":\"https:\/\/www.intesys.it\/journal\/#website\",\"url\":\"https:\/\/www.intesys.it\/journal\/\",\"name\":\"Intesys\",\"description\":\"Ogni settimana nuovi articoli dedicati al mondo della trasformazione digitale!\",\"potentialAction\":[{\"@type\":\"SearchAction\",\"target\":{\"@type\":\"EntryPoint\",\"urlTemplate\":\"https:\/\/www.intesys.it\/journal\/?s={search_term_string}\"},\"query-input\":{\"@type\":\"PropertyValueSpecification\",\"valueRequired\":true,\"valueName\":\"search_term_string\"}}],\"inLanguage\":\"it-IT\"},{\"@type\":\"Person\",\"@id\":\"https:\/\/www.intesys.it\/journal\/#\/schema\/person\/a0c02a5dad474b9b5d000e75da8eff44\",\"name\":\"Alessandro Falezza\",\"image\":{\"@type\":\"ImageObject\",\"inLanguage\":\"it-IT\",\"@id\":\"https:\/\/www.intesys.it\/journal\/#\/schema\/person\/image\/\",\"url\":\"https:\/\/secure.gravatar.com\/avatar\/a27ac933a8cdcf14efe8205f7b8fd84f6f8592ee647dc9b8626ed0375363a8dd?s=96&d=mm&r=g\",\"contentUrl\":\"https:\/\/secure.gravatar.com\/avatar\/a27ac933a8cdcf14efe8205f7b8fd84f6f8592ee647dc9b8626ed0375363a8dd?s=96&d=mm&r=g\",\"caption\":\"Alessandro Falezza\"},\"description\":\"Web developer dal 2001, Alessandro fa parte del team Intesys dedicando la sua esperienza lavorativa al web design inteso nella sua accezione pi\u00f9 larga: non solo come UI designer e frontend developer, ma anche come full stack Software Architect.\",\"url\":\"https:\/\/www.intesys.it\/journal\/autore\/alessandro-falezza\/\"}]}<\/script>\n<!-- \/ Yoast SEO plugin. -->","yoast_head_json":{"title":"Coinvolgere l\u2019IT con la co-progettazione: la chiave per un progetto digitale di successo","description":"L'IT \u00e8 uno contributor fondamentale per realizzare un progetto digitale innovativo ed efficace: ecco perch\u00e9 coinvolgerlo con il co-design.","robots":{"index":"index","follow":"follow","max-snippet":"max-snippet:-1","max-image-preview":"max-image-preview:large","max-video-preview":"max-video-preview:-1"},"canonical":"https:\/\/www.intesys.it\/journal\/design\/coinvolgere-l-it-con-la-co-progettazione-la-chiave-per-un-progetto-digitale-di-successo\/","og_locale":"it_IT","og_type":"article","og_title":"Coinvolgere l\u2019IT con la co-progettazione: la chiave per un progetto digitale di successo","og_description":"L'IT \u00e8 uno contributor fondamentale per realizzare un progetto digitale innovativo ed efficace: ecco perch\u00e9 coinvolgerlo con il co-design.","og_url":"https:\/\/www.intesys.it\/journal\/design\/coinvolgere-l-it-con-la-co-progettazione-la-chiave-per-un-progetto-digitale-di-successo\/","og_site_name":"Intesys Journal","article_published_time":"2021-07-29T09:36:33+00:00","og_image":[{"width":1280,"height":960,"url":"https:\/\/www.intesys.it\/journal\/wp-content\/uploads\/sites\/13\/2021\/07\/IT-co-progettazione_journal.png","type":"image\/png"}],"author":"Alessandro Falezza","twitter_card":"summary_large_image","twitter_misc":{"Scritto da":"Alessandro Falezza","Tempo di lettura stimato":"4 minuti"},"schema":{"@context":"https:\/\/schema.org","@graph":[{"@type":"WebPage","@id":"https:\/\/www.intesys.it\/journal\/design\/coinvolgere-l-it-con-la-co-progettazione-la-chiave-per-un-progetto-digitale-di-successo\/","url":"https:\/\/www.intesys.it\/journal\/design\/coinvolgere-l-it-con-la-co-progettazione-la-chiave-per-un-progetto-digitale-di-successo\/","name":"Coinvolgere l\u2019IT con la co-progettazione: la chiave per un progetto digitale di successo","isPartOf":{"@id":"https:\/\/www.intesys.it\/journal\/#website"},"primaryImageOfPage":{"@id":"https:\/\/www.intesys.it\/journal\/design\/coinvolgere-l-it-con-la-co-progettazione-la-chiave-per-un-progetto-digitale-di-successo\/#primaryimage"},"image":{"@id":"https:\/\/www.intesys.it\/journal\/design\/coinvolgere-l-it-con-la-co-progettazione-la-chiave-per-un-progetto-digitale-di-successo\/#primaryimage"},"thumbnailUrl":"https:\/\/www.intesys.it\/journal\/wp-content\/uploads\/sites\/13\/2021\/07\/IT-co-progettazione_journal.png","datePublished":"2021-07-29T09:36:33+00:00","author":{"@id":"https:\/\/www.intesys.it\/journal\/#\/schema\/person\/a0c02a5dad474b9b5d000e75da8eff44"},"description":"L'IT \u00e8 uno contributor fondamentale per realizzare un progetto digitale innovativo ed efficace: ecco perch\u00e9 coinvolgerlo con il co-design.","breadcrumb":{"@id":"https:\/\/www.intesys.it\/journal\/design\/coinvolgere-l-it-con-la-co-progettazione-la-chiave-per-un-progetto-digitale-di-successo\/#breadcrumb"},"inLanguage":"it-IT","potentialAction":[{"@type":"ReadAction","target":["https:\/\/www.intesys.it\/journal\/design\/coinvolgere-l-it-con-la-co-progettazione-la-chiave-per-un-progetto-digitale-di-successo\/"]}]},{"@type":"ImageObject","inLanguage":"it-IT","@id":"https:\/\/www.intesys.it\/journal\/design\/coinvolgere-l-it-con-la-co-progettazione-la-chiave-per-un-progetto-digitale-di-successo\/#primaryimage","url":"https:\/\/www.intesys.it\/journal\/wp-content\/uploads\/sites\/13\/2021\/07\/IT-co-progettazione_journal.png","contentUrl":"https:\/\/www.intesys.it\/journal\/wp-content\/uploads\/sites\/13\/2021\/07\/IT-co-progettazione_journal.png","width":1280,"height":960},{"@type":"BreadcrumbList","@id":"https:\/\/www.intesys.it\/journal\/design\/coinvolgere-l-it-con-la-co-progettazione-la-chiave-per-un-progetto-digitale-di-successo\/#breadcrumb","itemListElement":[{"@type":"ListItem","position":1,"name":"Home","item":"https:\/\/www.intesys.it\/journal\/"},{"@type":"ListItem","position":2,"name":"Coinvolgere l\u2019IT con la co-progettazione: la chiave per un progetto digitale di successo"}]},{"@type":"WebSite","@id":"https:\/\/www.intesys.it\/journal\/#website","url":"https:\/\/www.intesys.it\/journal\/","name":"Intesys","description":"Ogni settimana nuovi articoli dedicati al mondo della trasformazione digitale!","potentialAction":[{"@type":"SearchAction","target":{"@type":"EntryPoint","urlTemplate":"https:\/\/www.intesys.it\/journal\/?s={search_term_string}"},"query-input":{"@type":"PropertyValueSpecification","valueRequired":true,"valueName":"search_term_string"}}],"inLanguage":"it-IT"},{"@type":"Person","@id":"https:\/\/www.intesys.it\/journal\/#\/schema\/person\/a0c02a5dad474b9b5d000e75da8eff44","name":"Alessandro Falezza","image":{"@type":"ImageObject","inLanguage":"it-IT","@id":"https:\/\/www.intesys.it\/journal\/#\/schema\/person\/image\/","url":"https:\/\/secure.gravatar.com\/avatar\/a27ac933a8cdcf14efe8205f7b8fd84f6f8592ee647dc9b8626ed0375363a8dd?s=96&d=mm&r=g","contentUrl":"https:\/\/secure.gravatar.com\/avatar\/a27ac933a8cdcf14efe8205f7b8fd84f6f8592ee647dc9b8626ed0375363a8dd?s=96&d=mm&r=g","caption":"Alessandro Falezza"},"description":"Web developer dal 2001, Alessandro fa parte del team Intesys dedicando la sua esperienza lavorativa al web design inteso nella sua accezione pi\u00f9 larga: non solo come UI designer e frontend developer, ma anche come full stack Software Architect.","url":"https:\/\/www.intesys.it\/journal\/autore\/alessandro-falezza\/"}]}},"_links":{"self":[{"href":"https:\/\/www.intesys.it\/journal\/wp-json\/wp\/v2\/posts\/9287","targetHints":{"allow":["GET"]}}],"collection":[{"href":"https:\/\/www.intesys.it\/journal\/wp-json\/wp\/v2\/posts"}],"about":[{"href":"https:\/\/www.intesys.it\/journal\/wp-json\/wp\/v2\/types\/post"}],"author":[{"embeddable":true,"href":"https:\/\/www.intesys.it\/journal\/wp-json\/wp\/v2\/users\/82"}],"replies":[{"embeddable":true,"href":"https:\/\/www.intesys.it\/journal\/wp-json\/wp\/v2\/comments?post=9287"}],"version-history":[{"count":0,"href":"https:\/\/www.intesys.it\/journal\/wp-json\/wp\/v2\/posts\/9287\/revisions"}],"wp:featuredmedia":[{"embeddable":true,"href":"https:\/\/www.intesys.it\/journal\/wp-json\/wp\/v2\/media\/9291"}],"wp:attachment":[{"href":"https:\/\/www.intesys.it\/journal\/wp-json\/wp\/v2\/media?parent=9287"}],"wp:term":[{"taxonomy":"category","embeddable":true,"href":"https:\/\/www.intesys.it\/journal\/wp-json\/wp\/v2\/categories?post=9287"},{"taxonomy":"post_tag","embeddable":true,"href":"https:\/\/www.intesys.it\/journal\/wp-json\/wp\/v2\/tags?post=9287"}],"curies":[{"name":"wp","href":"https:\/\/api.w.org\/{rel}","templated":true}]}}