{"id":9357,"date":"2021-09-09T10:52:27","date_gmt":"2021-09-09T08:52:27","guid":{"rendered":"https:\/\/www.intesys.it\/journal\/?p=9357"},"modified":"2024-04-16T09:36:22","modified_gmt":"2024-04-16T07:36:22","slug":"accelerare-la-trasformazione-digitale-partendo-da-fast-data","status":"publish","type":"post","link":"https:\/\/www.intesys.it\/journal\/information-technology\/accelerare-la-trasformazione-digitale-partendo-da-fast-data\/","title":{"rendered":"Accelerare la trasformazione digitale partendo da Fast Data"},"content":{"rendered":"<p><div id='wpig-contents' class='wpig-contents wpig-number-list wpig-no-hierarachy wpig-sidebar-widget wpig-style-1'><span class='wpig-headline'>Indice dei contenuti<\/span><!-- Table of Contents --><div id='wpig-table-of-content' class='wpig-table-of-content' ><ol><li class='stoc-la-crisi-pandemica-mette-il-cliente-al-centro'><a href='#stoc-la-crisi-pandemica-mette-il-cliente-al-centro'>La crisi pandemica mette il cliente al centro<\/a><\/li><li class='stoc-strumenti-e-tecnologia-per-innovare-i-servizi-digitali'><a href='#stoc-strumenti-e-tecnologia-per-innovare-i-servizi-digitali'>Strumenti e tecnologia per innovare i servizi digitali<\/a><\/li><li class='stoc-le-difficolta-di-evolvere-la-propria-architettura-digitale'><a href='#stoc-le-difficolta-di-evolvere-la-propria-architettura-digitale'>Le difficolt\u00e0 di evolvere la propria architettura digitale<\/a><\/li><li class='stoc-migrare-verso-unarchitettura-flessibile-partendo-da-fast-data'><a href='#stoc-migrare-verso-unarchitettura-flessibile-partendo-da-fast-data'>Migrare verso un\u2019architettura flessibile partendo da Fast Data<\/a><\/li><\/ol><\/div><!-- END OF Table of Contents --><\/div><\/p>[vc_row type=&#8221;in_container&#8221; full_screen_row_position=&#8221;middle&#8221; column_margin=&#8221;default&#8221; column_direction=&#8221;default&#8221; column_direction_tablet=&#8221;default&#8221; column_direction_phone=&#8221;default&#8221; scene_position=&#8221;center&#8221; text_color=&#8221;dark&#8221; text_align=&#8221;left&#8221; row_border_radius=&#8221;none&#8221; row_border_radius_applies=&#8221;bg&#8221; overflow=&#8221;visible&#8221; overlay_strength=&#8221;0.3&#8243; gradient_direction=&#8221;left_to_right&#8221; shape_divider_position=&#8221;bottom&#8221; bg_image_animation=&#8221;none&#8221;][vc_column column_padding=&#8221;no-extra-padding&#8221; column_padding_tablet=&#8221;inherit&#8221; column_padding_phone=&#8221;inherit&#8221; column_padding_position=&#8221;all&#8221; column_element_direction_desktop=&#8221;default&#8221; column_element_spacing=&#8221;default&#8221; desktop_text_alignment=&#8221;default&#8221; tablet_text_alignment=&#8221;default&#8221; phone_text_alignment=&#8221;default&#8221; background_color_opacity=&#8221;1&#8243; background_hover_color_opacity=&#8221;1&#8243; column_backdrop_filter=&#8221;none&#8221; column_shadow=&#8221;none&#8221; column_border_radius=&#8221;none&#8221; column_link_target=&#8221;_self&#8221; column_position=&#8221;default&#8221; gradient_direction=&#8221;left_to_right&#8221; overlay_strength=&#8221;0.3&#8243; width=&#8221;1\/1&#8243; tablet_width_inherit=&#8221;default&#8221; animation_type=&#8221;default&#8221; bg_image_animation=&#8221;none&#8221; border_type=&#8221;simple&#8221; column_border_width=&#8221;none&#8221; column_border_style=&#8221;solid&#8221;][vc_column_text]Gli effetti della <strong>crisi pandemica<\/strong> hanno spinto le aziende ad accelerare le iniziative di trasformazione digitale per adattarsi al cambiamento del mercato e ai <a href=\"https:\/\/www.intesys.it\/journal\/digital-transformation\/conosci-l-utente-moderno-crea-valore-reale-con-la-customer-experience\/\">nuovi comportamenti degli utenti<\/a>. La pandemia, infatti, ha generato un contesto sempre pi\u00f9 complesso, in cui alla crisi economica si aggiungono quella sanitaria e quella sociale: <strong>accelerare la digitalizzazione del business<\/strong> \u00e8 diventata non solo un\u2019opportunit\u00e0 per crescere, ma un\u2019esigenza per migliorare la capacit\u00e0 di resilienza delle aziende, che si \u00e8 scatenata con urgenza nel 2020 e continua a interessarci tutt\u2019ora.<\/p>\n<h2 id=\"stoc-la-crisi-pandemica-mette-il-cliente-al-centro\" class=\"wpig-heading\">La crisi pandemica mette il cliente al centro<\/h2>\n<p>La nuova ondata di digitalizzazione diventa cruciale per preservare il business nel contesto pandemico, ma anche in ottica di vantaggio strategico post-pandemia, dato che:<\/p>\n<ul>\n<li><strong>Le distanze sociali si sono allungate<\/strong>: la chiusura di tanti commerci al dettaglio e le forti limitazioni sui viaggi hanno reso pi\u00f9 difficile interagire con i clienti di persona, sia nel B2C che nel B2B;<\/li>\n<li><strong>I clienti vogliono poter essere autonomi<\/strong>: in assenza (o limitazione) di un\u2019interazione in presenza, le persone sono diventate pi\u00f9 brave a sfruttare gli strumenti digitali per accedere a prodotti e servizi, stimolando la crescita delle modalit\u00e0 self service;<\/li>\n<li><strong>Le architetture digitali devono evolvere<\/strong>: i <a href=\"https:\/\/www.intesys.it\/journal\/marketing-e-commerce\/cliente-al-centro-conosci-i-tuoi-utenti-tramite-il-customer-journey\/\">Customer Journey<\/a> devono essere strutturati creando un ambiente digitale sempre pi\u00f9 omnicanale e fluido, e le architetture IT dell\u2019azienda devono essere adatte a gestire i diversi canali di interazione.<\/li>\n<\/ul>\n<p>Di conseguenza, le priorit\u00e0 strategiche delle aziende hanno virato sempre di pi\u00f9 verso una <strong>direzione cliente-centrica e di servizio<\/strong>, lasciandosi alle spalle la focalizzazione sul prodotto: la necessit\u00e0 (e la difficolt\u00e0) di creare e alimentare le relazioni deve portare a mettere il cliente al centro dell\u2019innovazione dei processi e della tecnologia.<\/p>\n<p>\u00c8 ormai chiaro che quello che stiamo vivendo non \u00e8 un momento di crisi passeggera, bens\u00ec una fase di grande cambiamento dalla quale non si torner\u00e0 pi\u00f9 indietro: <strong>investire in processi di trasformazione digitale e in tecnologie<\/strong> che abilitino il cambiamento \u00e8 fondamentale per preservare la propria competitivit\u00e0 anche nel prossimo futuro.<\/p>\n<h2 id=\"stoc-strumenti-e-tecnologia-per-innovare-i-servizi-digitali\" class=\"wpig-heading\">Strumenti e tecnologia per innovare i servizi digitali<\/h2>\n<p>Dal 2020, lo sviluppo di prodotti e di servizi digitali ha subito una netta accelerazione per migliorare il <strong>customer engagement<\/strong> e supportare gli <strong>obiettivi di business<\/strong>: i dati permettono di conoscere sempre meglio le abitudini e le necessit\u00e0 dei propri utenti, su cui progettare ambienti digitali accoglienti che offrano un\u2019esperienza utente coinvolgente, compensando il gap lasciato tra brand e cliente dal distanziamento sociale.<\/p>\n<p>Secondo una <a href=\"https:\/\/www.agendadigitale.eu\/industry-4-0\/imprese-nella-pandemia-il-digitale-per-riconnettersi-con-i-consumatori-spunti-e-nuove-sfide\/\" target=\"_blank\" rel=\"noopener\">ricerca del 2021 effettuata dall\u2019universit\u00e0 di Padova e dalla Ca\u2019 Foscari di Venezia<\/a>, le aziende hanno accelerato il loro uso di tecnologia digitale sia sugli strumenti che gi\u00e0 avevano a disposizione, sia su quelli, come la videoconferenza, che prima della pandemia non erano molto usati.<\/p>\n<p>Ai servizi offerti dalle aziende oggi viene chiesto di essere <strong>disponibili su diversi canali (anche di terzi), 24\/7 e in ogni luogo<\/strong>: una sfida importante a livello di User Experience, che deve essere supportata da un\u2019adeguata infrastruttura tecnologica. Si apre in questo modo una finestra d\u2019opportunit\u00e0 per la crescita delle aziende per sfruttare a proprio vantaggio strumenti come:<\/p>\n<ul>\n<li>Siti web e social media;<\/li>\n<li><a href=\"https:\/\/www.intesys.it\/soluzioni\/area-clienti\/\" target=\"_blank\" rel=\"noopener\">Aree riservate<\/a>;<\/li>\n<li><a href=\"https:\/\/www.intesys.it\/soluzioni\/sviluppo-app-mobile\/\" target=\"_blank\" rel=\"noopener\">Applicazioni mobile<\/a>;<\/li>\n<li><a href=\"https:\/\/www.intesys.it\/soluzioni\/intranet-aziendale\/\" target=\"_blank\" rel=\"noopener\">Intranet aziendali<\/a>;<\/li>\n<li><a href=\"https:\/\/www.intesys.it\/soluzioni\/configuratore-di-prodotto-online\/\" target=\"_blank\" rel=\"noopener\">Configuratori online<\/a>;<\/li>\n<li><a href=\"https:\/\/www.intesys.it\/information-technology\/servizi-it\/custom-application-development\/\">Sistemi gestionali e di CRM<\/a>;<\/li>\n<li><a href=\"https:\/\/www.intesys.it\/soluzioni\/piattaforma-e-commerce-b2b2c-di-prodotto\/\" target=\"_blank\" rel=\"noopener\">E-commerce<\/a>;<\/li>\n<li><a href=\"https:\/\/www.inetworking.it\/quivideo\/\" target=\"_blank\" rel=\"noopener\">Videoconferenza<\/a>.<\/li>\n<\/ul>\n<h2 id=\"stoc-le-difficolta-di-evolvere-la-propria-architettura-digitale\" class=\"wpig-heading\">Le difficolt\u00e0 di evolvere la propria architettura digitale<\/h2>\n<p>Se la spinta alla digitalizzazione non \u00e8 di certo una novit\u00e0 per le aziende, nello scenario pandemico <strong>muta la velocit\u00e0 e il ritmo del cambiamento<\/strong>. La necessit\u00e0 di rinnovare la propria architettura digitale \u00e8 il punto di partenza per rispondere velocemente alle richieste del mercato e favorire:<\/p>\n<ul>\n<li>la <strong>creazione di un\u2019esperienza omnicanale<\/strong> fluida e senza frizioni;<\/li>\n<li>l\u2019<strong>innovazione di servizi digitali<\/strong> per avvicinarsi alle nuove abitudini degli utenti;<\/li>\n<li>l\u2019<strong>integrazione rapida dei propri sistemi IT<\/strong>;<\/li>\n<li>l\u2019<strong>integrazione con sistemi IT terzi<\/strong> per offrire servizi digitali a valore aggiunto;<\/li>\n<li>la <strong>creazione di modalit\u00e0 self-service<\/strong> per gestire attivit\u00e0 che prima erano tipicamente intermediate;<\/li>\n<li>la <strong>riduzione dei costi IT<\/strong>.<\/li>\n<\/ul>\n<p>Un percorso non privo di sfide, dato che per la maggior parte delle organizzazioni <strong>i <a href=\"https:\/\/www.intesys.it\/journal\/information-technology\/modernizzare-i-sistemi-legacy-verso-un-architettura-evolutiva\/\">sistemi legacy<\/a>, gli applicativi esistenti e i <a href=\"https:\/\/www.intesys.it\/journal\/information-technology\/superare-la-logica-a-silos-per-rispondere-al-cambiamento-del-business\/\">data silos<\/a> continuano a costituire un freno<\/strong> che rallenta le iniziative di trasformazione digitale a causa della difficolt\u00e0 d\u2019integrazione.<\/p>\n<p>I <strong>sistemi legacy<\/strong>, infatti, comportano diversi problemi a livello di manutenibilit\u00e0, scalabilit\u00e0, rischio di failover e difficolt\u00e0 di adozione delle moderne metodologie di sviluppo software (DevOps), risultando:<\/p>\n<ul>\n<li>Lenti ad evolvere;<\/li>\n<li>Difficili da aggiornare;<\/li>\n<li>Costosi da mantenere.<\/li>\n<\/ul>\n<h2 id=\"stoc-migrare-verso-unarchitettura-flessibile-partendo-da-fast-data\" class=\"wpig-heading\">Migrare verso un\u2019architettura flessibile partendo da Fast Data<\/h2>\n<p>Per favorire la crescita del business e l\u2019adattamento alle nuove abitudini degli utenti,<strong> gli sforzi dell\u2019IT devono tendere a favorire l\u2019integrazione<\/strong> con i propri sistemi e con quelli di terzi, migrando verso un\u2019architettura flessibile, basata su API e microservizi, capace di adattarsi velocemente al mercato.<\/p>\n<p>Il primo passo per evolvere in tal senso \u00e8 legato al <strong>disaccoppiamento dei dati tra i sistemi legacy e i canali di frontiera<\/strong>, per distribuire informazioni utili e sempre aggiornate in tempo reale. La <strong>soluzione Fast Data di <a href=\"https:\/\/www.intesys.it\/information-technology\/tecnologie-sviluppo-software\/mia-platform\/\">Mia-Platform<\/a><\/strong>, basata su<a href=\"https:\/\/www.intesys.it\/information-technology\/tecnologie-sviluppo-software\/apache-kafka\/\"> Kafka<\/a>, Mongo e<a href=\"https:\/\/www.intesys.it\/information-technology\/tecnologie-sviluppo-software\/kubernetes\/\"> Kubernetes<\/a>, si inserisce in questo contesto, prevenendo il <a href=\"https:\/\/www.intesys.it\/journal\/information-technology\/digital-integration-hub-un-nuovo-paradigma-architetturale-per-abilitare-loffloading-dei-sistemi-legacy\/\">sovraccarico dei legacy<\/a> attraverso la creazione di una copia di dati in near real time aggregati secondo le esigenze di business, che permette di:<\/p>\n<ul>\n<li><strong>Semplificare le integrazioni applicative<\/strong>;<\/li>\n<li><strong>Creare esperienze digitali nuove e avanzate<\/strong> per gli utenti.<\/li>\n<\/ul>\n<p>L\u2019adozione del Fast Data pu\u00f2 avvenire gradualmente, selezionando un\u2019esigenza di business, un sistema legacy e un singolo canale di frontiera: un approccio che ci permette di misurare effettivamente le performance del flusso dati rispetto ai sistemi esistenti (Enterprise Service Bus o API gateway).[\/vc_column_text][\/vc_column][\/vc_row]\n","protected":false},"excerpt":{"rendered":"<p>[vc_row type=&#8221;in_container&#8221; full_screen_row_position=&#8221;middle&#8221; column_margin=&#8221;default&#8221; column_direction=&#8221;default&#8221; column_direction_tablet=&#8221;default&#8221; column_direction_phone=&#8221;default&#8221; scene_position=&#8221;center&#8221; text_color=&#8221;dark&#8221; text_align=&#8221;left&#8221; row_border_radius=&#8221;none&#8221; row_border_radius_applies=&#8221;bg&#8221; overflow=&#8221;visible&#8221; overlay_strength=&#8221;0.3&#8243; gradient_direction=&#8221;left_to_right&#8221;&#8230;<\/p>\n","protected":false},"author":33,"featured_media":9363,"comment_status":"closed","ping_status":"closed","sticky":false,"template":"","format":"standard","meta":{"_acf_changed":false,"inline_featured_image":false,"footnotes":""},"categories":[27],"tags":[256,310,614,739],"class_list":{"0":"post-9357","1":"post","2":"type-post","3":"status-publish","4":"format-standard","5":"has-post-thumbnail","7":"category-information-technology","8":"tag-digital-transformation","9":"tag-fast-data","10":"tag-sistemi-legacy","11":"tag-system-integration"},"acf":[],"yoast_head":"<!-- This site is optimized with the Yoast SEO plugin v25.8 - https:\/\/yoast.com\/wordpress\/plugins\/seo\/ -->\n<title>Accelerare la trasformazione digitale partendo da Fast Data<\/title>\n<meta name=\"description\" content=\"La crisi pandemica ha cambiato le esigenze del mercato: le architetture digitali aziendali devono innovarsi, ecco come partendo da Fast Data.\" \/>\n<meta name=\"robots\" content=\"index, follow, max-snippet:-1, max-image-preview:large, max-video-preview:-1\" \/>\n<link rel=\"canonical\" href=\"https:\/\/www.intesys.it\/journal\/information-technology\/accelerare-la-trasformazione-digitale-partendo-da-fast-data\/\" \/>\n<meta property=\"og:locale\" content=\"it_IT\" \/>\n<meta property=\"og:type\" content=\"article\" \/>\n<meta property=\"og:title\" content=\"Accelerare la trasformazione digitale partendo da Fast Data\" \/>\n<meta property=\"og:description\" content=\"La crisi pandemica ha cambiato le esigenze del mercato: le architetture digitali aziendali devono innovarsi, ecco come partendo da Fast Data.\" \/>\n<meta property=\"og:url\" content=\"https:\/\/www.intesys.it\/journal\/information-technology\/accelerare-la-trasformazione-digitale-partendo-da-fast-data\/\" \/>\n<meta property=\"og:site_name\" content=\"Intesys Journal\" \/>\n<meta property=\"article:published_time\" content=\"2021-09-09T08:52:27+00:00\" \/>\n<meta property=\"article:modified_time\" content=\"2024-04-16T07:36:22+00:00\" \/>\n<meta property=\"og:image\" content=\"https:\/\/www.intesys.it\/journal\/wp-content\/uploads\/sites\/13\/2021\/09\/trasformazione-digitale-fast-data_journal.png\" \/>\n\t<meta property=\"og:image:width\" content=\"1280\" \/>\n\t<meta property=\"og:image:height\" content=\"960\" \/>\n\t<meta property=\"og:image:type\" content=\"image\/png\" \/>\n<meta name=\"author\" content=\"Paolo Quaglia\" \/>\n<meta name=\"twitter:card\" content=\"summary_large_image\" \/>\n<meta name=\"twitter:label1\" content=\"Scritto da\" \/>\n\t<meta name=\"twitter:data1\" content=\"Paolo Quaglia\" \/>\n\t<meta name=\"twitter:label2\" content=\"Tempo di lettura stimato\" \/>\n\t<meta name=\"twitter:data2\" content=\"6 minuti\" \/>\n<script type=\"application\/ld+json\" class=\"yoast-schema-graph\">{\"@context\":\"https:\/\/schema.org\",\"@graph\":[{\"@type\":\"WebPage\",\"@id\":\"https:\/\/www.intesys.it\/journal\/information-technology\/accelerare-la-trasformazione-digitale-partendo-da-fast-data\/\",\"url\":\"https:\/\/www.intesys.it\/journal\/information-technology\/accelerare-la-trasformazione-digitale-partendo-da-fast-data\/\",\"name\":\"Accelerare la trasformazione digitale partendo da Fast Data\",\"isPartOf\":{\"@id\":\"https:\/\/www.intesys.it\/journal\/#website\"},\"primaryImageOfPage\":{\"@id\":\"https:\/\/www.intesys.it\/journal\/information-technology\/accelerare-la-trasformazione-digitale-partendo-da-fast-data\/#primaryimage\"},\"image\":{\"@id\":\"https:\/\/www.intesys.it\/journal\/information-technology\/accelerare-la-trasformazione-digitale-partendo-da-fast-data\/#primaryimage\"},\"thumbnailUrl\":\"https:\/\/www.intesys.it\/journal\/wp-content\/uploads\/sites\/13\/2021\/09\/trasformazione-digitale-fast-data_journal.png\",\"datePublished\":\"2021-09-09T08:52:27+00:00\",\"dateModified\":\"2024-04-16T07:36:22+00:00\",\"author\":{\"@id\":\"https:\/\/www.intesys.it\/journal\/#\/schema\/person\/07c6ed0aad659807059b2f675311eafc\"},\"description\":\"La crisi pandemica ha cambiato le esigenze del mercato: le architetture digitali aziendali devono innovarsi, ecco come partendo da Fast Data.\",\"breadcrumb\":{\"@id\":\"https:\/\/www.intesys.it\/journal\/information-technology\/accelerare-la-trasformazione-digitale-partendo-da-fast-data\/#breadcrumb\"},\"inLanguage\":\"it-IT\",\"potentialAction\":[{\"@type\":\"ReadAction\",\"target\":[\"https:\/\/www.intesys.it\/journal\/information-technology\/accelerare-la-trasformazione-digitale-partendo-da-fast-data\/\"]}]},{\"@type\":\"ImageObject\",\"inLanguage\":\"it-IT\",\"@id\":\"https:\/\/www.intesys.it\/journal\/information-technology\/accelerare-la-trasformazione-digitale-partendo-da-fast-data\/#primaryimage\",\"url\":\"https:\/\/www.intesys.it\/journal\/wp-content\/uploads\/sites\/13\/2021\/09\/trasformazione-digitale-fast-data_journal.png\",\"contentUrl\":\"https:\/\/www.intesys.it\/journal\/wp-content\/uploads\/sites\/13\/2021\/09\/trasformazione-digitale-fast-data_journal.png\",\"width\":1280,\"height\":960},{\"@type\":\"BreadcrumbList\",\"@id\":\"https:\/\/www.intesys.it\/journal\/information-technology\/accelerare-la-trasformazione-digitale-partendo-da-fast-data\/#breadcrumb\",\"itemListElement\":[{\"@type\":\"ListItem\",\"position\":1,\"name\":\"Home\",\"item\":\"https:\/\/www.intesys.it\/journal\/\"},{\"@type\":\"ListItem\",\"position\":2,\"name\":\"Accelerare la trasformazione digitale partendo da Fast Data\"}]},{\"@type\":\"WebSite\",\"@id\":\"https:\/\/www.intesys.it\/journal\/#website\",\"url\":\"https:\/\/www.intesys.it\/journal\/\",\"name\":\"Intesys\",\"description\":\"Ogni settimana nuovi articoli dedicati al mondo della trasformazione digitale!\",\"potentialAction\":[{\"@type\":\"SearchAction\",\"target\":{\"@type\":\"EntryPoint\",\"urlTemplate\":\"https:\/\/www.intesys.it\/journal\/?s={search_term_string}\"},\"query-input\":{\"@type\":\"PropertyValueSpecification\",\"valueRequired\":true,\"valueName\":\"search_term_string\"}}],\"inLanguage\":\"it-IT\"},{\"@type\":\"Person\",\"@id\":\"https:\/\/www.intesys.it\/journal\/#\/schema\/person\/07c6ed0aad659807059b2f675311eafc\",\"name\":\"Paolo Quaglia\",\"image\":{\"@type\":\"ImageObject\",\"inLanguage\":\"it-IT\",\"@id\":\"https:\/\/www.intesys.it\/journal\/#\/schema\/person\/image\/\",\"url\":\"https:\/\/secure.gravatar.com\/avatar\/10f8f0d19d7d4e4178709fb2b987d13f1cdfef3681384629dfabe72aa6fb3954?s=96&d=mm&r=g\",\"contentUrl\":\"https:\/\/secure.gravatar.com\/avatar\/10f8f0d19d7d4e4178709fb2b987d13f1cdfef3681384629dfabe72aa6fb3954?s=96&d=mm&r=g\",\"caption\":\"Paolo Quaglia\"},\"description\":\"Oltre 20 anni di esperienza in Intesys nell\u2019IT, applicata ai servizi e alle architetture per le aziende, consentono a Paolo di accompagnare CIO e IT manager in complessi progetti di Digital Transformation.\",\"url\":\"https:\/\/www.intesys.it\/journal\/autore\/paolo-quaglia\/\"}]}<\/script>\n<!-- \/ Yoast SEO plugin. -->","yoast_head_json":{"title":"Accelerare la trasformazione digitale partendo da Fast Data","description":"La crisi pandemica ha cambiato le esigenze del mercato: le architetture digitali aziendali devono innovarsi, ecco come partendo da Fast Data.","robots":{"index":"index","follow":"follow","max-snippet":"max-snippet:-1","max-image-preview":"max-image-preview:large","max-video-preview":"max-video-preview:-1"},"canonical":"https:\/\/www.intesys.it\/journal\/information-technology\/accelerare-la-trasformazione-digitale-partendo-da-fast-data\/","og_locale":"it_IT","og_type":"article","og_title":"Accelerare la trasformazione digitale partendo da Fast Data","og_description":"La crisi pandemica ha cambiato le esigenze del mercato: le architetture digitali aziendali devono innovarsi, ecco come partendo da Fast Data.","og_url":"https:\/\/www.intesys.it\/journal\/information-technology\/accelerare-la-trasformazione-digitale-partendo-da-fast-data\/","og_site_name":"Intesys Journal","article_published_time":"2021-09-09T08:52:27+00:00","article_modified_time":"2024-04-16T07:36:22+00:00","og_image":[{"width":1280,"height":960,"url":"https:\/\/www.intesys.it\/journal\/wp-content\/uploads\/sites\/13\/2021\/09\/trasformazione-digitale-fast-data_journal.png","type":"image\/png"}],"author":"Paolo Quaglia","twitter_card":"summary_large_image","twitter_misc":{"Scritto da":"Paolo Quaglia","Tempo di lettura stimato":"6 minuti"},"schema":{"@context":"https:\/\/schema.org","@graph":[{"@type":"WebPage","@id":"https:\/\/www.intesys.it\/journal\/information-technology\/accelerare-la-trasformazione-digitale-partendo-da-fast-data\/","url":"https:\/\/www.intesys.it\/journal\/information-technology\/accelerare-la-trasformazione-digitale-partendo-da-fast-data\/","name":"Accelerare la trasformazione digitale partendo da Fast Data","isPartOf":{"@id":"https:\/\/www.intesys.it\/journal\/#website"},"primaryImageOfPage":{"@id":"https:\/\/www.intesys.it\/journal\/information-technology\/accelerare-la-trasformazione-digitale-partendo-da-fast-data\/#primaryimage"},"image":{"@id":"https:\/\/www.intesys.it\/journal\/information-technology\/accelerare-la-trasformazione-digitale-partendo-da-fast-data\/#primaryimage"},"thumbnailUrl":"https:\/\/www.intesys.it\/journal\/wp-content\/uploads\/sites\/13\/2021\/09\/trasformazione-digitale-fast-data_journal.png","datePublished":"2021-09-09T08:52:27+00:00","dateModified":"2024-04-16T07:36:22+00:00","author":{"@id":"https:\/\/www.intesys.it\/journal\/#\/schema\/person\/07c6ed0aad659807059b2f675311eafc"},"description":"La crisi pandemica ha cambiato le esigenze del mercato: le architetture digitali aziendali devono innovarsi, ecco come partendo da Fast Data.","breadcrumb":{"@id":"https:\/\/www.intesys.it\/journal\/information-technology\/accelerare-la-trasformazione-digitale-partendo-da-fast-data\/#breadcrumb"},"inLanguage":"it-IT","potentialAction":[{"@type":"ReadAction","target":["https:\/\/www.intesys.it\/journal\/information-technology\/accelerare-la-trasformazione-digitale-partendo-da-fast-data\/"]}]},{"@type":"ImageObject","inLanguage":"it-IT","@id":"https:\/\/www.intesys.it\/journal\/information-technology\/accelerare-la-trasformazione-digitale-partendo-da-fast-data\/#primaryimage","url":"https:\/\/www.intesys.it\/journal\/wp-content\/uploads\/sites\/13\/2021\/09\/trasformazione-digitale-fast-data_journal.png","contentUrl":"https:\/\/www.intesys.it\/journal\/wp-content\/uploads\/sites\/13\/2021\/09\/trasformazione-digitale-fast-data_journal.png","width":1280,"height":960},{"@type":"BreadcrumbList","@id":"https:\/\/www.intesys.it\/journal\/information-technology\/accelerare-la-trasformazione-digitale-partendo-da-fast-data\/#breadcrumb","itemListElement":[{"@type":"ListItem","position":1,"name":"Home","item":"https:\/\/www.intesys.it\/journal\/"},{"@type":"ListItem","position":2,"name":"Accelerare la trasformazione digitale partendo da Fast Data"}]},{"@type":"WebSite","@id":"https:\/\/www.intesys.it\/journal\/#website","url":"https:\/\/www.intesys.it\/journal\/","name":"Intesys","description":"Ogni settimana nuovi articoli dedicati al mondo della trasformazione digitale!","potentialAction":[{"@type":"SearchAction","target":{"@type":"EntryPoint","urlTemplate":"https:\/\/www.intesys.it\/journal\/?s={search_term_string}"},"query-input":{"@type":"PropertyValueSpecification","valueRequired":true,"valueName":"search_term_string"}}],"inLanguage":"it-IT"},{"@type":"Person","@id":"https:\/\/www.intesys.it\/journal\/#\/schema\/person\/07c6ed0aad659807059b2f675311eafc","name":"Paolo Quaglia","image":{"@type":"ImageObject","inLanguage":"it-IT","@id":"https:\/\/www.intesys.it\/journal\/#\/schema\/person\/image\/","url":"https:\/\/secure.gravatar.com\/avatar\/10f8f0d19d7d4e4178709fb2b987d13f1cdfef3681384629dfabe72aa6fb3954?s=96&d=mm&r=g","contentUrl":"https:\/\/secure.gravatar.com\/avatar\/10f8f0d19d7d4e4178709fb2b987d13f1cdfef3681384629dfabe72aa6fb3954?s=96&d=mm&r=g","caption":"Paolo Quaglia"},"description":"Oltre 20 anni di esperienza in Intesys nell\u2019IT, applicata ai servizi e alle architetture per le aziende, consentono a Paolo di accompagnare CIO e IT manager in complessi progetti di Digital Transformation.","url":"https:\/\/www.intesys.it\/journal\/autore\/paolo-quaglia\/"}]}},"_links":{"self":[{"href":"https:\/\/www.intesys.it\/journal\/wp-json\/wp\/v2\/posts\/9357","targetHints":{"allow":["GET"]}}],"collection":[{"href":"https:\/\/www.intesys.it\/journal\/wp-json\/wp\/v2\/posts"}],"about":[{"href":"https:\/\/www.intesys.it\/journal\/wp-json\/wp\/v2\/types\/post"}],"author":[{"embeddable":true,"href":"https:\/\/www.intesys.it\/journal\/wp-json\/wp\/v2\/users\/33"}],"replies":[{"embeddable":true,"href":"https:\/\/www.intesys.it\/journal\/wp-json\/wp\/v2\/comments?post=9357"}],"version-history":[{"count":3,"href":"https:\/\/www.intesys.it\/journal\/wp-json\/wp\/v2\/posts\/9357\/revisions"}],"predecessor-version":[{"id":13868,"href":"https:\/\/www.intesys.it\/journal\/wp-json\/wp\/v2\/posts\/9357\/revisions\/13868"}],"wp:featuredmedia":[{"embeddable":true,"href":"https:\/\/www.intesys.it\/journal\/wp-json\/wp\/v2\/media\/9363"}],"wp:attachment":[{"href":"https:\/\/www.intesys.it\/journal\/wp-json\/wp\/v2\/media?parent=9357"}],"wp:term":[{"taxonomy":"category","embeddable":true,"href":"https:\/\/www.intesys.it\/journal\/wp-json\/wp\/v2\/categories?post=9357"},{"taxonomy":"post_tag","embeddable":true,"href":"https:\/\/www.intesys.it\/journal\/wp-json\/wp\/v2\/tags?post=9357"}],"curies":[{"name":"wp","href":"https:\/\/api.w.org\/{rel}","templated":true}]}}