{"id":958,"date":"2015-10-20T09:00:41","date_gmt":"2015-10-20T07:00:41","guid":{"rendered":"https:\/\/www.intesys.it\/journal\/?p=958"},"modified":"2022-03-04T09:15:12","modified_gmt":"2022-03-04T08:15:12","slug":"intesys-ricerca-fibrosi-cistica","status":"publish","type":"post","link":"https:\/\/www.intesys.it\/journal\/sostenibilita\/intesys-ricerca-fibrosi-cistica\/","title":{"rendered":"#iociclamino: Intesys per la Ricerca sulla Fibrosi Cistica"},"content":{"rendered":"<p><\/p><p>A volte per <strong>aiutare il prossimo<\/strong> basta veramente poco: un sorriso, una moneta, un po\u2019 del proprio tempo, un manifesto appeso in vetrina, una foto colorata. <strong>\u00c8 pi\u00f9 semplice di quanto si possa immaginare<\/strong>.<\/p>\n<p>Poi l\u2019entusiasmo e la condivisione fanno tutto il resto.<\/p>\n<p>Cos\u00ec \u00e8 stato per noi in questi giorni.<\/p>\n<p>\u201cRagazzi, la <a href=\"http:\/\/www.fibrosicisticaricerca.it\/\" target=\"_blank\" rel=\"noopener\">Fondazione per la Ricerca sulla Fibrosi Cistica<\/a> (FFC) ha lanciato un\u2019iniziativa per supportare la <strong>13\u00aa Campagna Nazionale per la Ricerca sulla Fibrosi Cistica<\/strong> e chiede anche a noi un piccolo aiuto\u201d.<\/p>\n<p>\u201cUhssssignur! Cosa c\u2019\u00e8 da fare?\u201d.<\/p>\n<p>\u201cTrasformarci in ciclamini!\u201d.<\/p>\n<p>\u201cCosa???\u201d.<\/p>\n<p>\u201cMa s\u00ec dai! Dei fiori lo siamo gi\u00e0, \u00e8 sufficiente aggiungere un dettaglio rosa o fucsia, scattarci una foto e condividerla sui social con l\u2019hashtag della campagna <strong>#iociclamino<\/strong>\u201d.<\/p>\n<p>\u201cFigata! Dai che lo facciamo!\u201d.<\/p>\n<p>E met\u00e0 del lavoro \u00e8 fatto! Poi \u00e8 sufficiente mettere insieme qualche idea, dei sorrisi, cartoncini, colori, oggetti vari, telefoni e <strong>profili social<\/strong>. E, ovviamente, l\u2019<strong>entusiasmo<\/strong> che contraddistingue il gruppo.<\/p>\n<p>Cos\u00ec anche noi, nel nostro piccolo, <strong>abbiamo contribuito a promuovere la campagna a favore della ricerca<\/strong> sui nostri profili social personali e sulla <a href=\"https:\/\/www.facebook.com\/media\/set\/?set=a.10153767807789665.1073741835.135648579664&amp;type=3\" target=\"_blank\" rel=\"noopener\">pagina\u00a0aziendale<\/a>.<\/p>\n<p>Questo \u00e8 solo uno dei modi per <strong>supportare la campagna<\/strong> ma sul sito della fondazione ne potete trovare <a href=\"http:\/\/www.fibrosicisticaricerca.it\/campagne-di-sostegno\/13a-campagna-nazionale\/\" target=\"_blank\" rel=\"noopener\">molti altri<\/a>.<\/p>\n<p>Come ad esempio comprare un <strong>ciclamino<\/strong> per abbellire casa o da regalare a qualcuno. <strong>Per tutto il mese di Ottobre<\/strong> i volontari della fondazione saranno presenti in centinaia di <a href=\"http:\/\/www.fibrosicisticaricerca.it\/campagne-di-sostegno\/13a-campagna-nazionale\/mappa-ciclamino-della-ricerca\/\" target=\"_blank\" rel=\"noopener\">piazze italiane<\/a> con i ciclamini che sostengono la ricerca.<\/p>\n<p>E per i pi\u00f9 pigri e pantofolai c\u2019\u00e8 la possibilit\u00e0 di <strong>sostenere la ricerca<\/strong> restando comodamente seduti sul divano, basta solo qualche <a href=\"http:\/\/www.fibrosicisticaricerca.it\/dona-ora\/\" target=\"_blank\" rel=\"noopener\">click<\/a>.<\/p>\n<p>Insomma, i modi per aiutare sono molti, basta mettere in moto la fantasia e il cuore!<\/p>\n","protected":false},"excerpt":{"rendered":"<p>A volte per aiutare il prossimo basta veramente poco: un sorriso, una moneta, un po\u2019&#8230;<\/p>\n","protected":false},"author":52,"featured_media":1056,"comment_status":"closed","ping_status":"closed","sticky":false,"template":"","format":"standard","meta":{"_acf_changed":false,"inline_featured_image":false,"footnotes":""},"categories":[28],"tags":[],"class_list":{"0":"post-958","1":"post","2":"type-post","3":"status-publish","4":"format-standard","5":"has-post-thumbnail","7":"category-sostenibilita"},"acf":[],"yoast_head":"<!-- This site is optimized with the Yoast SEO plugin v25.8 - https:\/\/yoast.com\/wordpress\/plugins\/seo\/ -->\n<title>#iociclamino: Intesys per la Ricerca sulla Fibrosi Cistica<\/title>\n<meta name=\"description\" content=\"Abbiamo contribuito a promuovere la campagna a favore della ricerca sulla Fibrosi Cistica sui nostri profili social personali e aziendali. E tu?#iociclamino\" \/>\n<meta name=\"robots\" content=\"index, follow, max-snippet:-1, max-image-preview:large, max-video-preview:-1\" \/>\n<link rel=\"canonical\" href=\"https:\/\/www.intesys.it\/journal\/sostenibilita\/intesys-ricerca-fibrosi-cistica\/\" \/>\n<meta property=\"og:locale\" content=\"it_IT\" \/>\n<meta property=\"og:type\" content=\"article\" \/>\n<meta property=\"og:title\" content=\"#iociclamino: Intesys per la Ricerca sulla Fibrosi Cistica\" \/>\n<meta property=\"og:description\" content=\"Abbiamo contribuito a promuovere la campagna a favore della ricerca sulla Fibrosi Cistica sui nostri profili social personali e aziendali. E tu?#iociclamino\" \/>\n<meta property=\"og:url\" content=\"https:\/\/www.intesys.it\/journal\/sostenibilita\/intesys-ricerca-fibrosi-cistica\/\" \/>\n<meta property=\"og:site_name\" content=\"Intesys Journal\" \/>\n<meta property=\"article:published_time\" content=\"2015-10-20T07:00:41+00:00\" \/>\n<meta property=\"article:modified_time\" content=\"2022-03-04T08:15:12+00:00\" \/>\n<meta property=\"og:image\" content=\"https:\/\/www.intesys.it\/journal\/wp-content\/uploads\/sites\/13\/2015\/10\/io-ciclamino-intesys.jpg\" \/>\n\t<meta property=\"og:image:width\" content=\"1280\" \/>\n\t<meta property=\"og:image:height\" content=\"960\" \/>\n\t<meta property=\"og:image:type\" content=\"image\/jpeg\" \/>\n<meta name=\"author\" content=\"Beatrice Luccato\" \/>\n<meta name=\"twitter:card\" content=\"summary_large_image\" \/>\n<meta name=\"twitter:label1\" content=\"Scritto da\" \/>\n\t<meta name=\"twitter:data1\" content=\"Beatrice Luccato\" \/>\n\t<meta name=\"twitter:label2\" content=\"Tempo di lettura stimato\" \/>\n\t<meta name=\"twitter:data2\" content=\"1 minuto\" \/>\n<script type=\"application\/ld+json\" class=\"yoast-schema-graph\">{\"@context\":\"https:\/\/schema.org\",\"@graph\":[{\"@type\":\"WebPage\",\"@id\":\"https:\/\/www.intesys.it\/journal\/sostenibilita\/intesys-ricerca-fibrosi-cistica\/\",\"url\":\"https:\/\/www.intesys.it\/journal\/sostenibilita\/intesys-ricerca-fibrosi-cistica\/\",\"name\":\"#iociclamino: Intesys per la Ricerca sulla Fibrosi Cistica\",\"isPartOf\":{\"@id\":\"https:\/\/www.intesys.it\/journal\/#website\"},\"primaryImageOfPage\":{\"@id\":\"https:\/\/www.intesys.it\/journal\/sostenibilita\/intesys-ricerca-fibrosi-cistica\/#primaryimage\"},\"image\":{\"@id\":\"https:\/\/www.intesys.it\/journal\/sostenibilita\/intesys-ricerca-fibrosi-cistica\/#primaryimage\"},\"thumbnailUrl\":\"https:\/\/www.intesys.it\/journal\/wp-content\/uploads\/sites\/13\/2015\/10\/io-ciclamino-intesys.jpg\",\"datePublished\":\"2015-10-20T07:00:41+00:00\",\"dateModified\":\"2022-03-04T08:15:12+00:00\",\"author\":{\"@id\":\"https:\/\/www.intesys.it\/journal\/#\/schema\/person\/a8982567aa14813008f12ebbf3b05ef9\"},\"description\":\"Abbiamo contribuito a promuovere la campagna a favore della ricerca sulla Fibrosi Cistica sui nostri profili social personali e aziendali. E tu?#iociclamino\",\"breadcrumb\":{\"@id\":\"https:\/\/www.intesys.it\/journal\/sostenibilita\/intesys-ricerca-fibrosi-cistica\/#breadcrumb\"},\"inLanguage\":\"it-IT\",\"potentialAction\":[{\"@type\":\"ReadAction\",\"target\":[\"https:\/\/www.intesys.it\/journal\/sostenibilita\/intesys-ricerca-fibrosi-cistica\/\"]}]},{\"@type\":\"ImageObject\",\"inLanguage\":\"it-IT\",\"@id\":\"https:\/\/www.intesys.it\/journal\/sostenibilita\/intesys-ricerca-fibrosi-cistica\/#primaryimage\",\"url\":\"https:\/\/www.intesys.it\/journal\/wp-content\/uploads\/sites\/13\/2015\/10\/io-ciclamino-intesys.jpg\",\"contentUrl\":\"https:\/\/www.intesys.it\/journal\/wp-content\/uploads\/sites\/13\/2015\/10\/io-ciclamino-intesys.jpg\",\"width\":1280,\"height\":960},{\"@type\":\"BreadcrumbList\",\"@id\":\"https:\/\/www.intesys.it\/journal\/sostenibilita\/intesys-ricerca-fibrosi-cistica\/#breadcrumb\",\"itemListElement\":[{\"@type\":\"ListItem\",\"position\":1,\"name\":\"Home\",\"item\":\"https:\/\/www.intesys.it\/journal\/\"},{\"@type\":\"ListItem\",\"position\":2,\"name\":\"#iociclamino: Intesys per la Ricerca sulla Fibrosi Cistica\"}]},{\"@type\":\"WebSite\",\"@id\":\"https:\/\/www.intesys.it\/journal\/#website\",\"url\":\"https:\/\/www.intesys.it\/journal\/\",\"name\":\"Intesys\",\"description\":\"Ogni settimana nuovi articoli dedicati al mondo della trasformazione digitale!\",\"potentialAction\":[{\"@type\":\"SearchAction\",\"target\":{\"@type\":\"EntryPoint\",\"urlTemplate\":\"https:\/\/www.intesys.it\/journal\/?s={search_term_string}\"},\"query-input\":{\"@type\":\"PropertyValueSpecification\",\"valueRequired\":true,\"valueName\":\"search_term_string\"}}],\"inLanguage\":\"it-IT\"},{\"@type\":\"Person\",\"@id\":\"https:\/\/www.intesys.it\/journal\/#\/schema\/person\/a8982567aa14813008f12ebbf3b05ef9\",\"name\":\"Beatrice Luccato\",\"image\":{\"@type\":\"ImageObject\",\"inLanguage\":\"it-IT\",\"@id\":\"https:\/\/www.intesys.it\/journal\/#\/schema\/person\/image\/\",\"url\":\"https:\/\/secure.gravatar.com\/avatar\/8d6404dbc45aaaf820270dcd41fc1421590cfeb6962210b5524f96c9d7e0bbfb?s=96&d=mm&r=g\",\"contentUrl\":\"https:\/\/secure.gravatar.com\/avatar\/8d6404dbc45aaaf820270dcd41fc1421590cfeb6962210b5524f96c9d7e0bbfb?s=96&d=mm&r=g\",\"caption\":\"Beatrice Luccato\"},\"url\":\"https:\/\/www.intesys.it\/journal\/autore\/beatrice-luccato\/\"}]}<\/script>\n<!-- \/ Yoast SEO plugin. -->","yoast_head_json":{"title":"#iociclamino: Intesys per la Ricerca sulla Fibrosi Cistica","description":"Abbiamo contribuito a promuovere la campagna a favore della ricerca sulla Fibrosi Cistica sui nostri profili social personali e aziendali. E tu?#iociclamino","robots":{"index":"index","follow":"follow","max-snippet":"max-snippet:-1","max-image-preview":"max-image-preview:large","max-video-preview":"max-video-preview:-1"},"canonical":"https:\/\/www.intesys.it\/journal\/sostenibilita\/intesys-ricerca-fibrosi-cistica\/","og_locale":"it_IT","og_type":"article","og_title":"#iociclamino: Intesys per la Ricerca sulla Fibrosi Cistica","og_description":"Abbiamo contribuito a promuovere la campagna a favore della ricerca sulla Fibrosi Cistica sui nostri profili social personali e aziendali. E tu?#iociclamino","og_url":"https:\/\/www.intesys.it\/journal\/sostenibilita\/intesys-ricerca-fibrosi-cistica\/","og_site_name":"Intesys Journal","article_published_time":"2015-10-20T07:00:41+00:00","article_modified_time":"2022-03-04T08:15:12+00:00","og_image":[{"width":1280,"height":960,"url":"https:\/\/www.intesys.it\/journal\/wp-content\/uploads\/sites\/13\/2015\/10\/io-ciclamino-intesys.jpg","type":"image\/jpeg"}],"author":"Beatrice Luccato","twitter_card":"summary_large_image","twitter_misc":{"Scritto da":"Beatrice Luccato","Tempo di lettura stimato":"1 minuto"},"schema":{"@context":"https:\/\/schema.org","@graph":[{"@type":"WebPage","@id":"https:\/\/www.intesys.it\/journal\/sostenibilita\/intesys-ricerca-fibrosi-cistica\/","url":"https:\/\/www.intesys.it\/journal\/sostenibilita\/intesys-ricerca-fibrosi-cistica\/","name":"#iociclamino: Intesys per la Ricerca sulla Fibrosi Cistica","isPartOf":{"@id":"https:\/\/www.intesys.it\/journal\/#website"},"primaryImageOfPage":{"@id":"https:\/\/www.intesys.it\/journal\/sostenibilita\/intesys-ricerca-fibrosi-cistica\/#primaryimage"},"image":{"@id":"https:\/\/www.intesys.it\/journal\/sostenibilita\/intesys-ricerca-fibrosi-cistica\/#primaryimage"},"thumbnailUrl":"https:\/\/www.intesys.it\/journal\/wp-content\/uploads\/sites\/13\/2015\/10\/io-ciclamino-intesys.jpg","datePublished":"2015-10-20T07:00:41+00:00","dateModified":"2022-03-04T08:15:12+00:00","author":{"@id":"https:\/\/www.intesys.it\/journal\/#\/schema\/person\/a8982567aa14813008f12ebbf3b05ef9"},"description":"Abbiamo contribuito a promuovere la campagna a favore della ricerca sulla Fibrosi Cistica sui nostri profili social personali e aziendali. E tu?#iociclamino","breadcrumb":{"@id":"https:\/\/www.intesys.it\/journal\/sostenibilita\/intesys-ricerca-fibrosi-cistica\/#breadcrumb"},"inLanguage":"it-IT","potentialAction":[{"@type":"ReadAction","target":["https:\/\/www.intesys.it\/journal\/sostenibilita\/intesys-ricerca-fibrosi-cistica\/"]}]},{"@type":"ImageObject","inLanguage":"it-IT","@id":"https:\/\/www.intesys.it\/journal\/sostenibilita\/intesys-ricerca-fibrosi-cistica\/#primaryimage","url":"https:\/\/www.intesys.it\/journal\/wp-content\/uploads\/sites\/13\/2015\/10\/io-ciclamino-intesys.jpg","contentUrl":"https:\/\/www.intesys.it\/journal\/wp-content\/uploads\/sites\/13\/2015\/10\/io-ciclamino-intesys.jpg","width":1280,"height":960},{"@type":"BreadcrumbList","@id":"https:\/\/www.intesys.it\/journal\/sostenibilita\/intesys-ricerca-fibrosi-cistica\/#breadcrumb","itemListElement":[{"@type":"ListItem","position":1,"name":"Home","item":"https:\/\/www.intesys.it\/journal\/"},{"@type":"ListItem","position":2,"name":"#iociclamino: Intesys per la Ricerca sulla Fibrosi Cistica"}]},{"@type":"WebSite","@id":"https:\/\/www.intesys.it\/journal\/#website","url":"https:\/\/www.intesys.it\/journal\/","name":"Intesys","description":"Ogni settimana nuovi articoli dedicati al mondo della trasformazione digitale!","potentialAction":[{"@type":"SearchAction","target":{"@type":"EntryPoint","urlTemplate":"https:\/\/www.intesys.it\/journal\/?s={search_term_string}"},"query-input":{"@type":"PropertyValueSpecification","valueRequired":true,"valueName":"search_term_string"}}],"inLanguage":"it-IT"},{"@type":"Person","@id":"https:\/\/www.intesys.it\/journal\/#\/schema\/person\/a8982567aa14813008f12ebbf3b05ef9","name":"Beatrice Luccato","image":{"@type":"ImageObject","inLanguage":"it-IT","@id":"https:\/\/www.intesys.it\/journal\/#\/schema\/person\/image\/","url":"https:\/\/secure.gravatar.com\/avatar\/8d6404dbc45aaaf820270dcd41fc1421590cfeb6962210b5524f96c9d7e0bbfb?s=96&d=mm&r=g","contentUrl":"https:\/\/secure.gravatar.com\/avatar\/8d6404dbc45aaaf820270dcd41fc1421590cfeb6962210b5524f96c9d7e0bbfb?s=96&d=mm&r=g","caption":"Beatrice Luccato"},"url":"https:\/\/www.intesys.it\/journal\/autore\/beatrice-luccato\/"}]}},"_links":{"self":[{"href":"https:\/\/www.intesys.it\/journal\/wp-json\/wp\/v2\/posts\/958","targetHints":{"allow":["GET"]}}],"collection":[{"href":"https:\/\/www.intesys.it\/journal\/wp-json\/wp\/v2\/posts"}],"about":[{"href":"https:\/\/www.intesys.it\/journal\/wp-json\/wp\/v2\/types\/post"}],"author":[{"embeddable":true,"href":"https:\/\/www.intesys.it\/journal\/wp-json\/wp\/v2\/users\/52"}],"replies":[{"embeddable":true,"href":"https:\/\/www.intesys.it\/journal\/wp-json\/wp\/v2\/comments?post=958"}],"version-history":[{"count":1,"href":"https:\/\/www.intesys.it\/journal\/wp-json\/wp\/v2\/posts\/958\/revisions"}],"predecessor-version":[{"id":10054,"href":"https:\/\/www.intesys.it\/journal\/wp-json\/wp\/v2\/posts\/958\/revisions\/10054"}],"wp:featuredmedia":[{"embeddable":true,"href":"https:\/\/www.intesys.it\/journal\/wp-json\/wp\/v2\/media\/1056"}],"wp:attachment":[{"href":"https:\/\/www.intesys.it\/journal\/wp-json\/wp\/v2\/media?parent=958"}],"wp:term":[{"taxonomy":"category","embeddable":true,"href":"https:\/\/www.intesys.it\/journal\/wp-json\/wp\/v2\/categories?post=958"},{"taxonomy":"post_tag","embeddable":true,"href":"https:\/\/www.intesys.it\/journal\/wp-json\/wp\/v2\/tags?post=958"}],"curies":[{"name":"wp","href":"https:\/\/api.w.org\/{rel}","templated":true}]}}