{"id":9007,"date":"2022-06-23T10:39:17","date_gmt":"2022-06-23T08:39:17","guid":{"rendered":"https:\/\/www.intesys.it\/lavora-con-noi\/?p=9007"},"modified":"2023-08-31T11:00:09","modified_gmt":"2023-08-31T09:00:09","slug":"workplace-ibrido-4-lezioni-che-abbiamo-imparato","status":"publish","type":"post","link":"https:\/\/www.intesys.it\/lavora-con-noi\/workplace-ibrido-4-lezioni-che-abbiamo-imparato\/","title":{"rendered":"Workplace ibrido: <br>4 lezioni che abbiamo imparato"},"content":{"rendered":"[vc_row type=&#8221;in_container&#8221; full_screen_row_position=&#8221;middle&#8221; column_margin=&#8221;default&#8221; column_direction=&#8221;default&#8221; column_direction_tablet=&#8221;default&#8221; column_direction_phone=&#8221;default&#8221; scene_position=&#8221;center&#8221; top_padding=&#8221;2%&#8221; bottom_padding=&#8221;6%&#8221; text_color=&#8221;dark&#8221; text_align=&#8221;left&#8221; row_border_radius=&#8221;none&#8221; row_border_radius_applies=&#8221;bg&#8221; overflow=&#8221;visible&#8221; advanced_gradient_angle=&#8221;0&#8243; overlay_strength=&#8221;0.3&#8243; gradient_direction=&#8221;left_to_right&#8221; shape_divider_position=&#8221;bottom&#8221; bg_image_animation=&#8221;none&#8221; gradient_type=&#8221;default&#8221; shape_type=&#8221;&#8221;][vc_column column_padding=&#8221;no-extra-padding&#8221; column_padding_tablet=&#8221;inherit&#8221; column_padding_phone=&#8221;inherit&#8221; column_padding_position=&#8221;all&#8221; bottom_margin=&#8221;30&#8243; column_element_direction_desktop=&#8221;default&#8221; column_element_spacing=&#8221;default&#8221; desktop_text_alignment=&#8221;default&#8221; tablet_text_alignment=&#8221;default&#8221; phone_text_alignment=&#8221;default&#8221; background_color_opacity=&#8221;1&#8243; background_hover_color_opacity=&#8221;1&#8243; column_backdrop_filter=&#8221;none&#8221; column_shadow=&#8221;none&#8221; column_border_radius=&#8221;none&#8221; column_link_target=&#8221;_self&#8221; column_position=&#8221;default&#8221; el_class=&#8221;y-blog&#8221; advanced_gradient_angle=&#8221;0&#8243; gradient_direction=&#8221;left_to_right&#8221; overlay_strength=&#8221;0.3&#8243; width=&#8221;1\/1&#8243; tablet_width_inherit=&#8221;default&#8221; animation_type=&#8221;default&#8221; bg_image_animation=&#8221;none&#8221; border_type=&#8221;simple&#8221; column_border_width=&#8221;none&#8221; column_border_style=&#8221;solid&#8221; gradient_type=&#8221;default&#8221;][vc_column_text]<span class=\"TextRun SCXW184249254 BCX0\" lang=\"IT-IT\" xml:lang=\"IT-IT\" data-contrast=\"auto\"><span class=\"NormalTextRun SCXW184249254 BCX0\">Gli ultimi due anni hanno avuto un grande impatto sui nostri stili di vi<\/span><span class=\"NormalTextRun SCXW184249254 BCX0\">ta, sia nella sfera professionale che in quella privata. Abbiamo vissuto <\/span><span class=\"NormalTextRun SCXW184249254 BCX0\">il lavoro da remoto totale e poi a mano a mano abbiamo iniziato a ripopolare i nostri uffici, portando con noi nuove <\/span><span class=\"NormalTextRun SCXW184249254 BCX0\">necessit\u00e0 per migliorare l\u2019esperienza di lavoro: combinando i vantaggi del lavoro da casa e di quello in presenza, s<\/span><span class=\"NormalTextRun SCXW184249254 BCX0\">ta acquisendo sempre pi\u00f9 forza il <\/span><\/span><strong><span class=\"TextRun SCXW184249254 BCX0\" lang=\"IT-IT\" xml:lang=\"IT-IT\" data-contrast=\"auto\"><span class=\"NormalTextRun SCXW184249254 BCX0\">modello del <\/span><span class=\"NormalTextRun SpellingErrorV2Themed SCXW184249254 BCX0\">workplace<\/span><span class=\"NormalTextRun SCXW184249254 BCX0\"> ibrido<\/span><\/span><\/strong><span class=\"TextRun SCXW184249254 BCX0\" lang=\"IT-IT\" xml:lang=\"IT-IT\" data-contrast=\"auto\"><span class=\"NormalTextRun SCXW184249254 BCX0\">.<\/span><\/span><span class=\"LineBreakBlob BlobObject DragDrop SCXW184249254 BCX0\"><span class=\"SCXW184249254 BCX0\">\u00a0<\/span><br class=\"SCXW184249254 BCX0\" \/><\/span><span class=\"TextRun SCXW184249254 BCX0\" lang=\"IT-IT\" xml:lang=\"IT-IT\" data-contrast=\"auto\"><span class=\"NormalTextRun SCXW184249254 BCX0\">Anche noi in <\/span><span class=\"NormalTextRun SpellingErrorV2Themed SCXW184249254 BCX0\">Intesys<\/span><span class=\"NormalTextRun SCXW184249254 BCX0\"> abbiamo deciso di adottarlo e perfezionarlo: in questo articolo vi racconto che cosa stiamo imparando da questa esperienza.<\/span><\/span><span class=\"EOP SCXW184249254 BCX0\" data-ccp-props=\"{&quot;201341983&quot;:0,&quot;335559739&quot;:160,&quot;335559740&quot;:259}\">\u00a0<\/span>[\/vc_column_text][vc_column_text]\n<h3>Cos\u2019\u00e8 il lavoro ibrido?<\/h3>\n<p>Il \u201c<strong>lavoro ibrido<\/strong>\u201d \u00e8 qualcosa che gi\u00e0 oggi interessa molti professionisti, ossia un\u2019esperienza lavorativa che utilizza sia modalit\u00e0 di lavoro in presenza che a distanza.<br \/>\nSi tratta di un modello che non ha una ricetta definita: il<strong> mix tra lavoro in ufficio e da remoto<\/strong> pu\u00f2 essere variato a seconda delle necessit\u00e0 dell\u2019azienda e dei suoi collaboratori. Trovare il giusto equilibrio non \u00e8 scontato e ci vogliono cura e attenzione per preservare la <strong>collaborazione<\/strong>, l\u2019<strong>innovazione<\/strong> e la <strong>cultura aziendale<\/strong>.[\/vc_column_text][\/vc_column][\/vc_row][vc_row type=&#8221;full_width_background&#8221; full_screen_row_position=&#8221;middle&#8221; column_margin=&#8221;default&#8221; column_direction=&#8221;default&#8221; column_direction_tablet=&#8221;default&#8221; column_direction_phone=&#8221;default&#8221; bg_image=&#8221;4740&#8243; bg_position=&#8221;left top&#8221; background_image_loading=&#8221;default&#8221; bg_repeat=&#8221;no-repeat&#8221; scene_position=&#8221;center&#8221; top_padding=&#8221;6%&#8221; bottom_padding=&#8221;6%&#8221; text_color=&#8221;light&#8221; text_align=&#8221;left&#8221; row_border_radius=&#8221;none&#8221; row_border_radius_applies=&#8221;bg&#8221; overflow=&#8221;visible&#8221; overlay_strength=&#8221;0.3&#8243; gradient_direction=&#8221;left_to_right&#8221; shape_divider_position=&#8221;bottom&#8221; bg_image_animation=&#8221;none&#8221; shape_type=&#8221;&#8221;][vc_column column_padding=&#8221;no-extra-padding&#8221; column_padding_tablet=&#8221;inherit&#8221; column_padding_phone=&#8221;inherit&#8221; column_padding_position=&#8221;all&#8221; top_margin=&#8221;30&#8243; bottom_margin=&#8221;30&#8243; column_element_direction_desktop=&#8221;default&#8221; column_element_spacing=&#8221;default&#8221; centered_text=&#8221;true&#8221; desktop_text_alignment=&#8221;default&#8221; tablet_text_alignment=&#8221;default&#8221; phone_text_alignment=&#8221;default&#8221; background_color_opacity=&#8221;1&#8243; background_hover_color_opacity=&#8221;1&#8243; column_backdrop_filter=&#8221;none&#8221; column_shadow=&#8221;none&#8221; column_border_radius=&#8221;none&#8221; column_link_target=&#8221;_self&#8221; column_position=&#8221;default&#8221; el_class=&#8221;y-blog&#8221; advanced_gradient_angle=&#8221;0&#8243; gradient_direction=&#8221;left_to_right&#8221; overlay_strength=&#8221;0.3&#8243; width=&#8221;1\/1&#8243; tablet_width_inherit=&#8221;default&#8221; animation_type=&#8221;default&#8221; bg_image_animation=&#8221;none&#8221; border_type=&#8221;simple&#8221; column_border_width=&#8221;none&#8221; column_border_style=&#8221;solid&#8221; gradient_type=&#8221;default&#8221;][nectar_icon icon_family=&#8221;iconsmind&#8221; icon_style=&#8221;default&#8221; icon_color_type=&#8221;color_scheme&#8221; icon_color=&#8221;white&#8221; icon_padding=&#8221;0px&#8221; pointer_events=&#8221;all&#8221; icon_iconsmind=&#8221;iconsmind-Add-UserStar&#8221;][vc_column_text]\n<h2 class=\"quote clearfix\" style=\"text-align: center;\">La strutturazione di un hybrid workplace deve mettere al centro le persone e rafforzare l\u2019organizzazione nella sua competitivit\u00e0 e resilienza.<\/h2>\n[\/vc_column_text][\/vc_column][\/vc_row][vc_row type=&#8221;full_width_background&#8221; full_screen_row_position=&#8221;middle&#8221; column_margin=&#8221;default&#8221; column_direction=&#8221;default&#8221; column_direction_tablet=&#8221;default&#8221; column_direction_phone=&#8221;default&#8221; scene_position=&#8221;center&#8221; top_padding=&#8221;5%&#8221; bottom_padding=&#8221;5%&#8221; text_color=&#8221;dark&#8221; text_align=&#8221;left&#8221; row_border_radius=&#8221;none&#8221; row_border_radius_applies=&#8221;bg&#8221; overflow=&#8221;visible&#8221; color_overlay=&#8221;rgba(0,0,0,0.07)&#8221; overlay_strength=&#8221;0.5&#8243; gradient_direction=&#8221;left_to_right&#8221; shape_divider_position=&#8221;bottom&#8221; bg_image_animation=&#8221;none&#8221;][vc_column column_padding=&#8221;no-extra-padding&#8221; column_padding_tablet=&#8221;inherit&#8221; column_padding_phone=&#8221;inherit&#8221; column_padding_position=&#8221;all&#8221; top_margin=&#8221;30&#8243; bottom_margin=&#8221;30&#8243; column_element_direction_desktop=&#8221;default&#8221; column_element_spacing=&#8221;default&#8221; desktop_text_alignment=&#8221;default&#8221; tablet_text_alignment=&#8221;default&#8221; phone_text_alignment=&#8221;default&#8221; background_color_opacity=&#8221;1&#8243; background_hover_color_opacity=&#8221;1&#8243; column_backdrop_filter=&#8221;none&#8221; column_shadow=&#8221;none&#8221; column_border_radius=&#8221;none&#8221; column_link_target=&#8221;_self&#8221; column_position=&#8221;default&#8221; el_class=&#8221;y-blog&#8221; gradient_direction=&#8221;left_to_right&#8221; overlay_strength=&#8221;0.3&#8243; width=&#8221;1\/1&#8243; tablet_width_inherit=&#8221;default&#8221; animation_type=&#8221;default&#8221; bg_image_animation=&#8221;none&#8221; border_type=&#8221;simple&#8221; column_border_width=&#8221;none&#8221; column_border_style=&#8221;solid&#8221;][vc_column_text]Oggi le persone guardano subito in un potenziale datore di lavoro la disponibilit\u00e0 in merito al lavoro ibrido: negli ultimi due anni ho visto questo benefit trasformarsi a tutti gli effetti in una<strong> voce della proposta lavorativa<\/strong> che incide notevolmente anche sulla disponibilit\u00e0 a spostarsi per un lavoro piuttosto che un altro.<br \/>\nLa nostra avventura come Intesys nel mondo dell\u2019hybrid workplace \u00e8 iniziata ancora nel 2019, offrendo ai collaboratori che abitavano a pi\u00f9 di 30 km dalla nostra sede un giorno di remote working per agevolare le distanze e venire incontro alle esigenze di conciliazione.<br \/>\nL\u2019arrivo della pandemia ha dato una<strong> netta accelerazione<\/strong> a questo progetto, dimostrando che il modello ibrido poteva essere applicato per tutte le nostre squadre.[\/vc_column_text][vc_row_inner column_margin=&#8221;default&#8221; column_direction=&#8221;default&#8221; column_direction_tablet=&#8221;default&#8221; column_direction_phone=&#8221;default&#8221; text_align=&#8221;left&#8221; row_position=&#8221;default&#8221; row_position_tablet=&#8221;inherit&#8221; row_position_phone=&#8221;inherit&#8221; overflow=&#8221;visible&#8221; pointer_events=&#8221;all&#8221;][vc_column_inner column_padding=&#8221;no-extra-padding&#8221; column_padding_tablet=&#8221;inherit&#8221; column_padding_phone=&#8221;inherit&#8221; column_padding_position=&#8221;all&#8221; column_element_direction_desktop=&#8221;default&#8221; column_element_spacing=&#8221;default&#8221; centered_text=&#8221;true&#8221; desktop_text_alignment=&#8221;default&#8221; tablet_text_alignment=&#8221;default&#8221; phone_text_alignment=&#8221;default&#8221; background_color_opacity=&#8221;1&#8243; background_hover_color_opacity=&#8221;1&#8243; column_backdrop_filter=&#8221;none&#8221; column_shadow=&#8221;none&#8221; column_border_radius=&#8221;none&#8221; column_link_target=&#8221;_self&#8221; overflow=&#8221;visible&#8221; gradient_direction=&#8221;left_to_right&#8221; overlay_strength=&#8221;0.3&#8243; width=&#8221;1\/1&#8243; tablet_width_inherit=&#8221;default&#8221; animation_type=&#8221;default&#8221; bg_image_animation=&#8221;none&#8221; border_type=&#8221;simple&#8221; column_border_width=&#8221;none&#8221; column_border_style=&#8221;solid&#8221;][divider line_type=&#8221;No Line&#8221; custom_height=&#8221;50px&#8221;][nectar_btn size=&#8221;large&#8221; open_new_tab=&#8221;true&#8221; button_style=&#8221;see-through-2&#8243; color_override=&#8221;#0f33ce&#8221; hover_color_override=&#8221;#0f33ce&#8221; hover_text_color_override=&#8221;#ffffff&#8221; icon_family=&#8221;none&#8221; url=&#8221;https:\/\/www.intesys.it\/lavora-con-noi\/posizioni-aperte-y-career\/&#8221; text=&#8221;Scopri le nostre posizioni aperte&#8221; margin_top=&#8221;30&#8243;][\/vc_column_inner][\/vc_row_inner][vc_row_inner column_margin=&#8221;default&#8221; column_direction=&#8221;default&#8221; column_direction_tablet=&#8221;default&#8221; column_direction_phone=&#8221;default&#8221; text_align=&#8221;left&#8221; row_position=&#8221;default&#8221; row_position_tablet=&#8221;inherit&#8221; row_position_phone=&#8221;inherit&#8221; overflow=&#8221;visible&#8221; pointer_events=&#8221;all&#8221;][vc_column_inner column_padding=&#8221;no-extra-padding&#8221; column_padding_tablet=&#8221;inherit&#8221; column_padding_phone=&#8221;inherit&#8221; column_padding_position=&#8221;all&#8221; column_element_direction_desktop=&#8221;default&#8221; column_element_spacing=&#8221;default&#8221; desktop_text_alignment=&#8221;default&#8221; tablet_text_alignment=&#8221;default&#8221; phone_text_alignment=&#8221;default&#8221; background_color_opacity=&#8221;1&#8243; background_hover_color_opacity=&#8221;1&#8243; column_backdrop_filter=&#8221;none&#8221; column_shadow=&#8221;none&#8221; column_border_radius=&#8221;none&#8221; column_link_target=&#8221;_self&#8221; overflow=&#8221;visible&#8221; gradient_direction=&#8221;left_to_right&#8221; overlay_strength=&#8221;0.3&#8243; width=&#8221;1\/6&#8243; tablet_width_inherit=&#8221;default&#8221; animation_type=&#8221;default&#8221; bg_image_animation=&#8221;none&#8221; border_type=&#8221;simple&#8221; column_border_width=&#8221;none&#8221; column_border_style=&#8221;solid&#8221;][\/vc_column_inner][vc_column_inner column_padding=&#8221;no-extra-padding&#8221; column_padding_tablet=&#8221;inherit&#8221; column_padding_phone=&#8221;inherit&#8221; column_padding_position=&#8221;all&#8221; column_element_direction_desktop=&#8221;default&#8221; column_element_spacing=&#8221;default&#8221; desktop_text_alignment=&#8221;default&#8221; tablet_text_alignment=&#8221;default&#8221; phone_text_alignment=&#8221;default&#8221; background_color_opacity=&#8221;1&#8243; background_hover_color_opacity=&#8221;1&#8243; column_backdrop_filter=&#8221;none&#8221; column_shadow=&#8221;none&#8221; column_border_radius=&#8221;none&#8221; column_link_target=&#8221;_self&#8221; overflow=&#8221;visible&#8221; gradient_direction=&#8221;left_to_right&#8221; overlay_strength=&#8221;0.3&#8243; width=&#8221;2\/3&#8243; tablet_width_inherit=&#8221;default&#8221; animation_type=&#8221;default&#8221; enable_animation=&#8221;true&#8221; animation=&#8221;fade-in-from-bottom&#8221; animation_easing=&#8221;default&#8221; bg_image_animation=&#8221;none&#8221; border_type=&#8221;simple&#8221; column_border_width=&#8221;none&#8221; column_border_style=&#8221;solid&#8221; delay=&#8221;50&#8243;][vc_custom_heading text=&#8221;Che cosa abbiamo imparato sul workplace ibrido negli ultimi due anni?&#8221; font_container=&#8221;tag:h3|text_align:center|color:%23000000&#8243; use_theme_fonts=&#8221;yes&#8221; css_animation=&#8221;none&#8221;][\/vc_column_inner][vc_column_inner column_padding=&#8221;no-extra-padding&#8221; column_padding_tablet=&#8221;inherit&#8221; column_padding_phone=&#8221;inherit&#8221; column_padding_position=&#8221;all&#8221; column_element_direction_desktop=&#8221;default&#8221; column_element_spacing=&#8221;default&#8221; desktop_text_alignment=&#8221;default&#8221; tablet_text_alignment=&#8221;default&#8221; phone_text_alignment=&#8221;default&#8221; background_color_opacity=&#8221;1&#8243; background_hover_color_opacity=&#8221;1&#8243; column_backdrop_filter=&#8221;none&#8221; column_shadow=&#8221;none&#8221; column_border_radius=&#8221;none&#8221; column_link_target=&#8221;_self&#8221; overflow=&#8221;visible&#8221; gradient_direction=&#8221;left_to_right&#8221; overlay_strength=&#8221;0.3&#8243; width=&#8221;1\/6&#8243; tablet_width_inherit=&#8221;default&#8221; animation_type=&#8221;default&#8221; bg_image_animation=&#8221;none&#8221; border_type=&#8221;simple&#8221; column_border_width=&#8221;none&#8221; column_border_style=&#8221;solid&#8221;][\/vc_column_inner][\/vc_row_inner][vc_row_inner column_margin=&#8221;default&#8221; column_direction=&#8221;default&#8221; column_direction_tablet=&#8221;default&#8221; column_direction_phone=&#8221;default&#8221; top_padding=&#8221;20&#8243; text_align=&#8221;left&#8221; row_position=&#8221;default&#8221; row_position_tablet=&#8221;inherit&#8221; row_position_phone=&#8221;inherit&#8221; overflow=&#8221;visible&#8221; pointer_events=&#8221;all&#8221;][vc_column_inner column_padding=&#8221;padding-3-percent&#8221; column_padding_tablet=&#8221;inherit&#8221; column_padding_phone=&#8221;inherit&#8221; column_padding_position=&#8221;all&#8221; column_element_direction_desktop=&#8221;default&#8221; column_element_spacing=&#8221;default&#8221; centered_text=&#8221;true&#8221; desktop_text_alignment=&#8221;default&#8221; tablet_text_alignment=&#8221;default&#8221; phone_text_alignment=&#8221;default&#8221; background_color_opacity=&#8221;1&#8243; background_hover_color_opacity=&#8221;1&#8243; column_backdrop_filter=&#8221;none&#8221; column_shadow=&#8221;none&#8221; column_border_radius=&#8221;none&#8221; column_link_target=&#8221;_self&#8221; overflow=&#8221;visible&#8221; advanced_gradient_angle=&#8221;0&#8243; gradient_direction=&#8221;left_to_right&#8221; overlay_strength=&#8221;0.3&#8243; width=&#8221;1\/2&#8243; tablet_width_inherit=&#8221;default&#8221; animation_type=&#8221;default&#8221; enable_animation=&#8221;true&#8221; animation=&#8221;fade-in-from-bottom&#8221; animation_easing=&#8221;default&#8221; bg_image_animation=&#8221;none&#8221; border_type=&#8221;simple&#8221; column_border_width=&#8221;none&#8221; column_border_style=&#8221;solid&#8221; gradient_type=&#8221;default&#8221;][nectar_icon icon_family=&#8221;iconsmind&#8221; icon_style=&#8221;default&#8221; icon_color_type=&#8221;color_scheme&#8221; icon_color=&#8221;Accent-Color&#8221; icon_padding=&#8221;0px&#8221; pointer_events=&#8221;all&#8221; icon_iconsmind=&#8221;iconsmind-Libra-2&#8243;][vc_column_text css_animation=&#8221;fadeInUp&#8221; css=&#8221;.vc_custom_1655204106558{margin-bottom: 15px !important;}&#8221;]\n<h5>Equilibrio<\/h5>\n[\/vc_column_text][\/vc_column_inner][vc_column_inner column_padding=&#8221;padding-3-percent&#8221; column_padding_tablet=&#8221;inherit&#8221; column_padding_phone=&#8221;inherit&#8221; column_padding_position=&#8221;all&#8221; column_element_direction_desktop=&#8221;default&#8221; column_element_spacing=&#8221;default&#8221; centered_text=&#8221;true&#8221; desktop_text_alignment=&#8221;default&#8221; tablet_text_alignment=&#8221;default&#8221; phone_text_alignment=&#8221;default&#8221; background_color_opacity=&#8221;1&#8243; background_hover_color_opacity=&#8221;1&#8243; column_backdrop_filter=&#8221;none&#8221; column_shadow=&#8221;none&#8221; column_border_radius=&#8221;none&#8221; column_link_target=&#8221;_self&#8221; overflow=&#8221;visible&#8221; advanced_gradient_angle=&#8221;0&#8243; gradient_direction=&#8221;left_to_right&#8221; overlay_strength=&#8221;0.3&#8243; width=&#8221;1\/2&#8243; tablet_width_inherit=&#8221;default&#8221; animation_type=&#8221;default&#8221; enable_animation=&#8221;true&#8221; animation=&#8221;fade-in-from-bottom&#8221; animation_easing=&#8221;default&#8221; bg_image_animation=&#8221;none&#8221; border_type=&#8221;simple&#8221; column_border_width=&#8221;none&#8221; column_border_style=&#8221;solid&#8221; gradient_type=&#8221;default&#8221;][nectar_icon icon_family=&#8221;iconsmind&#8221; icon_style=&#8221;default&#8221; icon_color_type=&#8221;color_scheme&#8221; icon_color=&#8221;Accent-Color&#8221; icon_padding=&#8221;0px&#8221; pointer_events=&#8221;all&#8221; icon_iconsmind=&#8221;iconsmind-Venn-Diagram&#8221;][vc_column_text css_animation=&#8221;fadeInUp&#8221; css=&#8221;.vc_custom_1655204122452{margin-bottom: 15px !important;}&#8221;]\n<h5>Ambiente<\/h5>\n[\/vc_column_text][\/vc_column_inner][\/vc_row_inner][vc_row_inner column_margin=&#8221;default&#8221; column_direction=&#8221;default&#8221; column_direction_tablet=&#8221;default&#8221; column_direction_phone=&#8221;default&#8221; text_align=&#8221;left&#8221; row_position=&#8221;default&#8221; row_position_tablet=&#8221;inherit&#8221; row_position_phone=&#8221;inherit&#8221; overflow=&#8221;visible&#8221; pointer_events=&#8221;all&#8221;][vc_column_inner column_padding=&#8221;padding-3-percent&#8221; column_padding_tablet=&#8221;inherit&#8221; column_padding_phone=&#8221;inherit&#8221; column_padding_position=&#8221;all&#8221; column_element_direction_desktop=&#8221;default&#8221; column_element_spacing=&#8221;default&#8221; centered_text=&#8221;true&#8221; desktop_text_alignment=&#8221;default&#8221; tablet_text_alignment=&#8221;default&#8221; phone_text_alignment=&#8221;default&#8221; background_color_opacity=&#8221;1&#8243; background_hover_color_opacity=&#8221;1&#8243; column_backdrop_filter=&#8221;none&#8221; column_shadow=&#8221;none&#8221; column_border_radius=&#8221;none&#8221; column_link_target=&#8221;_self&#8221; overflow=&#8221;visible&#8221; advanced_gradient_angle=&#8221;0&#8243; gradient_direction=&#8221;left_to_right&#8221; overlay_strength=&#8221;0.3&#8243; width=&#8221;1\/2&#8243; tablet_width_inherit=&#8221;default&#8221; animation_type=&#8221;default&#8221; enable_animation=&#8221;true&#8221; animation=&#8221;fade-in-from-bottom&#8221; animation_easing=&#8221;default&#8221; bg_image_animation=&#8221;none&#8221; border_type=&#8221;simple&#8221; column_border_width=&#8221;none&#8221; column_border_style=&#8221;solid&#8221; gradient_type=&#8221;default&#8221;][nectar_icon icon_family=&#8221;iconsmind&#8221; icon_style=&#8221;default&#8221; icon_color_type=&#8221;color_scheme&#8221; icon_color=&#8221;Accent-Color&#8221; icon_padding=&#8221;0px&#8221; pointer_events=&#8221;all&#8221; icon_iconsmind=&#8221;iconsmind-Affiliate&#8221;][vc_column_text css_animation=&#8221;fadeInUp&#8221; css=&#8221;.vc_custom_1655204146760{margin-bottom: 15px !important;}&#8221;]\n<h5>Condivisione<\/h5>\n[\/vc_column_text][\/vc_column_inner][vc_column_inner column_padding=&#8221;padding-3-percent&#8221; column_padding_tablet=&#8221;inherit&#8221; column_padding_phone=&#8221;inherit&#8221; column_padding_position=&#8221;all&#8221; column_element_direction_desktop=&#8221;default&#8221; column_element_spacing=&#8221;default&#8221; centered_text=&#8221;true&#8221; desktop_text_alignment=&#8221;default&#8221; tablet_text_alignment=&#8221;default&#8221; phone_text_alignment=&#8221;default&#8221; background_color_opacity=&#8221;1&#8243; background_hover_color_opacity=&#8221;1&#8243; column_backdrop_filter=&#8221;none&#8221; column_shadow=&#8221;none&#8221; column_border_radius=&#8221;none&#8221; column_link_target=&#8221;_self&#8221; overflow=&#8221;visible&#8221; advanced_gradient_angle=&#8221;0&#8243; gradient_direction=&#8221;left_to_right&#8221; overlay_strength=&#8221;0.3&#8243; width=&#8221;1\/2&#8243; tablet_width_inherit=&#8221;default&#8221; animation_type=&#8221;default&#8221; enable_animation=&#8221;true&#8221; animation=&#8221;fade-in-from-bottom&#8221; animation_easing=&#8221;default&#8221; bg_image_animation=&#8221;none&#8221; border_type=&#8221;simple&#8221; column_border_width=&#8221;none&#8221; column_border_style=&#8221;solid&#8221; gradient_type=&#8221;default&#8221;][nectar_icon icon_family=&#8221;iconsmind&#8221; icon_style=&#8221;default&#8221; icon_color_type=&#8221;color_scheme&#8221; icon_color=&#8221;Accent-Color&#8221; icon_padding=&#8221;0px&#8221; pointer_events=&#8221;all&#8221; icon_iconsmind=&#8221;iconsmind-Cardiovascular&#8221;][vc_column_text css_animation=&#8221;fadeInUp&#8221; css=&#8221;.vc_custom_1655204218988{margin-bottom: 15px !important;}&#8221;]\n<h5>Benessere<\/h5>\n[\/vc_column_text][\/vc_column_inner][\/vc_row_inner][\/vc_column][\/vc_row][vc_row type=&#8221;in_container&#8221; full_screen_row_position=&#8221;middle&#8221; column_margin=&#8221;default&#8221; column_direction=&#8221;default&#8221; column_direction_tablet=&#8221;default&#8221; column_direction_phone=&#8221;default&#8221; scene_position=&#8221;center&#8221; top_padding=&#8221;4%&#8221; text_color=&#8221;dark&#8221; text_align=&#8221;left&#8221; row_border_radius=&#8221;none&#8221; row_border_radius_applies=&#8221;bg&#8221; overflow=&#8221;visible&#8221; advanced_gradient_angle=&#8221;0&#8243; overlay_strength=&#8221;0.3&#8243; gradient_direction=&#8221;left_to_right&#8221; shape_divider_position=&#8221;bottom&#8221; bg_image_animation=&#8221;none&#8221; gradient_type=&#8221;default&#8221; shape_type=&#8221;&#8221;][vc_column column_padding=&#8221;no-extra-padding&#8221; column_padding_tablet=&#8221;inherit&#8221; column_padding_phone=&#8221;inherit&#8221; column_padding_position=&#8221;all&#8221; column_element_direction_desktop=&#8221;default&#8221; column_element_spacing=&#8221;default&#8221; desktop_text_alignment=&#8221;default&#8221; tablet_text_alignment=&#8221;default&#8221; phone_text_alignment=&#8221;default&#8221; background_color_opacity=&#8221;1&#8243; background_hover_color_opacity=&#8221;1&#8243; column_backdrop_filter=&#8221;none&#8221; column_shadow=&#8221;none&#8221; column_border_radius=&#8221;none&#8221; column_link_target=&#8221;_self&#8221; column_position=&#8221;default&#8221; el_class=&#8221;y-blog&#8221; advanced_gradient_angle=&#8221;0&#8243; gradient_direction=&#8221;left_to_right&#8221; overlay_strength=&#8221;0.3&#8243; width=&#8221;1\/1&#8243; tablet_width_inherit=&#8221;default&#8221; animation_type=&#8221;default&#8221; bg_image_animation=&#8221;none&#8221; border_type=&#8221;simple&#8221; column_border_width=&#8221;none&#8221; column_border_style=&#8221;solid&#8221; gradient_type=&#8221;default&#8221;][vc_column_text]\n<h3>1. Abbiamo imparato a bilanciare vita personale e professionale<\/h3>\n<p>Il modello di hybrid workplace \u00e8 l\u2019ideale per <strong>conciliare le esigenze delle persone<\/strong>, dando il giusto spazio al lavoro, alla famiglia, alla socialit\u00e0 e alle passioni personali. Anche seguire i propri figli o i lavori di casa diventa meno complicato, perch\u00e9 la <strong>flessibilit\u00e0<\/strong> del lavoro ibrido d\u00e0 a ciascuno gli strumenti per organizzarsi al meglio: per esempio, lavorando da remoto non \u00e8 necessario prendere un giorno di permesso per essere presente durante dei lavori effettuati in casa.<br \/>\nFavorisce la definizione dei <strong>limiti tra spazio lavorativo e spazio personale<\/strong>, sia nell\u2019organizzazione del proprio tempo che della propria casa: anche questo \u00e8 un presupposto fondamentale per una maggiore serenit\u00e0 del collaboratore.<\/p>\n<h3>2. Abbiamo ridotto il nostro impatto ambientale<\/h3>\n<p>Monitorare il proprio impatto ambientale come azienda \u00e8 un dovere imprescindibile di cui tutti dobbiamo diventare consapevoli: il lavoro ibrido, riducendo gli spostamenti dei collaboratori, \u00e8 uno strumento utilissimo per <strong>migliorare la propria impronta ecologica<\/strong> e contribuire a uno stile di vita pi\u00f9 sostenibile. Nel calcolo della nostra <a href=\"https:\/\/www.intesys.it\/lavora-con-noi\/carbon-footprint-come-monitoriamo-il-nostro-impatto-ambientale\/\">carbon footprint<\/a>, la voce pi\u00f9 impattante \u00e8 sempre stata quella delle percorrenze giornaliere casa-lavoro-casa di ogni persona di Intesys. Nel 2020 l\u2019applicazione del remote working ci ha permesso di ridurre di oltre 60 tonnellate \u201cequivalenti\u201d rispetto al 2019 il livello di CO2 prodotte da Intesys.<\/p>\n<h3>3. Abbiamo riscoperto il valore della socialit\u00e0 e della condivisione diretta<\/h3>\n<p>Certe cose non si possono sostituire e tornando a vederci di persona ce ne siamo tutti resi conto: il confronto diretto con un collega, incrociare le persone anche di altri team in sala caff\u00e8 e scambiare due parole, poter incontrare tutta la propria squadra al completo. La <strong>condivisione<\/strong>, sia nella progettualit\u00e0 che nel dialogo interno, \u00e8 fondamentale per trasformare un\u2019azienda in un agglomerato armonioso e attivo di idee, competenze e professionalit\u00e0: il workplace ibrido permette di recuperare questo valore chiave e di <strong>valorizzare al massimo i momenti di incontro<\/strong> fisici.<\/p>\n<h3>4. Abbiamo migliorato sia la nostra produttivit\u00e0 che il benessere psicofisico<\/h3>\n<p>La riduzione degli spostamenti logistici <strong>d\u00e0 a ogni collaboratore pi\u00f9 tempo<\/strong> da dedicare alla famiglia, alle proprie attivit\u00e0 personali e per organizzare al meglio i propri obiettivi. Vi \u00e8 pi\u00f9 tranquillit\u00e0 per chi doveva fare spostamenti stressanti, pi\u00f9 concentrazione per chi preferisce lavorare in solitario, si riesce a dividere meglio sfera lavorativa da quella privata e chi ha bisogno del contatto con i colleghi ha pi\u00f9 socialit\u00e0.<br \/>\nIl modello ibrido favorisce un <strong>maggiore benessere psicofisico<\/strong> del collaboratore e in questo modo ne <strong>migliora anche la produttivit\u00e0<\/strong>, che in Intesys non ha subito cali dall\u2019inizio della pandemia.[\/vc_column_text][\/vc_column][\/vc_row][vc_row type=&#8221;full_width_background&#8221; full_screen_row_position=&#8221;middle&#8221; column_margin=&#8221;default&#8221; column_direction=&#8221;default&#8221; column_direction_tablet=&#8221;default&#8221; column_direction_phone=&#8221;default&#8221; bg_color=&#8221;#ffffff&#8221; scene_position=&#8221;center&#8221; top_padding=&#8221;4%&#8221; bottom_padding=&#8221;6%&#8221; text_color=&#8221;dark&#8221; text_align=&#8221;left&#8221; row_border_radius=&#8221;none&#8221; row_border_radius_applies=&#8221;bg&#8221; overflow=&#8221;visible&#8221; advanced_gradient_angle=&#8221;0&#8243; overlay_strength=&#8221;0.3&#8243; gradient_direction=&#8221;left_to_right&#8221; shape_divider_position=&#8221;bottom&#8221; bg_image_animation=&#8221;none&#8221; shape_type=&#8221;&#8221; gradient_type=&#8221;default&#8221;][vc_column column_padding=&#8221;no-extra-padding&#8221; column_padding_tablet=&#8221;inherit&#8221; column_padding_phone=&#8221;inherit&#8221; column_padding_position=&#8221;all&#8221; top_margin=&#8221;30&#8243; bottom_margin=&#8221;30&#8243; column_element_direction_desktop=&#8221;default&#8221; column_element_spacing=&#8221;default&#8221; desktop_text_alignment=&#8221;default&#8221; tablet_text_alignment=&#8221;default&#8221; phone_text_alignment=&#8221;default&#8221; background_color_opacity=&#8221;1&#8243; background_hover_color_opacity=&#8221;1&#8243; column_backdrop_filter=&#8221;none&#8221; column_shadow=&#8221;none&#8221; column_border_radius=&#8221;none&#8221; column_link_target=&#8221;_self&#8221; column_position=&#8221;default&#8221; advanced_gradient_angle=&#8221;0&#8243; gradient_direction=&#8221;left_to_right&#8221; overlay_strength=&#8221;0.3&#8243; width=&#8221;1\/1&#8243; tablet_width_inherit=&#8221;default&#8221; animation_type=&#8221;default&#8221; bg_image_animation=&#8221;none&#8221; border_type=&#8221;simple&#8221; column_border_width=&#8221;none&#8221; column_border_style=&#8221;solid&#8221; gradient_type=&#8221;default&#8221;][vc_column_text]\n<h3 class=\"quote clearfix\" style=\"text-align: center; font-weight: 200;\"><em>Il nostro modello di workplace ibrido \u00e8 in costante evoluzione per conciliare al meglio gli <strong>obiettivi di crescita aziendali<\/strong> con le <strong>esigenze dei nostri collaboratori<\/strong>, valorizzando al massimo il potenziale delle nostre risorse interne: Intesys \u00e8 un grande organismo il cui cuore \u00e8 la nostra squadra di persone e ci impegniamo ogni giorno a valorizzarne al massimo il potenziale.<\/em><\/h3>\n[\/vc_column_text][\/vc_column][\/vc_row][vc_row type=&#8221;full_width_content&#8221; full_screen_row_position=&#8221;middle&#8221; column_margin=&#8221;default&#8221; column_direction=&#8221;default&#8221; column_direction_tablet=&#8221;default&#8221; column_direction_phone=&#8221;default&#8221; bg_color=&#8221;#f6f6f6&#8243; scene_position=&#8221;center&#8221; top_padding=&#8221;60&#8243; bottom_padding=&#8221;60&#8243; text_color=&#8221;dark&#8221; text_align=&#8221;left&#8221; row_border_radius=&#8221;none&#8221; row_border_radius_applies=&#8221;bg&#8221; overflow=&#8221;visible&#8221; advanced_gradient_angle=&#8221;0&#8243; overlay_strength=&#8221;0.3&#8243; gradient_direction=&#8221;left_to_right&#8221; shape_divider_position=&#8221;bottom&#8221; bg_image_animation=&#8221;none&#8221; gradient_type=&#8221;default&#8221; shape_type=&#8221;&#8221;][vc_column column_padding=&#8221;no-extra-padding&#8221; column_padding_tablet=&#8221;inherit&#8221; column_padding_phone=&#8221;inherit&#8221; column_padding_position=&#8221;all&#8221; column_element_direction_desktop=&#8221;default&#8221; column_element_spacing=&#8221;default&#8221; desktop_text_alignment=&#8221;default&#8221; tablet_text_alignment=&#8221;default&#8221; phone_text_alignment=&#8221;default&#8221; background_color_opacity=&#8221;1&#8243; background_hover_color_opacity=&#8221;1&#8243; column_backdrop_filter=&#8221;none&#8221; column_shadow=&#8221;none&#8221; column_border_radius=&#8221;none&#8221; column_link_target=&#8221;_self&#8221; column_position=&#8221;default&#8221; advanced_gradient_angle=&#8221;0&#8243; gradient_direction=&#8221;left_to_right&#8221; overlay_strength=&#8221;0.3&#8243; width=&#8221;1\/1&#8243; tablet_width_inherit=&#8221;default&#8221; animation_type=&#8221;default&#8221; bg_image_animation=&#8221;none&#8221; border_type=&#8221;simple&#8221; column_border_width=&#8221;none&#8221; column_border_style=&#8221;solid&#8221; gradient_type=&#8221;default&#8221;][vc_column_text css=&#8221;.vc_custom_1645778012503{padding-bottom: 20px !important;}&#8221;]\n<h3 style=\"font-weight: 200; color: black !important; text-align: center;\"><strong>Articoli correlati<\/strong><\/h3>\n[\/vc_column_text][nectar_post_grid post_type=&#8221;post&#8221; blog_category=&#8221;all&#8221; order=&#8221;DESC&#8221; orderby=&#8221;date&#8221; pagination=&#8221;none&#8221; columns=&#8221;4&#8243; grid_item_spacing=&#8221;25px&#8221; grid_item_height=&#8221;30vh&#8221; image_size=&#8221;full&#8221; image_loading=&#8221;default&#8221; animation=&#8221;fade-in-from-bottom&#8221; heading_tag=&#8221;default&#8221; display_categories=&#8221;yes&#8221; category_functionality=&#8221;default&#8221; category_position=&#8221;default&#8221; grid_style=&#8221;content_under_image&#8221; content_under_image_text_align=&#8221;left&#8221; text_color=&#8221;dark&#8221; hover_effect=&#8221;zoom&#8221; border_radius=&#8221;5px&#8221; posts_per_page=&#8221;4&#8243; custom_font_size=&#8221;20&#8243;][\/vc_column][\/vc_row][vc_row type=&#8221;in_container&#8221; full_screen_row_position=&#8221;middle&#8221; column_margin=&#8221;default&#8221; column_direction=&#8221;default&#8221; column_direction_tablet=&#8221;default&#8221; column_direction_phone=&#8221;default&#8221; scene_position=&#8221;center&#8221; text_color=&#8221;dark&#8221; text_align=&#8221;left&#8221; row_border_radius=&#8221;none&#8221; row_border_radius_applies=&#8221;bg&#8221; overflow=&#8221;visible&#8221; overlay_strength=&#8221;0.3&#8243; gradient_direction=&#8221;left_to_right&#8221; shape_divider_position=&#8221;bottom&#8221; bg_image_animation=&#8221;none&#8221;][vc_column column_padding=&#8221;no-extra-padding&#8221; column_padding_tablet=&#8221;inherit&#8221; column_padding_phone=&#8221;inherit&#8221; column_padding_position=&#8221;all&#8221; column_element_direction_desktop=&#8221;default&#8221; column_element_spacing=&#8221;default&#8221; desktop_text_alignment=&#8221;default&#8221; tablet_text_alignment=&#8221;default&#8221; phone_text_alignment=&#8221;default&#8221; background_color_opacity=&#8221;1&#8243; background_hover_color_opacity=&#8221;1&#8243; column_backdrop_filter=&#8221;none&#8221; column_shadow=&#8221;none&#8221; column_border_radius=&#8221;none&#8221; column_link_target=&#8221;_self&#8221; column_position=&#8221;default&#8221; gradient_direction=&#8221;left_to_right&#8221; overlay_strength=&#8221;0.3&#8243; width=&#8221;1\/1&#8243; tablet_width_inherit=&#8221;default&#8221; animation_type=&#8221;default&#8221; bg_image_animation=&#8221;none&#8221; border_type=&#8221;simple&#8221; column_border_width=&#8221;none&#8221; column_border_style=&#8221;solid&#8221;][nectar_global_section id=&#8221;10821&#8243;][\/vc_column][\/vc_row]\n","protected":false},"excerpt":{"rendered":"<p>[vc_row type=&#8221;in_container&#8221; full_screen_row_position=&#8221;middle&#8221; column_margin=&#8221;default&#8221; column_direction=&#8221;default&#8221; column_direction_tablet=&#8221;default&#8221; column_direction_phone=&#8221;default&#8221; scene_position=&#8221;center&#8221; top_padding=&#8221;2%&#8221; bottom_padding=&#8221;6%&#8221;&#8230;<\/p>\n","protected":false},"author":16,"featured_media":9028,"comment_status":"closed","ping_status":"open","sticky":false,"template":"","format":"standard","meta":{"_acf_changed":false,"inline_featured_image":false,"footnotes":""},"categories":[52],"tags":[80,81,77,79,78],"class_list":{"0":"post-9007","1":"post","2":"type-post","3":"status-publish","4":"format-standard","5":"has-post-thumbnail","7":"category-worklife","8":"tag-cultura-aziendale","9":"tag-flessibilita","10":"tag-smart-working","11":"tag-welfare-aziendale","12":"tag-workplace-ibrido"},"acf":[],"yoast_head":"<!-- This site is optimized with the Yoast SEO plugin v25.8 - https:\/\/yoast.com\/wordpress\/plugins\/seo\/ -->\n<title>Workplace ibrido: 4 lezioni che abbiamo imparato<\/title>\n<meta name=\"description\" content=\"Il workplace ibrido si \u00e8 diffuso sempre di pi\u00f9 dalla pandemia in poi: scopriamo le caratteristiche di questo modello di lavoro.\" \/>\n<meta name=\"robots\" content=\"index, follow, max-snippet:-1, max-image-preview:large, max-video-preview:-1\" \/>\n<link rel=\"canonical\" href=\"https:\/\/www.intesys.it\/lavora-con-noi\/workplace-ibrido-4-lezioni-che-abbiamo-imparato\/\" \/>\n<meta property=\"og:locale\" content=\"it_IT\" \/>\n<meta property=\"og:type\" content=\"article\" \/>\n<meta property=\"og:title\" content=\"Workplace ibrido: 4 lezioni che abbiamo imparato\" \/>\n<meta property=\"og:description\" content=\"Il workplace ibrido si \u00e8 diffuso sempre di pi\u00f9 dalla pandemia in poi: scopriamo le caratteristiche di questo modello di lavoro.\" \/>\n<meta property=\"og:url\" content=\"https:\/\/www.intesys.it\/lavora-con-noi\/workplace-ibrido-4-lezioni-che-abbiamo-imparato\/\" \/>\n<meta property=\"og:site_name\" content=\"Lavora con noi | Intesys\" \/>\n<meta property=\"article:published_time\" content=\"2022-06-23T08:39:17+00:00\" \/>\n<meta property=\"article:modified_time\" content=\"2023-08-31T09:00:09+00:00\" \/>\n<meta property=\"og:image\" content=\"https:\/\/www.intesys.it\/lavora-con-noi\/wp-content\/uploads\/sites\/11\/2022\/06\/workplace-ibrido-1.png\" \/>\n\t<meta property=\"og:image:width\" content=\"2048\" \/>\n\t<meta property=\"og:image:height\" content=\"1152\" \/>\n\t<meta property=\"og:image:type\" content=\"image\/png\" \/>\n<meta name=\"author\" content=\"Valentina Meneghelli\" \/>\n<meta name=\"twitter:card\" content=\"summary_large_image\" \/>\n<meta name=\"twitter:label1\" content=\"Scritto da\" \/>\n\t<meta name=\"twitter:data1\" content=\"Valentina Meneghelli\" \/>\n\t<meta name=\"twitter:label2\" content=\"Tempo di lettura stimato\" \/>\n\t<meta name=\"twitter:data2\" content=\"9 minuti\" \/>\n<script type=\"application\/ld+json\" class=\"yoast-schema-graph\">{\"@context\":\"https:\/\/schema.org\",\"@graph\":[{\"@type\":\"Article\",\"@id\":\"https:\/\/www.intesys.it\/lavora-con-noi\/workplace-ibrido-4-lezioni-che-abbiamo-imparato\/#article\",\"isPartOf\":{\"@id\":\"https:\/\/www.intesys.it\/lavora-con-noi\/workplace-ibrido-4-lezioni-che-abbiamo-imparato\/\"},\"author\":{\"name\":\"Valentina Meneghelli\",\"@id\":\"https:\/\/www.intesys.it\/lavora-con-noi\/#\/schema\/person\/22e1a4509891ae05f1123aca139a8c5b\"},\"headline\":\"Workplace ibrido: 4 lezioni che abbiamo imparato\",\"datePublished\":\"2022-06-23T08:39:17+00:00\",\"dateModified\":\"2023-08-31T09:00:09+00:00\",\"mainEntityOfPage\":{\"@id\":\"https:\/\/www.intesys.it\/lavora-con-noi\/workplace-ibrido-4-lezioni-che-abbiamo-imparato\/\"},\"wordCount\":3439,\"publisher\":{\"@id\":\"https:\/\/www.intesys.it\/lavora-con-noi\/#organization\"},\"image\":{\"@id\":\"https:\/\/www.intesys.it\/lavora-con-noi\/workplace-ibrido-4-lezioni-che-abbiamo-imparato\/#primaryimage\"},\"thumbnailUrl\":\"https:\/\/www.intesys.it\/lavora-con-noi\/wp-content\/uploads\/sites\/11\/2022\/06\/workplace-ibrido.png\",\"keywords\":[\"cultura aziendale\",\"flessibilit\u00e0\",\"smart working\",\"welfare aziendale\",\"workplace ibrido\"],\"articleSection\":[\"Worklife\"],\"inLanguage\":\"it-IT\"},{\"@type\":\"WebPage\",\"@id\":\"https:\/\/www.intesys.it\/lavora-con-noi\/workplace-ibrido-4-lezioni-che-abbiamo-imparato\/\",\"url\":\"https:\/\/www.intesys.it\/lavora-con-noi\/workplace-ibrido-4-lezioni-che-abbiamo-imparato\/\",\"name\":\"Workplace ibrido: 4 lezioni che abbiamo imparato\",\"isPartOf\":{\"@id\":\"https:\/\/www.intesys.it\/lavora-con-noi\/#website\"},\"primaryImageOfPage\":{\"@id\":\"https:\/\/www.intesys.it\/lavora-con-noi\/workplace-ibrido-4-lezioni-che-abbiamo-imparato\/#primaryimage\"},\"image\":{\"@id\":\"https:\/\/www.intesys.it\/lavora-con-noi\/workplace-ibrido-4-lezioni-che-abbiamo-imparato\/#primaryimage\"},\"thumbnailUrl\":\"https:\/\/www.intesys.it\/lavora-con-noi\/wp-content\/uploads\/sites\/11\/2022\/06\/workplace-ibrido.png\",\"datePublished\":\"2022-06-23T08:39:17+00:00\",\"dateModified\":\"2023-08-31T09:00:09+00:00\",\"description\":\"Il workplace ibrido si \u00e8 diffuso sempre di pi\u00f9 dalla pandemia in poi: scopriamo le caratteristiche di questo modello di lavoro.\",\"breadcrumb\":{\"@id\":\"https:\/\/www.intesys.it\/lavora-con-noi\/workplace-ibrido-4-lezioni-che-abbiamo-imparato\/#breadcrumb\"},\"inLanguage\":\"it-IT\",\"potentialAction\":[{\"@type\":\"ReadAction\",\"target\":[\"https:\/\/www.intesys.it\/lavora-con-noi\/workplace-ibrido-4-lezioni-che-abbiamo-imparato\/\"]}]},{\"@type\":\"ImageObject\",\"inLanguage\":\"it-IT\",\"@id\":\"https:\/\/www.intesys.it\/lavora-con-noi\/workplace-ibrido-4-lezioni-che-abbiamo-imparato\/#primaryimage\",\"url\":\"https:\/\/www.intesys.it\/lavora-con-noi\/wp-content\/uploads\/sites\/11\/2022\/06\/workplace-ibrido.png\",\"contentUrl\":\"https:\/\/www.intesys.it\/lavora-con-noi\/wp-content\/uploads\/sites\/11\/2022\/06\/workplace-ibrido.png\",\"width\":2048,\"height\":1152},{\"@type\":\"BreadcrumbList\",\"@id\":\"https:\/\/www.intesys.it\/lavora-con-noi\/workplace-ibrido-4-lezioni-che-abbiamo-imparato\/#breadcrumb\",\"itemListElement\":[{\"@type\":\"ListItem\",\"position\":1,\"name\":\"Home\",\"item\":\"https:\/\/www.intesys.it\/lavora-con-noi\/\"},{\"@type\":\"ListItem\",\"position\":2,\"name\":\"Workplace ibrido: 4 lezioni che abbiamo imparato\"}]},{\"@type\":\"WebSite\",\"@id\":\"https:\/\/www.intesys.it\/lavora-con-noi\/#website\",\"url\":\"https:\/\/www.intesys.it\/lavora-con-noi\/\",\"name\":\"Lavora con noi | Intesys\",\"description\":\"Open to your talents\",\"publisher\":{\"@id\":\"https:\/\/www.intesys.it\/lavora-con-noi\/#organization\"},\"potentialAction\":[{\"@type\":\"SearchAction\",\"target\":{\"@type\":\"EntryPoint\",\"urlTemplate\":\"https:\/\/www.intesys.it\/lavora-con-noi\/?s={search_term_string}\"},\"query-input\":{\"@type\":\"PropertyValueSpecification\",\"valueRequired\":true,\"valueName\":\"search_term_string\"}}],\"inLanguage\":\"it-IT\"},{\"@type\":\"Organization\",\"@id\":\"https:\/\/www.intesys.it\/lavora-con-noi\/#organization\",\"name\":\"Intesys\",\"url\":\"https:\/\/www.intesys.it\/lavora-con-noi\/\",\"logo\":{\"@type\":\"ImageObject\",\"inLanguage\":\"it-IT\",\"@id\":\"https:\/\/www.intesys.it\/lavora-con-noi\/#\/schema\/logo\/image\/\",\"url\":\"https:\/\/www.intesys.it\/lavora-con-noi\/wp-content\/uploads\/sites\/11\/2020\/01\/Intesys-Logo.png\",\"contentUrl\":\"https:\/\/www.intesys.it\/lavora-con-noi\/wp-content\/uploads\/sites\/11\/2020\/01\/Intesys-Logo.png\",\"width\":380,\"height\":133,\"caption\":\"Intesys\"},\"image\":{\"@id\":\"https:\/\/www.intesys.it\/lavora-con-noi\/#\/schema\/logo\/image\/\"}},{\"@type\":\"Person\",\"@id\":\"https:\/\/www.intesys.it\/lavora-con-noi\/#\/schema\/person\/22e1a4509891ae05f1123aca139a8c5b\",\"name\":\"Valentina Meneghelli\",\"image\":{\"@type\":\"ImageObject\",\"inLanguage\":\"it-IT\",\"@id\":\"https:\/\/www.intesys.it\/lavora-con-noi\/#\/schema\/person\/image\/\",\"url\":\"https:\/\/secure.gravatar.com\/avatar\/2c28d116f8d82fda1144d0f0943d205898675f07294998a9741d78275d94f080?s=96&d=mm&r=g\",\"contentUrl\":\"https:\/\/secure.gravatar.com\/avatar\/2c28d116f8d82fda1144d0f0943d205898675f07294998a9741d78275d94f080?s=96&d=mm&r=g\",\"caption\":\"Valentina Meneghelli\"},\"url\":\"https:\/\/www.intesys.it\/lavora-con-noi\/author\/valentina-meneghelli\/\"}]}<\/script>\n<!-- \/ Yoast SEO plugin. -->","yoast_head_json":{"title":"Workplace ibrido: 4 lezioni che abbiamo imparato","description":"Il workplace ibrido si \u00e8 diffuso sempre di pi\u00f9 dalla pandemia in poi: scopriamo le caratteristiche di questo modello di lavoro.","robots":{"index":"index","follow":"follow","max-snippet":"max-snippet:-1","max-image-preview":"max-image-preview:large","max-video-preview":"max-video-preview:-1"},"canonical":"https:\/\/www.intesys.it\/lavora-con-noi\/workplace-ibrido-4-lezioni-che-abbiamo-imparato\/","og_locale":"it_IT","og_type":"article","og_title":"Workplace ibrido: 4 lezioni che abbiamo imparato","og_description":"Il workplace ibrido si \u00e8 diffuso sempre di pi\u00f9 dalla pandemia in poi: scopriamo le caratteristiche di questo modello di lavoro.","og_url":"https:\/\/www.intesys.it\/lavora-con-noi\/workplace-ibrido-4-lezioni-che-abbiamo-imparato\/","og_site_name":"Lavora con noi | Intesys","article_published_time":"2022-06-23T08:39:17+00:00","article_modified_time":"2023-08-31T09:00:09+00:00","og_image":[{"width":2048,"height":1152,"url":"https:\/\/www.intesys.it\/lavora-con-noi\/wp-content\/uploads\/sites\/11\/2022\/06\/workplace-ibrido-1.png","type":"image\/png"}],"author":"Valentina Meneghelli","twitter_card":"summary_large_image","twitter_misc":{"Scritto da":"Valentina Meneghelli","Tempo di lettura stimato":"9 minuti"},"schema":{"@context":"https:\/\/schema.org","@graph":[{"@type":"Article","@id":"https:\/\/www.intesys.it\/lavora-con-noi\/workplace-ibrido-4-lezioni-che-abbiamo-imparato\/#article","isPartOf":{"@id":"https:\/\/www.intesys.it\/lavora-con-noi\/workplace-ibrido-4-lezioni-che-abbiamo-imparato\/"},"author":{"name":"Valentina Meneghelli","@id":"https:\/\/www.intesys.it\/lavora-con-noi\/#\/schema\/person\/22e1a4509891ae05f1123aca139a8c5b"},"headline":"Workplace ibrido: 4 lezioni che abbiamo imparato","datePublished":"2022-06-23T08:39:17+00:00","dateModified":"2023-08-31T09:00:09+00:00","mainEntityOfPage":{"@id":"https:\/\/www.intesys.it\/lavora-con-noi\/workplace-ibrido-4-lezioni-che-abbiamo-imparato\/"},"wordCount":3439,"publisher":{"@id":"https:\/\/www.intesys.it\/lavora-con-noi\/#organization"},"image":{"@id":"https:\/\/www.intesys.it\/lavora-con-noi\/workplace-ibrido-4-lezioni-che-abbiamo-imparato\/#primaryimage"},"thumbnailUrl":"https:\/\/www.intesys.it\/lavora-con-noi\/wp-content\/uploads\/sites\/11\/2022\/06\/workplace-ibrido.png","keywords":["cultura aziendale","flessibilit\u00e0","smart working","welfare aziendale","workplace ibrido"],"articleSection":["Worklife"],"inLanguage":"it-IT"},{"@type":"WebPage","@id":"https:\/\/www.intesys.it\/lavora-con-noi\/workplace-ibrido-4-lezioni-che-abbiamo-imparato\/","url":"https:\/\/www.intesys.it\/lavora-con-noi\/workplace-ibrido-4-lezioni-che-abbiamo-imparato\/","name":"Workplace ibrido: 4 lezioni che abbiamo imparato","isPartOf":{"@id":"https:\/\/www.intesys.it\/lavora-con-noi\/#website"},"primaryImageOfPage":{"@id":"https:\/\/www.intesys.it\/lavora-con-noi\/workplace-ibrido-4-lezioni-che-abbiamo-imparato\/#primaryimage"},"image":{"@id":"https:\/\/www.intesys.it\/lavora-con-noi\/workplace-ibrido-4-lezioni-che-abbiamo-imparato\/#primaryimage"},"thumbnailUrl":"https:\/\/www.intesys.it\/lavora-con-noi\/wp-content\/uploads\/sites\/11\/2022\/06\/workplace-ibrido.png","datePublished":"2022-06-23T08:39:17+00:00","dateModified":"2023-08-31T09:00:09+00:00","description":"Il workplace ibrido si \u00e8 diffuso sempre di pi\u00f9 dalla pandemia in poi: scopriamo le caratteristiche di questo modello di lavoro.","breadcrumb":{"@id":"https:\/\/www.intesys.it\/lavora-con-noi\/workplace-ibrido-4-lezioni-che-abbiamo-imparato\/#breadcrumb"},"inLanguage":"it-IT","potentialAction":[{"@type":"ReadAction","target":["https:\/\/www.intesys.it\/lavora-con-noi\/workplace-ibrido-4-lezioni-che-abbiamo-imparato\/"]}]},{"@type":"ImageObject","inLanguage":"it-IT","@id":"https:\/\/www.intesys.it\/lavora-con-noi\/workplace-ibrido-4-lezioni-che-abbiamo-imparato\/#primaryimage","url":"https:\/\/www.intesys.it\/lavora-con-noi\/wp-content\/uploads\/sites\/11\/2022\/06\/workplace-ibrido.png","contentUrl":"https:\/\/www.intesys.it\/lavora-con-noi\/wp-content\/uploads\/sites\/11\/2022\/06\/workplace-ibrido.png","width":2048,"height":1152},{"@type":"BreadcrumbList","@id":"https:\/\/www.intesys.it\/lavora-con-noi\/workplace-ibrido-4-lezioni-che-abbiamo-imparato\/#breadcrumb","itemListElement":[{"@type":"ListItem","position":1,"name":"Home","item":"https:\/\/www.intesys.it\/lavora-con-noi\/"},{"@type":"ListItem","position":2,"name":"Workplace ibrido: 4 lezioni che abbiamo imparato"}]},{"@type":"WebSite","@id":"https:\/\/www.intesys.it\/lavora-con-noi\/#website","url":"https:\/\/www.intesys.it\/lavora-con-noi\/","name":"Lavora con noi | Intesys","description":"Open to your talents","publisher":{"@id":"https:\/\/www.intesys.it\/lavora-con-noi\/#organization"},"potentialAction":[{"@type":"SearchAction","target":{"@type":"EntryPoint","urlTemplate":"https:\/\/www.intesys.it\/lavora-con-noi\/?s={search_term_string}"},"query-input":{"@type":"PropertyValueSpecification","valueRequired":true,"valueName":"search_term_string"}}],"inLanguage":"it-IT"},{"@type":"Organization","@id":"https:\/\/www.intesys.it\/lavora-con-noi\/#organization","name":"Intesys","url":"https:\/\/www.intesys.it\/lavora-con-noi\/","logo":{"@type":"ImageObject","inLanguage":"it-IT","@id":"https:\/\/www.intesys.it\/lavora-con-noi\/#\/schema\/logo\/image\/","url":"https:\/\/www.intesys.it\/lavora-con-noi\/wp-content\/uploads\/sites\/11\/2020\/01\/Intesys-Logo.png","contentUrl":"https:\/\/www.intesys.it\/lavora-con-noi\/wp-content\/uploads\/sites\/11\/2020\/01\/Intesys-Logo.png","width":380,"height":133,"caption":"Intesys"},"image":{"@id":"https:\/\/www.intesys.it\/lavora-con-noi\/#\/schema\/logo\/image\/"}},{"@type":"Person","@id":"https:\/\/www.intesys.it\/lavora-con-noi\/#\/schema\/person\/22e1a4509891ae05f1123aca139a8c5b","name":"Valentina Meneghelli","image":{"@type":"ImageObject","inLanguage":"it-IT","@id":"https:\/\/www.intesys.it\/lavora-con-noi\/#\/schema\/person\/image\/","url":"https:\/\/secure.gravatar.com\/avatar\/2c28d116f8d82fda1144d0f0943d205898675f07294998a9741d78275d94f080?s=96&d=mm&r=g","contentUrl":"https:\/\/secure.gravatar.com\/avatar\/2c28d116f8d82fda1144d0f0943d205898675f07294998a9741d78275d94f080?s=96&d=mm&r=g","caption":"Valentina Meneghelli"},"url":"https:\/\/www.intesys.it\/lavora-con-noi\/author\/valentina-meneghelli\/"}]}},"_links":{"self":[{"href":"https:\/\/www.intesys.it\/lavora-con-noi\/wp-json\/wp\/v2\/posts\/9007","targetHints":{"allow":["GET"]}}],"collection":[{"href":"https:\/\/www.intesys.it\/lavora-con-noi\/wp-json\/wp\/v2\/posts"}],"about":[{"href":"https:\/\/www.intesys.it\/lavora-con-noi\/wp-json\/wp\/v2\/types\/post"}],"author":[{"embeddable":true,"href":"https:\/\/www.intesys.it\/lavora-con-noi\/wp-json\/wp\/v2\/users\/16"}],"replies":[{"embeddable":true,"href":"https:\/\/www.intesys.it\/lavora-con-noi\/wp-json\/wp\/v2\/comments?post=9007"}],"version-history":[{"count":10,"href":"https:\/\/www.intesys.it\/lavora-con-noi\/wp-json\/wp\/v2\/posts\/9007\/revisions"}],"predecessor-version":[{"id":10832,"href":"https:\/\/www.intesys.it\/lavora-con-noi\/wp-json\/wp\/v2\/posts\/9007\/revisions\/10832"}],"wp:featuredmedia":[{"embeddable":true,"href":"https:\/\/www.intesys.it\/lavora-con-noi\/wp-json\/wp\/v2\/media\/9028"}],"wp:attachment":[{"href":"https:\/\/www.intesys.it\/lavora-con-noi\/wp-json\/wp\/v2\/media?parent=9007"}],"wp:term":[{"taxonomy":"category","embeddable":true,"href":"https:\/\/www.intesys.it\/lavora-con-noi\/wp-json\/wp\/v2\/categories?post=9007"},{"taxonomy":"post_tag","embeddable":true,"href":"https:\/\/www.intesys.it\/lavora-con-noi\/wp-json\/wp\/v2\/tags?post=9007"}],"curies":[{"name":"wp","href":"https:\/\/api.w.org\/{rel}","templated":true}]}}